{"id":148,"date":"2019-04-01T07:41:35","date_gmt":"2019-04-01T07:41:35","guid":{"rendered":"https:\/\/photofri.ch\/pcfwp\/?p=148"},"modified":"2020-02-26T09:35:34","modified_gmt":"2020-02-26T08:35:34","slug":"munsingen-1-2019","status":"publish","type":"post","link":"https:\/\/photofri.ch\/pcfwp\/munsingen-1-2019\/","title":{"rendered":"M\u00fcnsingen (1\/2019)"},"content":{"rendered":"<p>[et_pb_section fb_built=\u00a0\u00bb1&Prime; _builder_version=\u00a0\u00bb3.22&Prime;][et_pb_row _builder_version=\u00a0\u00bb3.25&Prime; background_size=\u00a0\u00bbinitial\u00a0\u00bb background_position=\u00a0\u00bbtop_left\u00a0\u00bb background_repeat=\u00a0\u00bbrepeat\u00a0\u00bb][et_pb_column type=\u00a0\u00bb4_4&Prime; _builder_version=\u00a0\u00bb3.25&Prime; custom_padding=\u00a0\u00bb|||\u00a0\u00bb custom_padding__hover=\u00a0\u00bb|||\u00a0\u00bb][et_pb_text _builder_version=\u00a0\u00bb4.3.2&Prime; background_size=\u00a0\u00bbinitial\u00a0\u00bb background_position=\u00a0\u00bbtop_left\u00a0\u00bb background_repeat=\u00a0\u00bbrepeat\u00a0\u00bb hover_enabled=\u00a0\u00bb0&Prime;]<\/p>\n<p><strong>Concours 1 2019 &#8211; M\u00fcnsingen\u00a0<a id=\"toppage\"><\/a><\/strong><\/p>\n<p>Pour 2019, la proposition de PhotoClub Fribourg \u00e0 M\u00fcnsingen sera plus \u00e9labor\u00e9e. Nous vous demandons de r\u00e9aliser des tableaux (type M\u00fcnsingen) par petit groupe de 4 \u00e0 5 photographes.<\/p>\n<p>Ces tableaux seront imprim\u00e9s et tout le monde participera au jugement. Le tableau vainqueur sera la participation officielle du PCF.<\/p>\n<p>Nous installerons dans notre local des fiches pour permettre de cr\u00e9er des groupes.<\/p>\n<p>Les informations ci-dessous permettent d\u00e9j\u00e0 de commencer votre travail, La CA reste disponible pour des questions et\/ou remarques. N\u2019h\u00e9sitez pas \u00e0 demander de l\u2019aide \u00e0 d\u2019autres personnes pour la cr\u00e9ation du tableau, la marche \u00e0 suivre peut-\u00eatre un peu compliqu\u00e9e.<\/p>\n<p>Date du rendu: <strong>Lundi 14 janvier 2019<\/strong><\/p>\n<p>Date du Jugement et r\u00e9sultat: <strong>Lundi 28 janvier 2019<\/strong><\/p>\n<p><strong>Th\u00e8me 2019 \u00ab\u00a0Une histoire courte\u00a0\u00bb<\/strong><\/p>\n<p>\u00c9l\u00e9ments \u00e0 rendre:<\/p>\n<p><strong>-1 tableau en JPEG<\/strong> (selon standard M\u00fcnsingen)<\/p>\n<p><strong>-1 photo du groupe<\/strong><\/p>\n<p><strong>-liste de participants<\/strong><\/p>\n<p>La CA s\u2019occupera de r\u00e9aliser l\u2019impression des tableaux pour le Jugement.<\/p>\n<p>Information sur le rendu: <a href=\"https:\/\/cloud.photofri.ch\/index.php\/s\/YoCtAsJvia7LmJf\">https:\/\/cloud.photofri.ch\/index.php\/s\/YoCtAsJvia7LmJf<\/a><\/p>\n<p>Information sur tableau: <a href=\"https:\/\/cloud.photofri.ch\/index.php\/s\/Fqu1QtIOBoRKOGI\">https:\/\/cloud.photofri.ch\/index.php\/s\/Fqu1QtIOBoRKOGI<\/a><\/p>\n<p>Lien pour t\u00e9l\u00e9charger les tableaux: <a href=\"https:\/\/cloud.photofri.ch\/index.php\/s\/dFQVhD60heeaFbT\">https:\/\/cloud.photofri.ch\/index.php\/s\/dFQVhD60heeaFbT<\/a><\/p>\n<p>Compl\u00e9ment:<\/p>\n<p>Nombre de tableaux: Chaque groupe, pourra pr\u00e9senter autant de tableaux que le nombre de personnes. Jusqu&rsquo;\u00e0 cinq photographes ont pu pr\u00e9senter un maximum de cinq photos dans un travail d&rsquo;\u00e9quipe.<\/p>\n<p>Il est possible pour une personne de participer \u00e0 plusieurs groupe donc sur plusieurs tableaux (pour la note, c\u2019est le tableau avec le meilleur score qui compte)<\/p>\n<p>[\/et_pb_text][et_pb_slider use_bg_overlay=\u00a0\u00bboff\u00a0\u00bb _builder_version=\u00a0\u00bb4.0.6&Prime; header_level=\u00a0\u00bbh6&Prime; width=\u00a0\u00bb30%\u00a0\u00bb module_alignment=\u00a0\u00bbcenter\u00a0\u00bb min_height=\u00a0\u00bb300px\u00a0\u00bb custom_margin=\u00a0\u00bb||||true|true\u00a0\u00bb custom_padding=\u00a0\u00bb||||true|true\u00a0\u00bb][et_pb_slide heading=\u00a0\u00bbM\u00fcnsingen 2019&Prime; _builder_version=\u00a0\u00bb4.0.6&Prime; background_image=\u00a0\u00bbhttps:\/\/photofri.ch\/pcfwp\/wp-content\/uploads\/2019\/12\/PCF_sablier-1024&#215;1024.jpg\u00a0\u00bb background_enable_image=\u00a0\u00bbon\u00a0\u00bb][\/et_pb_slide][et_pb_slide heading=\u00a0\u00bbM\u00fcnsingen 2019&Prime; _builder_version=\u00a0\u00bb4.0.6&Prime; background_image=\u00a0\u00bbhttps:\/\/photofri.ch\/pcfwp\/wp-content\/uploads\/2019\/12\/5-05_oeufs-dfinitif-1024&#215;1024.jpg\u00a0\u00bb background_enable_image=\u00a0\u00bbon\u00a0\u00bb][\/et_pb_slide][et_pb_slide heading=\u00a0\u00bbM\u00fcnsingen 2019&Prime; _builder_version=\u00a0\u00bb4.0.6&Prime; background_image=\u00a0\u00bbhttps:\/\/photofri.ch\/pcfwp\/wp-content\/uploads\/2019\/12\/PCF_Montres_.jpg\u00a0\u00bb background_enable_image=\u00a0\u00bbon\u00a0\u00bb][\/et_pb_slide][et_pb_slide heading=\u00a0\u00bbM\u00fcnsingen 2019&Prime; _builder_version=\u00a0\u00bb4.0.6&Prime; background_image=\u00a0\u00bbhttps:\/\/photofri.ch\/pcfwp\/wp-content\/uploads\/2019\/12\/PCF_bb-1024&#215;1024.jpg\u00a0\u00bb background_enable_image=\u00a0\u00bbon\u00a0\u00bb][\/et_pb_slide][et_pb_slide heading=\u00a0\u00bbM\u00fcnsingen 2019&Prime; _builder_version=\u00a0\u00bb4.0.6&Prime; background_image=\u00a0\u00bbhttps:\/\/photofri.ch\/pcfwp\/wp-content\/uploads\/2019\/12\/PCF_bb-2-1024&#215;1024.jpg\u00a0\u00bb background_enable_image=\u00a0\u00bbon\u00a0\u00bb][\/et_pb_slide][et_pb_slide heading=\u00a0\u00bbM\u00fcnsingen 2019&Prime; _builder_version=\u00a0\u00bb4.0.6&Prime; background_image=\u00a0\u00bbhttps:\/\/photofri.ch\/pcfwp\/wp-content\/uploads\/2019\/12\/D_AEDV_Bulles_5-15-1024&#215;1024.jpeg\u00a0\u00bb background_enable_image=\u00a0\u00bbon\u00a0\u00bb][\/et_pb_slide][et_pb_slide heading=\u00a0\u00bbM\u00fcnsingen 2019&Prime; _builder_version=\u00a0\u00bb4.0.6&Prime; background_image=\u00a0\u00bbhttps:\/\/photofri.ch\/pcfwp\/wp-content\/uploads\/2019\/12\/Caf-frapp-1024&#215;1024.jpg\u00a0\u00bb background_enable_image=\u00a0\u00bbon\u00a0\u00bb][\/et_pb_slide][et_pb_slide heading=\u00a0\u00bbM\u00fcnsingen 2019&Prime; _builder_version=\u00a0\u00bb4.0.6&Prime; background_image=\u00a0\u00bbhttps:\/\/photofri.ch\/pcfwp\/wp-content\/uploads\/2019\/12\/C_AEDV_Patates_5-01-1024&#215;1024.jpeg\u00a0\u00bb background_enable_image=\u00a0\u00bbon\u00a0\u00bb][\/et_pb_slide][et_pb_slide heading=\u00a0\u00bbM\u00fcnsingen 2019&Prime; _builder_version=\u00a0\u00bb4.0.6&Prime; background_image=\u00a0\u00bbhttps:\/\/photofri.ch\/pcfwp\/wp-content\/uploads\/2019\/12\/B_AEDV_Bulles_5-11-1024&#215;1024.jpeg\u00a0\u00bb background_enable_image=\u00a0\u00bbon\u00a0\u00bb][\/et_pb_slide][et_pb_slide heading=\u00a0\u00bbM\u00fcnsingen 2019&Prime; _builder_version=\u00a0\u00bb4.0.6&Prime; background_image=\u00a0\u00bbhttps:\/\/photofri.ch\/pcfwp\/wp-content\/uploads\/2019\/12\/A_AEDV_Bulles-4-16-1024&#215;1024.jpeg\u00a0\u00bb background_enable_image=\u00a0\u00bbon\u00a0\u00bb][\/et_pb_slide][et_pb_slide heading=\u00a0\u00bbM\u00fcnsingen 2019&Prime; _builder_version=\u00a0\u00bb4.0.6&Prime; background_image=\u00a0\u00bbhttps:\/\/photofri.ch\/pcfwp\/wp-content\/uploads\/2019\/12\/5-05-champi-dfinitif-1024&#215;1024.jpg\u00a0\u00bb background_enable_image=\u00a0\u00bbon\u00a0\u00bb][\/et_pb_slide][et_pb_slide heading=\u00a0\u00bbM\u00fcnsingen 2019&Prime; _builder_version=\u00a0\u00bb4.0.6&Prime; background_image=\u00a0\u00bbhttps:\/\/photofri.ch\/pcfwp\/wp-content\/uploads\/2019\/12\/5-05_picnic-dfinitif-1024&#215;1024.jpg\u00a0\u00bb background_enable_image=\u00a0\u00bbon\u00a0\u00bb][\/et_pb_slide][\/et_pb_slider][et_pb_text admin_label=\u00a0\u00bbTexte\u00a0\u00bb _builder_version=\u00a0\u00bb4.0.6&Prime; background_size=\u00a0\u00bbinitial\u00a0\u00bb background_position=\u00a0\u00bbtop_left\u00a0\u00bb background_repeat=\u00a0\u00bbrepeat\u00a0\u00bb]<\/p>\n<p>&nbsp;<\/p>\n<p>R\u00e9sultats par groupes (<a href=\"https:\/\/web.photofri.ch\/index.php\/concours\/concours-2019\/munsingen-1-2019#Resultindivi\">r\u00e9sultats individuels en bas de page<\/a>)<\/p>\n<table style=\"height: 3872px;\" width=\"1045\">\n<tbody>\n<tr>\n<td><strong>Rang<\/strong><\/td>\n<td><strong>Titre<\/strong><\/td>\n<td><strong>Points<\/strong><\/td>\n<td><strong>Groupe<\/strong><\/td>\n<td>\u00a0<strong>Tableau<\/strong><\/td>\n<\/tr>\n<tr>\n<td><strong>\u00a01<\/strong><\/td>\n<td>\u00a0Oeufs<\/td>\n<td>\u00a0100.0<\/td>\n<td>\n<ul>\n<li>Sylvia Curty<\/li>\n<li>Monique Loup<\/li>\n<li>Lucienne Mauron<\/li>\n<li>Anne-Christine Schneetzer<\/li>\n<li>Markus Peissard<\/li>\n<\/ul>\n<\/td>\n<td><img loading=\"lazy\" decoding=\"async\" class=\"alignleft wp-image-1390\" src=\"https:\/\/photofri.ch\/pcfwp\/wp-content\/uploads\/2019\/06\/5-05_oeufs-dfinitif.jpg\" alt=\"\" width=\"400\" height=\"400\" srcset=\"https:\/\/photofri.ch\/pcfwp\/wp-content\/uploads\/2019\/06\/5-05_oeufs-dfinitif.jpg 1080w, https:\/\/photofri.ch\/pcfwp\/wp-content\/uploads\/2019\/06\/5-05_oeufs-dfinitif-150x150.jpg 150w, https:\/\/photofri.ch\/pcfwp\/wp-content\/uploads\/2019\/06\/5-05_oeufs-dfinitif-300x300.jpg 300w, https:\/\/photofri.ch\/pcfwp\/wp-content\/uploads\/2019\/06\/5-05_oeufs-dfinitif-768x768.jpg 768w, https:\/\/photofri.ch\/pcfwp\/wp-content\/uploads\/2019\/06\/5-05_oeufs-dfinitif-1024x1024.jpg 1024w\" sizes=\"(max-width: 400px) 100vw, 400px\" \/><\/td>\n<\/tr>\n<tr>\n<td><strong>2<\/strong><\/td>\n<td>Caf\u00e9 frapp\u00e9<\/td>\n<td>88.0<\/td>\n<td>\n<ul>\n<li>Christian Lepori<\/li>\n<li>Gys\u00e8le Cotting<\/li>\n<li>Pierre Joye<\/li>\n<li>Denis Marchel<\/li>\n<li>Pierre-Alain Carrel<\/li>\n<\/ul>\n<p>&nbsp;<\/p>\n<\/td>\n<td><img loading=\"lazy\" decoding=\"async\" class=\"wp-image-1389 alignleft\" src=\"https:\/\/photofri.ch\/pcfwp\/wp-content\/uploads\/2019\/06\/Caf-frapp-300x300.jpg\" alt=\"\" width=\"400\" height=\"400\" srcset=\"https:\/\/photofri.ch\/pcfwp\/wp-content\/uploads\/2019\/06\/Caf-frapp-300x300.jpg 300w, https:\/\/photofri.ch\/pcfwp\/wp-content\/uploads\/2019\/06\/Caf-frapp-150x150.jpg 150w, https:\/\/photofri.ch\/pcfwp\/wp-content\/uploads\/2019\/06\/Caf-frapp-768x768.jpg 768w, https:\/\/photofri.ch\/pcfwp\/wp-content\/uploads\/2019\/06\/Caf-frapp-1024x1024.jpg 1024w, https:\/\/photofri.ch\/pcfwp\/wp-content\/uploads\/2019\/06\/Caf-frapp.jpg 1080w\" sizes=\"(max-width: 400px) 100vw, 400px\" \/><\/td>\n<\/tr>\n<tr>\n<td><strong>3<\/strong><\/td>\n<td>Champignon<\/td>\n<td>86.9<\/td>\n<td>\n<ul>\n<li>Sylvia Curty<\/li>\n<li>Monique Loup<\/li>\n<li>Lucienne Mauron<\/li>\n<li>Anne-Christine Schneetzer<\/li>\n<li>Markus Peissard<\/li>\n<\/ul>\n<\/td>\n<td><img loading=\"lazy\" decoding=\"async\" class=\"wp-image-1388 alignleft\" src=\"https:\/\/photofri.ch\/pcfwp\/wp-content\/uploads\/2019\/06\/5-05-champi-dfinitif-300x300.jpg\" alt=\"\" width=\"400\" height=\"400\" srcset=\"https:\/\/photofri.ch\/pcfwp\/wp-content\/uploads\/2019\/06\/5-05-champi-dfinitif-300x300.jpg 300w, https:\/\/photofri.ch\/pcfwp\/wp-content\/uploads\/2019\/06\/5-05-champi-dfinitif-150x150.jpg 150w, https:\/\/photofri.ch\/pcfwp\/wp-content\/uploads\/2019\/06\/5-05-champi-dfinitif-768x768.jpg 768w, https:\/\/photofri.ch\/pcfwp\/wp-content\/uploads\/2019\/06\/5-05-champi-dfinitif-1024x1024.jpg 1024w, https:\/\/photofri.ch\/pcfwp\/wp-content\/uploads\/2019\/06\/5-05-champi-dfinitif.jpg 1080w\" sizes=\"(max-width: 400px) 100vw, 400px\" \/><\/td>\n<\/tr>\n<tr>\n<td><strong>4<\/strong><\/td>\n<td>Histoire sans fin<\/td>\n<td>83.4<\/td>\n<td>\n<ul>\n<li>Christian Renz<\/li>\n<li>Mathieu Ziegenhagen<\/li>\n<li>Pierre Joye<\/li>\n<li>Fr\u00e9d\u00e9ric Perriard<\/li>\n<\/ul>\n<\/td>\n<td><img loading=\"lazy\" decoding=\"async\" class=\"wp-image-1387 alignnone\" src=\"https:\/\/photofri.ch\/pcfwp\/wp-content\/uploads\/2019\/06\/PCF_sablier-300x300.jpg\" alt=\"\" width=\"400\" height=\"400\" srcset=\"https:\/\/photofri.ch\/pcfwp\/wp-content\/uploads\/2019\/06\/PCF_sablier-300x300.jpg 300w, https:\/\/photofri.ch\/pcfwp\/wp-content\/uploads\/2019\/06\/PCF_sablier-150x150.jpg 150w, https:\/\/photofri.ch\/pcfwp\/wp-content\/uploads\/2019\/06\/PCF_sablier-768x768.jpg 768w, https:\/\/photofri.ch\/pcfwp\/wp-content\/uploads\/2019\/06\/PCF_sablier-1024x1024.jpg 1024w, https:\/\/photofri.ch\/pcfwp\/wp-content\/uploads\/2019\/06\/PCF_sablier.jpg 1080w\" sizes=\"(max-width: 400px) 100vw, 400px\" \/><\/td>\n<\/tr>\n<tr>\n<td><strong>4<\/strong><\/td>\n<td>Courtes histoire du temps<\/td>\n<td>83.4<\/td>\n<td>\n<ul>\n<li>Christian Renz<\/li>\n<li>Mathieu Ziegenhagen<\/li>\n<li>Pierre Joye<\/li>\n<li>Fr\u00e9d\u00e9ric Perriard<\/li>\n<\/ul>\n<\/td>\n<td><img loading=\"lazy\" decoding=\"async\" class=\"alignleft wp-image-1386\" src=\"https:\/\/photofri.ch\/pcfwp\/wp-content\/uploads\/2019\/06\/PCF_Montres_bis-300x300.jpg\" alt=\"\" width=\"400\" height=\"400\" srcset=\"https:\/\/photofri.ch\/pcfwp\/wp-content\/uploads\/2019\/06\/PCF_Montres_bis-300x300.jpg 300w, https:\/\/photofri.ch\/pcfwp\/wp-content\/uploads\/2019\/06\/PCF_Montres_bis-150x150.jpg 150w, https:\/\/photofri.ch\/pcfwp\/wp-content\/uploads\/2019\/06\/PCF_Montres_bis-768x768.jpg 768w, https:\/\/photofri.ch\/pcfwp\/wp-content\/uploads\/2019\/06\/PCF_Montres_bis-1024x1024.jpg 1024w, https:\/\/photofri.ch\/pcfwp\/wp-content\/uploads\/2019\/06\/PCF_Montres_bis.jpg 1080w\" sizes=\"(max-width: 400px) 100vw, 400px\" \/><\/td>\n<\/tr>\n<tr>\n<td><strong>6<\/strong><\/td>\n<td>Bulles C<\/td>\n<td>82.3<\/td>\n<td>\n<ul>\n<li>Anne Olesen<\/li>\n<li>Elise Frioud<\/li>\n<li>Vincent Dinet<\/li>\n<li>Daniel Joss<\/li>\n<\/ul>\n<\/td>\n<td><img loading=\"lazy\" decoding=\"async\" class=\"alignleft wp-image-1385\" src=\"https:\/\/photofri.ch\/pcfwp\/wp-content\/uploads\/2019\/06\/D_AEDV_Bulles_5-15-300x300.jpeg\" alt=\"\" width=\"400\" height=\"400\" srcset=\"https:\/\/photofri.ch\/pcfwp\/wp-content\/uploads\/2019\/06\/D_AEDV_Bulles_5-15-300x300.jpeg 300w, https:\/\/photofri.ch\/pcfwp\/wp-content\/uploads\/2019\/06\/D_AEDV_Bulles_5-15-150x150.jpeg 150w, https:\/\/photofri.ch\/pcfwp\/wp-content\/uploads\/2019\/06\/D_AEDV_Bulles_5-15-768x768.jpeg 768w, https:\/\/photofri.ch\/pcfwp\/wp-content\/uploads\/2019\/06\/D_AEDV_Bulles_5-15-1024x1024.jpeg 1024w, https:\/\/photofri.ch\/pcfwp\/wp-content\/uploads\/2019\/06\/D_AEDV_Bulles_5-15.jpeg 1080w\" sizes=\"(max-width: 400px) 100vw, 400px\" \/><\/td>\n<\/tr>\n<tr>\n<td><strong>7<\/strong><\/td>\n<td>Bulles A<\/td>\n<td>80.0<\/td>\n<td>\n<ul>\n<li>Anne Olesen<\/li>\n<li>Elise Frioud<\/li>\n<li>Vincent Dinet<\/li>\n<li>Daniel Joss<\/li>\n<\/ul>\n<\/td>\n<td><img loading=\"lazy\" decoding=\"async\" class=\"wp-image-1384 alignleft\" src=\"https:\/\/photofri.ch\/pcfwp\/wp-content\/uploads\/2019\/06\/A_AEDV_Bulles-4-16-300x300.jpeg\" alt=\"\" width=\"400\" height=\"400\" srcset=\"https:\/\/photofri.ch\/pcfwp\/wp-content\/uploads\/2019\/06\/A_AEDV_Bulles-4-16-300x300.jpeg 300w, https:\/\/photofri.ch\/pcfwp\/wp-content\/uploads\/2019\/06\/A_AEDV_Bulles-4-16-150x150.jpeg 150w, https:\/\/photofri.ch\/pcfwp\/wp-content\/uploads\/2019\/06\/A_AEDV_Bulles-4-16-768x768.jpeg 768w, https:\/\/photofri.ch\/pcfwp\/wp-content\/uploads\/2019\/06\/A_AEDV_Bulles-4-16-1024x1024.jpeg 1024w, https:\/\/photofri.ch\/pcfwp\/wp-content\/uploads\/2019\/06\/A_AEDV_Bulles-4-16.jpeg 1080w\" sizes=\"(max-width: 400px) 100vw, 400px\" \/><\/td>\n<\/tr>\n<tr>\n<td><strong>8<\/strong><\/td>\n<td>Bulles B<\/td>\n<td>78.3<\/td>\n<td>\n<ul>\n<li>Anne Olesen<\/li>\n<li>Elise Frioud<\/li>\n<li>Vincent Dinet<\/li>\n<li>Daniel Joss<\/li>\n<\/ul>\n<\/td>\n<td><img loading=\"lazy\" decoding=\"async\" class=\"alignleft wp-image-1383\" src=\"https:\/\/photofri.ch\/pcfwp\/wp-content\/uploads\/2019\/06\/B_AEDV_Bulles_5-11-300x300.jpeg\" alt=\"\" width=\"400\" height=\"400\" srcset=\"https:\/\/photofri.ch\/pcfwp\/wp-content\/uploads\/2019\/06\/B_AEDV_Bulles_5-11-300x300.jpeg 300w, https:\/\/photofri.ch\/pcfwp\/wp-content\/uploads\/2019\/06\/B_AEDV_Bulles_5-11-150x150.jpeg 150w, https:\/\/photofri.ch\/pcfwp\/wp-content\/uploads\/2019\/06\/B_AEDV_Bulles_5-11-768x768.jpeg 768w, https:\/\/photofri.ch\/pcfwp\/wp-content\/uploads\/2019\/06\/B_AEDV_Bulles_5-11-1024x1024.jpeg 1024w, https:\/\/photofri.ch\/pcfwp\/wp-content\/uploads\/2019\/06\/B_AEDV_Bulles_5-11.jpeg 1080w\" sizes=\"(max-width: 400px) 100vw, 400px\" \/><\/td>\n<\/tr>\n<tr>\n<td><strong>9<\/strong><\/td>\n<td>Pique-nique<\/td>\n<td>74.9<\/td>\n<td>\n<ul>\n<li>Sylvia Curty<\/li>\n<li>Monique Loup<\/li>\n<li>Lucienne Mauron<\/li>\n<li>Anne-Christine Schneetzer<\/li>\n<li>Markus Peissard<\/li>\n<\/ul>\n<\/td>\n<td><img loading=\"lazy\" decoding=\"async\" class=\"wp-image-1382 alignnone\" src=\"https:\/\/photofri.ch\/pcfwp\/wp-content\/uploads\/2019\/06\/5-05_picnic-dfinitif-300x300.jpg\" alt=\"\" width=\"400\" height=\"400\" srcset=\"https:\/\/photofri.ch\/pcfwp\/wp-content\/uploads\/2019\/06\/5-05_picnic-dfinitif-300x300.jpg 300w, https:\/\/photofri.ch\/pcfwp\/wp-content\/uploads\/2019\/06\/5-05_picnic-dfinitif-150x150.jpg 150w, https:\/\/photofri.ch\/pcfwp\/wp-content\/uploads\/2019\/06\/5-05_picnic-dfinitif-768x768.jpg 768w, https:\/\/photofri.ch\/pcfwp\/wp-content\/uploads\/2019\/06\/5-05_picnic-dfinitif-1024x1024.jpg 1024w, https:\/\/photofri.ch\/pcfwp\/wp-content\/uploads\/2019\/06\/5-05_picnic-dfinitif.jpg 1080w\" sizes=\"(max-width: 400px) 100vw, 400px\" \/><\/td>\n<\/tr>\n<tr>\n<td><strong>10<\/strong><\/td>\n<td>Drame \u00e0 l\u2019arr\u00eate de bus (couple)<\/td>\n<td>73.7<\/td>\n<td>\n<ul>\n<li>Sun Li<\/li>\n<li>Christian Renz<\/li>\n<li>Mathieu Ziegenhagen<\/li>\n<li>Pierre Joye<\/li>\n<li>Fr\u00e9d\u00e9ric Perriard<\/li>\n<\/ul>\n<\/td>\n<td><img loading=\"lazy\" decoding=\"async\" class=\"alignleft wp-image-1381\" src=\"https:\/\/photofri.ch\/pcfwp\/wp-content\/uploads\/2019\/06\/PCF_bb-300x300.jpg\" alt=\"\" width=\"400\" height=\"400\" srcset=\"https:\/\/photofri.ch\/pcfwp\/wp-content\/uploads\/2019\/06\/PCF_bb-300x300.jpg 300w, https:\/\/photofri.ch\/pcfwp\/wp-content\/uploads\/2019\/06\/PCF_bb-150x150.jpg 150w, https:\/\/photofri.ch\/pcfwp\/wp-content\/uploads\/2019\/06\/PCF_bb-768x768.jpg 768w, https:\/\/photofri.ch\/pcfwp\/wp-content\/uploads\/2019\/06\/PCF_bb-1024x1024.jpg 1024w, https:\/\/photofri.ch\/pcfwp\/wp-content\/uploads\/2019\/06\/PCF_bb.jpg 1080w\" sizes=\"(max-width: 400px) 100vw, 400px\" \/><\/td>\n<\/tr>\n<tr>\n<td><strong>11<\/strong><\/td>\n<td>Patates<\/td>\n<td>70.3<\/td>\n<td>\n<ul>\n<li>Anne Olesen<\/li>\n<li>Elise Frioud<\/li>\n<li>Vincent Dinet<\/li>\n<li>Daniel Joss<\/li>\n<\/ul>\n<\/td>\n<td><img loading=\"lazy\" decoding=\"async\" class=\"alignleft wp-image-1380\" src=\"https:\/\/photofri.ch\/pcfwp\/wp-content\/uploads\/2019\/06\/C_AEDV_Patates_5-01-300x300.jpeg\" alt=\"\" width=\"400\" height=\"400\" srcset=\"https:\/\/photofri.ch\/pcfwp\/wp-content\/uploads\/2019\/06\/C_AEDV_Patates_5-01-300x300.jpeg 300w, https:\/\/photofri.ch\/pcfwp\/wp-content\/uploads\/2019\/06\/C_AEDV_Patates_5-01-150x150.jpeg 150w, https:\/\/photofri.ch\/pcfwp\/wp-content\/uploads\/2019\/06\/C_AEDV_Patates_5-01-768x768.jpeg 768w, https:\/\/photofri.ch\/pcfwp\/wp-content\/uploads\/2019\/06\/C_AEDV_Patates_5-01-1024x1024.jpeg 1024w, https:\/\/photofri.ch\/pcfwp\/wp-content\/uploads\/2019\/06\/C_AEDV_Patates_5-01.jpeg 1080w\" sizes=\"(max-width: 400px) 100vw, 400px\" \/><\/td>\n<\/tr>\n<tr>\n<td><strong>12<\/strong><\/td>\n<td>Drame l&rsquo;arr\u00eat de bus (femme)<\/td>\n<td>69.2<\/td>\n<td>\n<ul>\n<li>Sun Li<\/li>\n<li>Christian Renz<\/li>\n<li>Mathieu Ziegenhagen<\/li>\n<li>Pierre Joye<\/li>\n<li>Fr\u00e9d\u00e9ric Perriard<\/li>\n<\/ul>\n<\/td>\n<td><img loading=\"lazy\" decoding=\"async\" class=\"alignleft wp-image-1379\" src=\"https:\/\/photofri.ch\/pcfwp\/wp-content\/uploads\/2019\/06\/PCF_bb-2-300x300.jpg\" alt=\"\" width=\"400\" height=\"400\" srcset=\"https:\/\/photofri.ch\/pcfwp\/wp-content\/uploads\/2019\/06\/PCF_bb-2-300x300.jpg 300w, https:\/\/photofri.ch\/pcfwp\/wp-content\/uploads\/2019\/06\/PCF_bb-2-150x150.jpg 150w, https:\/\/photofri.ch\/pcfwp\/wp-content\/uploads\/2019\/06\/PCF_bb-2-768x768.jpg 768w, https:\/\/photofri.ch\/pcfwp\/wp-content\/uploads\/2019\/06\/PCF_bb-2-1024x1024.jpg 1024w, https:\/\/photofri.ch\/pcfwp\/wp-content\/uploads\/2019\/06\/PCF_bb-2.jpg 1080w\" sizes=\"(max-width: 400px) 100vw, 400px\" \/><\/td>\n<\/tr>\n<\/tbody>\n<\/table>\n<p>&nbsp;<\/p>\n<p>R\u00e9sultats individuels (<a href=\"https:\/\/web.photofri.ch\/index.php\/concours\/concours-2019\/munsingen-1-2019#resultgroup\">retour aux r\u00e9sultats par groupe<\/a>)<\/p>\n<table style=\"height: 390px;\" width=\"998\">\n<tbody>\n<tr>\n<td><strong>Rang<\/strong><\/td>\n<td><strong>Pr\u00e9nom Nom<\/strong><\/td>\n<td><strong>Points<\/strong><\/td>\n<\/tr>\n<tr>\n<td><strong>\u00a01<\/strong><\/td>\n<td>\u00a0Sylvia Curty<\/td>\n<td>100<\/td>\n<\/tr>\n<tr>\n<td><strong>1<\/strong><\/td>\n<td>Monique Loup<\/td>\n<td>100<\/td>\n<\/tr>\n<tr>\n<td><strong>1<\/strong><\/td>\n<td>Lucienne Mauron<\/td>\n<td>100<\/td>\n<\/tr>\n<tr>\n<td><strong>1<\/strong><\/td>\n<td>Anne-Christine Schneetzer<\/td>\n<td>100<\/td>\n<\/tr>\n<tr>\n<td><strong>1<\/strong><\/td>\n<td>Markus Peissard<\/td>\n<td>100<\/td>\n<\/tr>\n<tr>\n<td><strong>6<\/strong><\/td>\n<td>Christian Lepori<\/td>\n<td>88<\/td>\n<\/tr>\n<tr>\n<td><strong>6<\/strong><\/td>\n<td>Gys\u00e8le Cotting<\/td>\n<td>88<\/td>\n<\/tr>\n<tr>\n<td><strong>6<\/strong><\/td>\n<td>Pierre Joye<\/td>\n<td>88<\/td>\n<\/tr>\n<tr>\n<td><strong>6<\/strong><\/td>\n<td>Denis Marchel<\/td>\n<td>88<\/td>\n<\/tr>\n<tr>\n<td><strong>6<\/strong><\/td>\n<td>Pierre-Alain Carrel<\/td>\n<td>88<\/td>\n<\/tr>\n<tr>\n<td><strong>10<\/strong><\/td>\n<td>Christian Renz<\/td>\n<td>83<\/td>\n<\/tr>\n<tr>\n<td><strong>10<\/strong><\/td>\n<td>Mathieu Ziegenhagen<\/td>\n<td>83<\/td>\n<\/tr>\n<tr>\n<td><strong>10<\/strong><\/td>\n<td>Fr\u00e9d\u00e9ric Perriard<\/td>\n<td>83<\/td>\n<\/tr>\n<tr>\n<td><strong>13<\/strong><\/td>\n<td>Anne Olesen<\/td>\n<td>82<\/td>\n<\/tr>\n<tr>\n<td><strong>13<\/strong><\/td>\n<td>Elise Frioud<\/td>\n<td>82<\/td>\n<\/tr>\n<tr>\n<td><strong>13<\/strong><\/td>\n<td>Vincent Dinet<\/td>\n<td>82<\/td>\n<\/tr>\n<tr>\n<td><strong>13<\/strong><\/td>\n<td>Daniel Joss<\/td>\n<td>82<\/td>\n<\/tr>\n<tr>\n<td><strong>17<\/strong><\/td>\n<td>Sun Li<\/td>\n<td>74<\/td>\n<\/tr>\n<\/tbody>\n<\/table>\n<p>[\/et_pb_text][\/et_pb_column][\/et_pb_row][\/et_pb_section]<\/p>\n","protected":false},"excerpt":{"rendered":"<p>\u00ab\u00a0Une nouvelle\u00a0\u00bb est le th\u00e8me du grand concours photo club pour le tr\u00e8s convoit\u00e9 \u00ab\u00a0Photo M\u00fcnsingen Award 2019\u00a0\u00bb.<br \/>\nLes groupes peuvent laisser libre cours \u00e0 leur cr\u00e9ativit\u00e9 sur le sujet et la mise en \u0153uvre correspondante. <\/p>\n","protected":false},"author":2,"featured_media":1390,"comment_status":"closed","ping_status":"closed","sticky":false,"template":"","format":"standard","meta":{"_et_pb_use_builder":"on","_et_pb_old_content":"<p><strong>Concours 1 2019 - M\u00fcnsingen\u00a0<a id=\"toppage\"><\/a><\/strong><\/p><p>Pour 2019, la proposition de PhotoClub Fribourg \u00e0 M\u00fcnsingen sera plus \u00e9labor\u00e9e. Nous vous demandons de r\u00e9aliser des tableaux (type M\u00fcnsingen) par petit groupe de 4 \u00e0 5 photographes.<\/p><p>Ces tableaux seront imprim\u00e9s et tout le monde participera au jugement. Le tableau vainqueur sera la participation officielle du PCF.<\/p><p>Nous installerons dans notre local des fiches pour permettre de cr\u00e9er des groupes.<\/p><p>Les informations ci-dessous permettent d\u00e9j\u00e0 de commencer votre travail, La CA reste disponible pour des questions et\/ou remarques. N\u2019h\u00e9sitez pas \u00e0 demander de l\u2019aide \u00e0 d\u2019autres personnes pour la cr\u00e9ation du tableau, la marche \u00e0 suivre peut-\u00eatre un peu compliqu\u00e9e.<\/p><p>Date du rendu: <strong>Lundi 14 janvier 2019<\/strong><\/p><p>Date du Jugement et r\u00e9sultat: <strong>Lundi 28 janvier 2019<\/strong><\/p><p><strong>Th\u00e8me 2019 \u00ab\u00a0Une histoire courte\u00a0\u00bb<\/strong><\/p><p>\u00c9l\u00e9ments \u00e0 rendre:<\/p><p><strong>-1 tableau en JPEG<\/strong> (selon standard M\u00fcnsingen)<\/p><p><strong>-1 photo du groupe<\/strong><\/p><p><strong>-liste de participants<\/strong><\/p><p>La CA s\u2019occupera de r\u00e9aliser l\u2019impression des tableaux pour le Jugement.<\/p><p>Information sur le rendu: <a href=\"https:\/\/cloud.photofri.ch\/index.php\/s\/YoCtAsJvia7LmJf\">https:\/\/cloud.photofri.ch\/index.php\/s\/YoCtAsJvia7LmJf<\/a><\/p><p>Information sur tableau: <a href=\"https:\/\/cloud.photofri.ch\/index.php\/s\/Fqu1QtIOBoRKOGI\">https:\/\/cloud.photofri.ch\/index.php\/s\/Fqu1QtIOBoRKOGI<\/a><\/p><p>Lien pour t\u00e9l\u00e9charger les tableaux: <a href=\"https:\/\/cloud.photofri.ch\/index.php\/s\/dFQVhD60heeaFbT\">https:\/\/cloud.photofri.ch\/index.php\/s\/dFQVhD60heeaFbT<\/a><\/p><p>Compl\u00e9ment:<\/p><p>Nombre de tableaux: Chaque groupe, pourra pr\u00e9senter autant de tableaux que le nombre de personnes (groupe de 5, max. 5 tableaux\u2026)<\/p><p>Il est possible pour une personne de participer \u00e0 plusieurs groupe donc sur plusieurs tableaux (pour la note, c\u2019est le tableau avec le meilleur score qui compte)<\/p><p>R\u00e9sultats par groupes (<a href=\"https:\/\/web.photofri.ch\/index.php\/concours\/concours-2019\/munsingen-1-2019#Resultindivi\">r\u00e9sultats individuels en bas de page<\/a>)<\/p><table style=\"height: 3872px;\" width=\"1045\"><tbody><tr><td><strong>Rang<\/strong><\/td><td><strong>Titre<\/strong><\/td><td><strong>Points<\/strong><\/td><td><strong>Groupe<\/strong><\/td><td>\u00a0<strong>Tableau<\/strong><\/td><\/tr><tr><td><strong>\u00a01<\/strong><\/td><td>\u00a0Oeufs<\/td><td>\u00a0100.0<\/td><td><ul><li>Sylvia Curty<\/li><li>Monique Loup<\/li><li>Lucienne Mauron<\/li><li>Anne-Christine Schneetzer<\/li><li>Markus Peissard<\/li><\/ul><\/td><td><img class=\"alignleft wp-image-1390\" src=\"https:\/\/photofri.ch\/pcfwp\/wp-content\/uploads\/2019\/06\/5-05_oeufs-dfinitif.jpg\" alt=\"\" width=\"400\" height=\"400\" \/><\/td><\/tr><tr><td><strong>2<\/strong><\/td><td>Caf\u00e9 frapp\u00e9<\/td><td>88.0<\/td><td><ul><li>Christian Lepori<\/li><li>Gys\u00e8le Cotting<\/li><li>Pierre Joye<\/li><li>Denis Marchel<\/li><li>Pierre-Alain Carrel<\/li><\/ul><p>\u00a0<\/p><\/td><td><img class=\"wp-image-1389 alignleft\" src=\"https:\/\/photofri.ch\/pcfwp\/wp-content\/uploads\/2019\/06\/Caf-frapp-300x300.jpg\" alt=\"\" width=\"400\" height=\"400\" \/><\/td><\/tr><tr><td><strong>3<\/strong><\/td><td>Champignon<\/td><td>86.9<\/td><td><ul><li>Sylvia Curty<\/li><li>Monique Loup<\/li><li>Lucienne Mauron<\/li><li>Anne-Christine Schneetzer<\/li><li>Markus Peissard<\/li><\/ul><\/td><td><img class=\"wp-image-1388 alignleft\" src=\"https:\/\/photofri.ch\/pcfwp\/wp-content\/uploads\/2019\/06\/5-05-champi-dfinitif-300x300.jpg\" alt=\"\" width=\"400\" height=\"400\" \/><\/td><\/tr><tr><td><strong>4<\/strong><\/td><td>Histoire sans fin<\/td><td>83.4<\/td><td><ul><li>Christian Renz<\/li><li>Mathieu Ziegenhagen<\/li><li>Pierre Joye<\/li><li>Fr\u00e9d\u00e9ric Perriard<\/li><\/ul><\/td><td><img class=\"wp-image-1387 alignnone\" src=\"https:\/\/photofri.ch\/pcfwp\/wp-content\/uploads\/2019\/06\/PCF_sablier-300x300.jpg\" alt=\"\" width=\"400\" height=\"400\" \/><\/td><\/tr><tr><td><strong>4<\/strong><\/td><td>Courtes histoire du temps<\/td><td>83.4<\/td><td><ul><li>Christian Renz<\/li><li>Mathieu Ziegenhagen<\/li><li>Pierre Joye<\/li><li>Fr\u00e9d\u00e9ric Perriard<\/li><\/ul><\/td><td><img class=\"alignleft wp-image-1386\" src=\"https:\/\/photofri.ch\/pcfwp\/wp-content\/uploads\/2019\/06\/PCF_Montres_bis-300x300.jpg\" alt=\"\" width=\"400\" height=\"400\" \/><\/td><\/tr><tr><td><strong>6<\/strong><\/td><td>Bulles C<\/td><td>82.3<\/td><td><ul><li>Anne Olesen<\/li><li>Elise Frioud<\/li><li>Vincent Dinet<\/li><li>Daniel Joss<\/li><\/ul><\/td><td><img class=\"alignleft wp-image-1385\" src=\"https:\/\/photofri.ch\/pcfwp\/wp-content\/uploads\/2019\/06\/D_AEDV_Bulles_5-15-300x300.jpeg\" alt=\"\" width=\"400\" height=\"400\" \/><\/td><\/tr><tr><td><strong>7<\/strong><\/td><td>Bulles A<\/td><td>80.0<\/td><td><ul><li>Anne Olesen<\/li><li>Elise Frioud<\/li><li>Vincent Dinet<\/li><li>Daniel Joss<\/li><\/ul><\/td><td><img class=\"wp-image-1384 alignleft\" src=\"https:\/\/photofri.ch\/pcfwp\/wp-content\/uploads\/2019\/06\/A_AEDV_Bulles-4-16-300x300.jpeg\" alt=\"\" width=\"400\" height=\"400\" \/><\/td><\/tr><tr><td><strong>8<\/strong><\/td><td>Bulles B<\/td><td>78.3<\/td><td><ul><li>Anne Olesen<\/li><li>Elise Frioud<\/li><li>Vincent Dinet<\/li><li>Daniel Joss<\/li><\/ul><\/td><td><img class=\"alignleft wp-image-1383\" src=\"https:\/\/photofri.ch\/pcfwp\/wp-content\/uploads\/2019\/06\/B_AEDV_Bulles_5-11-300x300.jpeg\" alt=\"\" width=\"400\" height=\"400\" \/><\/td><\/tr><tr><td><strong>9<\/strong><\/td><td>Pique-nique<\/td><td>74.9<\/td><td><ul><li>Sylvia Curty<\/li><li>Monique Loup<\/li><li>Lucienne Mauron<\/li><li>Anne-Christine Schneetzer<\/li><li>Markus Peissard<\/li><\/ul><\/td><td><img class=\"wp-image-1382 alignnone\" src=\"https:\/\/photofri.ch\/pcfwp\/wp-content\/uploads\/2019\/06\/5-05_picnic-dfinitif-300x300.jpg\" alt=\"\" width=\"400\" height=\"400\" \/><\/td><\/tr><tr><td><strong>10<\/strong><\/td><td>Drame \u00e0 l\u2019arr\u00eate de bus (couple)<\/td><td>73.7<\/td><td><ul><li>Sun Li<\/li><li>Christian Renz<\/li><li>Mathieu Ziegenhagen<\/li><li>Pierre Joye<\/li><li>Fr\u00e9d\u00e9ric Perriard<\/li><\/ul><\/td><td><img class=\"alignleft wp-image-1381\" src=\"https:\/\/photofri.ch\/pcfwp\/wp-content\/uploads\/2019\/06\/PCF_bb-300x300.jpg\" alt=\"\" width=\"400\" height=\"400\" \/><\/td><\/tr><tr><td><strong>11<\/strong><\/td><td>Patates<\/td><td>70.3<\/td><td><ul><li>Anne Olesen<\/li><li>Elise Frioud<\/li><li>Vincent Dinet<\/li><li>Daniel Joss<\/li><\/ul><\/td><td><img class=\"alignleft wp-image-1380\" src=\"https:\/\/photofri.ch\/pcfwp\/wp-content\/uploads\/2019\/06\/C_AEDV_Patates_5-01-300x300.jpeg\" alt=\"\" width=\"400\" height=\"400\" \/><\/td><\/tr><tr><td><strong>12<\/strong><\/td><td>Drame l'arr\u00eat de bus (femme)<\/td><td>69.2<\/td><td><ul><li>Sun Li<\/li><li>Christian Renz<\/li><li>Mathieu Ziegenhagen<\/li><li>Pierre Joye<\/li><li>Fr\u00e9d\u00e9ric Perriard<\/li><\/ul><\/td><td><img class=\"alignleft wp-image-1379\" src=\"https:\/\/photofri.ch\/pcfwp\/wp-content\/uploads\/2019\/06\/PCF_bb-2-300x300.jpg\" alt=\"\" width=\"400\" height=\"400\" \/><\/td><\/tr><\/tbody><\/table><p>\u00a0<\/p><p>R\u00e9sultats individuels (<a href=\"https:\/\/web.photofri.ch\/index.php\/concours\/concours-2019\/munsingen-1-2019#resultgroup\">retour aux r\u00e9sultats par groupe<\/a>)<\/p><table style=\"height: 390px;\" width=\"998\"><tbody><tr><td><strong>Rang<\/strong><\/td><td><strong>Pr\u00e9nom Nom<\/strong><\/td><td><strong>Points<\/strong><\/td><\/tr><tr><td><strong>\u00a01<\/strong><\/td><td>\u00a0Sylvia Curty<\/td><td>100<\/td><\/tr><tr><td><strong>1<\/strong><\/td><td>Monique Loup<\/td><td>100<\/td><\/tr><tr><td><strong>1<\/strong><\/td><td>Lucienne Mauron<\/td><td>100<\/td><\/tr><tr><td><strong>1<\/strong><\/td><td>Anne-Christine Schneetzer<\/td><td>100<\/td><\/tr><tr><td><strong>1<\/strong><\/td><td>Markus Peissard<\/td><td>100<\/td><\/tr><tr><td><strong>6<\/strong><\/td><td>Christian Lepori<\/td><td>88<\/td><\/tr><tr><td><strong>6<\/strong><\/td><td>Gys\u00e8le Cotting<\/td><td>88<\/td><\/tr><tr><td><strong>6<\/strong><\/td><td>Pierre Joye<\/td><td>88<\/td><\/tr><tr><td><strong>6<\/strong><\/td><td>Denis Marchel<\/td><td>88<\/td><\/tr><tr><td><strong>6<\/strong><\/td><td>Pierre-Alain Carrel<\/td><td>88<\/td><\/tr><tr><td><strong>10<\/strong><\/td><td>Christian Renz<\/td><td>83<\/td><\/tr><tr><td><strong>10<\/strong><\/td><td>Mathieu Ziegenhagen<\/td><td>83<\/td><\/tr><tr><td><strong>10<\/strong><\/td><td>Fr\u00e9d\u00e9ric Perriard<\/td><td>83<\/td><\/tr><tr><td><strong>13<\/strong><\/td><td>Anne Olesen<\/td><td>82<\/td><\/tr><tr><td><strong>13<\/strong><\/td><td>Elise Frioud<\/td><td>82<\/td><\/tr><tr><td><strong>13<\/strong><\/td><td>Vincent Dinet<\/td><td>82<\/td><\/tr><tr><td><strong>13<\/strong><\/td><td>Daniel Joss<\/td><td>82<\/td><\/tr><tr><td><strong>17<\/strong><\/td><td>Sun Li<\/td><td>74<\/td><\/tr><\/tbody><\/table>","_et_gb_content_width":"","footnotes":""},"categories":[8],"tags":[],"class_list":["post-148","post","type-post","status-publish","format-standard","has-post-thumbnail","hentry","category-concours-2019"],"_links":{"self":[{"href":"https:\/\/photofri.ch\/pcfwp\/wp-json\/wp\/v2\/posts\/148","targetHints":{"allow":["GET"]}}],"collection":[{"href":"https:\/\/photofri.ch\/pcfwp\/wp-json\/wp\/v2\/posts"}],"about":[{"href":"https:\/\/photofri.ch\/pcfwp\/wp-json\/wp\/v2\/types\/post"}],"author":[{"embeddable":true,"href":"https:\/\/photofri.ch\/pcfwp\/wp-json\/wp\/v2\/users\/2"}],"replies":[{"embeddable":true,"href":"https:\/\/photofri.ch\/pcfwp\/wp-json\/wp\/v2\/comments?post=148"}],"version-history":[{"count":35,"href":"https:\/\/photofri.ch\/pcfwp\/wp-json\/wp\/v2\/posts\/148\/revisions"}],"predecessor-version":[{"id":4419,"href":"https:\/\/photofri.ch\/pcfwp\/wp-json\/wp\/v2\/posts\/148\/revisions\/4419"}],"wp:featuredmedia":[{"embeddable":true,"href":"https:\/\/photofri.ch\/pcfwp\/wp-json\/wp\/v2\/media\/1390"}],"wp:attachment":[{"href":"https:\/\/photofri.ch\/pcfwp\/wp-json\/wp\/v2\/media?parent=148"}],"wp:term":[{"taxonomy":"category","embeddable":true,"href":"https:\/\/photofri.ch\/pcfwp\/wp-json\/wp\/v2\/categories?post=148"},{"taxonomy":"post_tag","embeddable":true,"href":"https:\/\/photofri.ch\/pcfwp\/wp-json\/wp\/v2\/tags?post=148"}],"curies":[{"name":"wp","href":"https:\/\/api.w.org\/{rel}","templated":true}]}}