{"id":150,"date":"2019-03-01T07:42:24","date_gmt":"2019-03-01T07:42:24","guid":{"rendered":"https:\/\/photofri.ch\/pcfwp\/?p=150"},"modified":"2019-12-16T20:49:43","modified_gmt":"2019-12-16T19:49:43","slug":"nos-amis-les-animaux-2-2019","status":"publish","type":"post","link":"https:\/\/photofri.ch\/pcfwp\/nos-amis-les-animaux-2-2019\/","title":{"rendered":"Nos amis les animaux (2\/2019)"},"content":{"rendered":"<p>[et_pb_section fb_built=\u00a0\u00bb1&Prime; admin_label=\u00a0\u00bbsection\u00a0\u00bb _builder_version=\u00a0\u00bb3.22&Prime;][et_pb_row admin_label=\u00a0\u00bbrow\u00a0\u00bb _builder_version=\u00a0\u00bb3.25&Prime; background_size=\u00a0\u00bbinitial\u00a0\u00bb background_position=\u00a0\u00bbtop_left\u00a0\u00bb background_repeat=\u00a0\u00bbrepeat\u00a0\u00bb][et_pb_column type=\u00a0\u00bb4_4&Prime; _builder_version=\u00a0\u00bb3.25&Prime; custom_padding=\u00a0\u00bb|||\u00a0\u00bb custom_padding__hover=\u00a0\u00bb|||\u00a0\u00bb][et_pb_text admin_label=\u00a0\u00bbText\u00a0\u00bb _builder_version=\u00a0\u00bb4.0.9&Prime; background_size=\u00a0\u00bbinitial\u00a0\u00bb background_position=\u00a0\u00bbtop_left\u00a0\u00bb background_repeat=\u00a0\u00bbrepeat\u00a0\u00bb hover_enabled=\u00a0\u00bb0&Prime;]<\/p>\n<p><strong>Concours 2 \u00ab Nos amis les animaux \u00bb<\/strong><\/p>\n<p>0 ou 1&rsquo;000 pattes, ils auront<\/p>\n<p>Bien vivants ils seront<\/p>\n<p>En photo ils nous r\u00e9jouiront<\/p>\n    <div id=\"bwg_container1_0\"         class=\"bwg_container bwg_thumbnail bwg_thumbnails_mosaic \"         data-right-click-protection=\"1\"         data-bwg=\"0\"         data-scroll=\"0\"         data-gallery-type=\"thumbnails_mosaic\"         data-gallery-view-type=\"thumbnails_mosaic\"         data-current-url=\"\/pcfwp\/wp-json\/wp\/v2\/posts\/150\"         data-lightbox-url=\"https:\/\/photofri.ch\/pcfwp\/wp-admin\/admin-ajax.php?action=GalleryBox&#038;current_view=0&#038;gallery_id=43&#038;tag=0&#038;theme_id=1&#038;shortcode_id=324&#038;sort_by=order&#038;order_by=asc&#038;current_url=%2Fpcfwp%2Fwp-json%2Fwp%2Fv2%2Fposts%2F150\"         data-gallery-id=\"43\"         data-popup-width=\"800\"         data-popup-height=\"500\"         data-is-album=\"gallery\"         data-buttons-position=\"bottom\">      <div id=\"bwg_container2_0\">             <div id=\"ajax_loading_0\" class=\"bwg_loading_div_1\">      <div class=\"bwg_loading_div_2\">        <div class=\"bwg_loading_div_3\">          <div id=\"loading_div_0\" class=\"bwg_spider_ajax_loading\">          <\/div>        <\/div>      <\/div>    <\/div>            <form id=\"gal_front_form_0\"              class=\"bwg-hidden\"              method=\"post\"              action=\"#\"              data-current=\"0\"              data-shortcode-id=\"324\"              data-gallery-type=\"thumbnails_mosaic\"              data-gallery-id=\"43\"              data-tag=\"0\"              data-album-id=\"0\"              data-theme-id=\"1\"              data-ajax-url=\"https:\/\/photofri.ch\/pcfwp\/wp-admin\/admin-ajax.php?action=bwg_frontend_data\">          <div id=\"bwg_container3_0\" class=\"bwg-background bwg-background-0\">                <div id=\"bwg_mosaic_thumbnails_div_0\"         class=\"bwg-container-0 bwg-container bwg-mosaic-thumbnails\"         data-bwg=\"0\"         data-mosaic-direction=\"vertical\"         data-resizable=\"0\"         data-width=\"250\"         data-height=\"250\"         data-total-width=\"100\"         data-block-id=\"bwg_thumbnails_mosaic_0\"         data-thumb-padding=\"4\"         data-thumb-border=\"0\"         data-title-margin=\"2px\"         data-image-title=\"none\"         data-play-icon=\"1\"         data-ecommerce-icon=\"undefined\"         data-gallery-id=\"43\"         data-lightbox-url=\"https:\/\/photofri.ch\/pcfwp\/wp-admin\/admin-ajax.php?action=GalleryBox&#038;current_view=0&#038;gallery_id=43&#038;tag=0&#038;theme_id=1&#038;shortcode_id=324&#038;sort_by=order&#038;order_by=asc&#038;current_url=%2Fpcfwp%2Fwp-json%2Fwp%2Fv2%2Fposts%2F150\"         data-mosaic-thumb-transition=\"1\"         style=\"visibility: hidden\" >      <div id=\"bwg_thumbnails_mosaic_0\" class=\"bwg_mosaic_thumbnails_0\">                  <a  class=\"bwg-a bwg_lightbox bwg_lightbox_0\" href=\"https:\/\/photofri.ch\/pcfwp\/wp-content\/uploads\/photo-gallery\/Administration\/2_2019_Nos_amis_les_animaux\/concours_2019-2-4.jpg?bwg=1586278551\" data-image-id=\"1470\" data-elementor-open-lightbox=\"no\">          <div class=\"bwg_mosaic_thumb_spun_0 bwg-item0 bwg-mosaic-thumb-span \">            <img decoding=\"async\" class=\"bwg_mosaic_thumb_0 skip-lazy bwg_img_clear bwg_img_custom \"                 id=\"1470\"                 src=\"https:\/\/photofri.ch\/pcfwp\/wp-content\/uploads\/photo-gallery\/Administration\/2_2019_Nos_amis_les_animaux\/thumb\/concours_2019-2-4.jpg?bwg=1586278551\"                 data-src=\"https:\/\/photofri.ch\/pcfwp\/wp-content\/uploads\/photo-gallery\/Administration\/2_2019_Nos_amis_les_animaux\/thumb\/concours_2019-2-4.jpg?bwg=1586278551\"                 data-width=\"500\"                 data-height=\"281\"                 alt=\"concours 2019-2-4\"                 title=\"concours 2019-2-4\" \/>                      <\/div>        <\/a>                <a  class=\"bwg-a bwg_lightbox bwg_lightbox_0\" href=\"https:\/\/photofri.ch\/pcfwp\/wp-content\/uploads\/photo-gallery\/Administration\/2_2019_Nos_amis_les_animaux\/concours_2019-02-03_alain.jpg?bwg=1586278551\" data-image-id=\"1469\" data-elementor-open-lightbox=\"no\">          <div class=\"bwg_mosaic_thumb_spun_0 bwg-item0 bwg-mosaic-thumb-span \">            <img decoding=\"async\" class=\"bwg_mosaic_thumb_0 skip-lazy bwg_img_clear bwg_img_custom \"                 id=\"1469\"                 src=\"https:\/\/photofri.ch\/pcfwp\/wp-content\/uploads\/photo-gallery\/Administration\/2_2019_Nos_amis_les_animaux\/thumb\/concours_2019-02-03_alain.jpg?bwg=1586278551\"                 data-src=\"https:\/\/photofri.ch\/pcfwp\/wp-content\/uploads\/photo-gallery\/Administration\/2_2019_Nos_amis_les_animaux\/thumb\/concours_2019-02-03_alain.jpg?bwg=1586278551\"                 data-width=\"500\"                 data-height=\"281\"                 alt=\"concours 2019-02-03 alain\"                 title=\"concours 2019-02-03 alain\" \/>                      <\/div>        <\/a>                <a  class=\"bwg-a bwg_lightbox bwg_lightbox_0\" href=\"https:\/\/photofri.ch\/pcfwp\/wp-content\/uploads\/photo-gallery\/Administration\/2_2019_Nos_amis_les_animaux\/concours_2019-2-1.jpg?bwg=1586278551\" data-image-id=\"1468\" data-elementor-open-lightbox=\"no\">          <div class=\"bwg_mosaic_thumb_spun_0 bwg-item0 bwg-mosaic-thumb-span \">            <img decoding=\"async\" class=\"bwg_mosaic_thumb_0 skip-lazy bwg_img_clear bwg_img_custom \"                 id=\"1468\"                 src=\"https:\/\/photofri.ch\/pcfwp\/wp-content\/uploads\/photo-gallery\/Administration\/2_2019_Nos_amis_les_animaux\/thumb\/concours_2019-2-1.jpg?bwg=1586278551\"                 data-src=\"https:\/\/photofri.ch\/pcfwp\/wp-content\/uploads\/photo-gallery\/Administration\/2_2019_Nos_amis_les_animaux\/thumb\/concours_2019-2-1.jpg?bwg=1586278551\"                 data-width=\"500\"                 data-height=\"281\"                 alt=\"concours 2019-2-1\"                 title=\"concours 2019-2-1\" \/>                      <\/div>        <\/a>                <a  class=\"bwg-a bwg_lightbox bwg_lightbox_0\" href=\"https:\/\/photofri.ch\/pcfwp\/wp-content\/uploads\/photo-gallery\/Administration\/2_2019_Nos_amis_les_animaux\/concours_2019-02_Demicheli.jpg?bwg=1586278551\" data-image-id=\"1467\" data-elementor-open-lightbox=\"no\">          <div class=\"bwg_mosaic_thumb_spun_0 bwg-item0 bwg-mosaic-thumb-span \">            <img decoding=\"async\" class=\"bwg_mosaic_thumb_0 skip-lazy bwg_img_clear bwg_img_custom \"                 id=\"1467\"                 src=\"https:\/\/photofri.ch\/pcfwp\/wp-content\/uploads\/photo-gallery\/Administration\/2_2019_Nos_amis_les_animaux\/thumb\/concours_2019-02_Demicheli.jpg?bwg=1586278551\"                 data-src=\"https:\/\/photofri.ch\/pcfwp\/wp-content\/uploads\/photo-gallery\/Administration\/2_2019_Nos_amis_les_animaux\/thumb\/concours_2019-02_Demicheli.jpg?bwg=1586278551\"                 data-width=\"500\"                 data-height=\"281\"                 alt=\"concours 2019-02 Demicheli\"                 title=\"concours 2019-02 Demicheli\" \/>                      <\/div>        <\/a>                <a  class=\"bwg-a bwg_lightbox bwg_lightbox_0\" href=\"https:\/\/photofri.ch\/pcfwp\/wp-content\/uploads\/photo-gallery\/Administration\/2_2019_Nos_amis_les_animaux\/Albert_PCF_concours_2_3.jpg?bwg=1586278551\" data-image-id=\"1466\" data-elementor-open-lightbox=\"no\">          <div class=\"bwg_mosaic_thumb_spun_0 bwg-item0 bwg-mosaic-thumb-span \">            <img decoding=\"async\" class=\"bwg_mosaic_thumb_0 skip-lazy bwg_img_clear bwg_img_custom \"                 id=\"1466\"                 src=\"https:\/\/photofri.ch\/pcfwp\/wp-content\/uploads\/photo-gallery\/Administration\/2_2019_Nos_amis_les_animaux\/thumb\/Albert_PCF_concours_2_3.jpg?bwg=1586278551\"                 data-src=\"https:\/\/photofri.ch\/pcfwp\/wp-content\/uploads\/photo-gallery\/Administration\/2_2019_Nos_amis_les_animaux\/thumb\/Albert_PCF_concours_2_3.jpg?bwg=1586278551\"                 data-width=\"500\"                 data-height=\"333\"                 alt=\"Albert PCF concours 2 3\"                 title=\"Albert PCF concours 2 3\" \/>                      <\/div>        <\/a>                <a  class=\"bwg-a bwg_lightbox bwg_lightbox_0\" href=\"https:\/\/photofri.ch\/pcfwp\/wp-content\/uploads\/photo-gallery\/Administration\/2_2019_Nos_amis_les_animaux\/8110-3.jpg?bwg=1586278551\" data-image-id=\"1465\" data-elementor-open-lightbox=\"no\">          <div class=\"bwg_mosaic_thumb_spun_0 bwg-item0 bwg-mosaic-thumb-span \">            <img decoding=\"async\" class=\"bwg_mosaic_thumb_0 skip-lazy bwg_img_clear bwg_img_custom \"                 id=\"1465\"                 src=\"https:\/\/photofri.ch\/pcfwp\/wp-content\/uploads\/photo-gallery\/Administration\/2_2019_Nos_amis_les_animaux\/thumb\/8110-3.jpg?bwg=1586278551\"                 data-src=\"https:\/\/photofri.ch\/pcfwp\/wp-content\/uploads\/photo-gallery\/Administration\/2_2019_Nos_amis_les_animaux\/thumb\/8110-3.jpg?bwg=1586278551\"                 data-width=\"334\"                 data-height=\"500\"                 alt=\"8110-3\"                 title=\"8110-3\" \/>                      <\/div>        <\/a>                <a  class=\"bwg-a bwg_lightbox bwg_lightbox_0\" href=\"https:\/\/photofri.ch\/pcfwp\/wp-content\/uploads\/photo-gallery\/Administration\/2_2019_Nos_amis_les_animaux\/8110-4.jpg?bwg=1586278551\" data-image-id=\"1464\" data-elementor-open-lightbox=\"no\">          <div class=\"bwg_mosaic_thumb_spun_0 bwg-item0 bwg-mosaic-thumb-span \">            <img decoding=\"async\" class=\"bwg_mosaic_thumb_0 skip-lazy bwg_img_clear bwg_img_custom \"                 id=\"1464\"                 src=\"https:\/\/photofri.ch\/pcfwp\/wp-content\/uploads\/photo-gallery\/Administration\/2_2019_Nos_amis_les_animaux\/thumb\/8110-4.jpg?bwg=1586278551\"                 data-src=\"https:\/\/photofri.ch\/pcfwp\/wp-content\/uploads\/photo-gallery\/Administration\/2_2019_Nos_amis_les_animaux\/thumb\/8110-4.jpg?bwg=1586278551\"                 data-width=\"334\"                 data-height=\"500\"                 alt=\"8110-4\"                 title=\"8110-4\" \/>                      <\/div>        <\/a>                <a  class=\"bwg-a bwg_lightbox bwg_lightbox_0\" href=\"https:\/\/photofri.ch\/pcfwp\/wp-content\/uploads\/photo-gallery\/Administration\/2_2019_Nos_amis_les_animaux\/Albert_PCF_concours_2_1.jpg?bwg=1586278551\" data-image-id=\"1463\" data-elementor-open-lightbox=\"no\">          <div class=\"bwg_mosaic_thumb_spun_0 bwg-item0 bwg-mosaic-thumb-span \">            <img decoding=\"async\" class=\"bwg_mosaic_thumb_0 skip-lazy bwg_img_clear bwg_img_custom \"                 id=\"1463\"                 src=\"https:\/\/photofri.ch\/pcfwp\/wp-content\/uploads\/photo-gallery\/Administration\/2_2019_Nos_amis_les_animaux\/thumb\/Albert_PCF_concours_2_1.jpg?bwg=1586278551\"                 data-src=\"https:\/\/photofri.ch\/pcfwp\/wp-content\/uploads\/photo-gallery\/Administration\/2_2019_Nos_amis_les_animaux\/thumb\/Albert_PCF_concours_2_1.jpg?bwg=1586278551\"                 data-width=\"500\"                 data-height=\"333\"                 alt=\"Albert PCF concours 2 1\"                 title=\"Albert PCF concours 2 1\" \/>                      <\/div>        <\/a>                <a  class=\"bwg-a bwg_lightbox bwg_lightbox_0\" href=\"https:\/\/photofri.ch\/pcfwp\/wp-content\/uploads\/photo-gallery\/Administration\/2_2019_Nos_amis_les_animaux\/Albert_PCF_concours_2_2.jpg?bwg=1586278551\" data-image-id=\"1462\" data-elementor-open-lightbox=\"no\">          <div class=\"bwg_mosaic_thumb_spun_0 bwg-item0 bwg-mosaic-thumb-span \">            <img decoding=\"async\" class=\"bwg_mosaic_thumb_0 skip-lazy bwg_img_clear bwg_img_custom \"                 id=\"1462\"                 src=\"https:\/\/photofri.ch\/pcfwp\/wp-content\/uploads\/photo-gallery\/Administration\/2_2019_Nos_amis_les_animaux\/thumb\/Albert_PCF_concours_2_2.jpg?bwg=1586278551\"                 data-src=\"https:\/\/photofri.ch\/pcfwp\/wp-content\/uploads\/photo-gallery\/Administration\/2_2019_Nos_amis_les_animaux\/thumb\/Albert_PCF_concours_2_2.jpg?bwg=1586278551\"                 data-width=\"500\"                 data-height=\"333\"                 alt=\"Albert PCF concours 2 2\"                 title=\"Albert PCF concours 2 2\" \/>                      <\/div>        <\/a>                <a  class=\"bwg-a bwg_lightbox bwg_lightbox_0\" href=\"https:\/\/photofri.ch\/pcfwp\/wp-content\/uploads\/photo-gallery\/Administration\/2_2019_Nos_amis_les_animaux\/Concours_animaux_2019_0271__002.jpg?bwg=1586278551\" data-image-id=\"1461\" data-elementor-open-lightbox=\"no\">          <div class=\"bwg_mosaic_thumb_spun_0 bwg-item0 bwg-mosaic-thumb-span \">            <img decoding=\"async\" class=\"bwg_mosaic_thumb_0 skip-lazy bwg_img_clear bwg_img_custom \"                 id=\"1461\"                 src=\"https:\/\/photofri.ch\/pcfwp\/wp-content\/uploads\/photo-gallery\/Administration\/2_2019_Nos_amis_les_animaux\/thumb\/Concours_animaux_2019_0271__002.jpg?bwg=1586278551\"                 data-src=\"https:\/\/photofri.ch\/pcfwp\/wp-content\/uploads\/photo-gallery\/Administration\/2_2019_Nos_amis_les_animaux\/thumb\/Concours_animaux_2019_0271__002.jpg?bwg=1586278551\"                 data-width=\"500\"                 data-height=\"333\"                 alt=\"Concours animaux 2019 0271  002\"                 title=\"Concours animaux 2019 0271  002\" \/>                      <\/div>        <\/a>                <a  class=\"bwg-a bwg_lightbox bwg_lightbox_0\" href=\"https:\/\/photofri.ch\/pcfwp\/wp-content\/uploads\/photo-gallery\/Administration\/2_2019_Nos_amis_les_animaux\/Concours_animaux_2019_0271__001.jpg?bwg=1586278551\" data-image-id=\"1460\" data-elementor-open-lightbox=\"no\">          <div class=\"bwg_mosaic_thumb_spun_0 bwg-item0 bwg-mosaic-thumb-span \">            <img decoding=\"async\" class=\"bwg_mosaic_thumb_0 skip-lazy bwg_img_clear bwg_img_custom \"                 id=\"1460\"                 src=\"https:\/\/photofri.ch\/pcfwp\/wp-content\/uploads\/photo-gallery\/Administration\/2_2019_Nos_amis_les_animaux\/thumb\/Concours_animaux_2019_0271__001.jpg?bwg=1586278551\"                 data-src=\"https:\/\/photofri.ch\/pcfwp\/wp-content\/uploads\/photo-gallery\/Administration\/2_2019_Nos_amis_les_animaux\/thumb\/Concours_animaux_2019_0271__001.jpg?bwg=1586278551\"                 data-width=\"500\"                 data-height=\"333\"                 alt=\"Concours animaux 2019 0271  001\"                 title=\"Concours animaux 2019 0271  001\" \/>                      <\/div>        <\/a>                <a  class=\"bwg-a bwg_lightbox bwg_lightbox_0\" href=\"https:\/\/photofri.ch\/pcfwp\/wp-content\/uploads\/photo-gallery\/Administration\/2_2019_Nos_amis_les_animaux\/8110-1.jpg?bwg=1586278551\" data-image-id=\"1459\" data-elementor-open-lightbox=\"no\">          <div class=\"bwg_mosaic_thumb_spun_0 bwg-item0 bwg-mosaic-thumb-span \">            <img decoding=\"async\" class=\"bwg_mosaic_thumb_0 skip-lazy bwg_img_clear bwg_img_custom \"                 id=\"1459\"                 src=\"https:\/\/photofri.ch\/pcfwp\/wp-content\/uploads\/photo-gallery\/Administration\/2_2019_Nos_amis_les_animaux\/thumb\/8110-1.jpg?bwg=1586278551\"                 data-src=\"https:\/\/photofri.ch\/pcfwp\/wp-content\/uploads\/photo-gallery\/Administration\/2_2019_Nos_amis_les_animaux\/thumb\/8110-1.jpg?bwg=1586278551\"                 data-width=\"500\"                 data-height=\"334\"                 alt=\"8110-1\"                 title=\"8110-1\" \/>                      <\/div>        <\/a>                <a  class=\"bwg-a bwg_lightbox bwg_lightbox_0\" href=\"https:\/\/photofri.ch\/pcfwp\/wp-content\/uploads\/photo-gallery\/Administration\/2_2019_Nos_amis_les_animaux\/Albert_PCF_concours_2_4.jpg?bwg=1586278551\" data-image-id=\"1458\" data-elementor-open-lightbox=\"no\">          <div class=\"bwg_mosaic_thumb_spun_0 bwg-item0 bwg-mosaic-thumb-span \">            <img decoding=\"async\" class=\"bwg_mosaic_thumb_0 skip-lazy bwg_img_clear bwg_img_custom \"                 id=\"1458\"                 src=\"https:\/\/photofri.ch\/pcfwp\/wp-content\/uploads\/photo-gallery\/Administration\/2_2019_Nos_amis_les_animaux\/thumb\/Albert_PCF_concours_2_4.jpg?bwg=1586278551\"                 data-src=\"https:\/\/photofri.ch\/pcfwp\/wp-content\/uploads\/photo-gallery\/Administration\/2_2019_Nos_amis_les_animaux\/thumb\/Albert_PCF_concours_2_4.jpg?bwg=1586278551\"                 data-width=\"333\"                 data-height=\"500\"                 alt=\"Albert PCF concours 2 4\"                 title=\"Albert PCF concours 2 4\" \/>                      <\/div>        <\/a>                <a  class=\"bwg-a bwg_lightbox bwg_lightbox_0\" href=\"https:\/\/photofri.ch\/pcfwp\/wp-content\/uploads\/photo-gallery\/Administration\/2_2019_Nos_amis_les_animaux\/8110-2.jpg?bwg=1586278551\" data-image-id=\"1457\" data-elementor-open-lightbox=\"no\">          <div class=\"bwg_mosaic_thumb_spun_0 bwg-item0 bwg-mosaic-thumb-span \">            <img decoding=\"async\" class=\"bwg_mosaic_thumb_0 skip-lazy bwg_img_clear bwg_img_custom \"                 id=\"1457\"                 src=\"https:\/\/photofri.ch\/pcfwp\/wp-content\/uploads\/photo-gallery\/Administration\/2_2019_Nos_amis_les_animaux\/thumb\/8110-2.jpg?bwg=1586278551\"                 data-src=\"https:\/\/photofri.ch\/pcfwp\/wp-content\/uploads\/photo-gallery\/Administration\/2_2019_Nos_amis_les_animaux\/thumb\/8110-2.jpg?bwg=1586278551\"                 data-width=\"500\"                 data-height=\"334\"                 alt=\"8110-2\"                 title=\"8110-2\" \/>                      <\/div>        <\/a>                <a  class=\"bwg-a bwg_lightbox bwg_lightbox_0\" href=\"https:\/\/photofri.ch\/pcfwp\/wp-content\/uploads\/photo-gallery\/Administration\/2_2019_Nos_amis_les_animaux\/Concours_animaux_2019_0271__004.jpg?bwg=1586278551\" data-image-id=\"1456\" data-elementor-open-lightbox=\"no\">          <div class=\"bwg_mosaic_thumb_spun_0 bwg-item0 bwg-mosaic-thumb-span \">            <img decoding=\"async\" class=\"bwg_mosaic_thumb_0 skip-lazy bwg_img_clear bwg_img_custom \"                 id=\"1456\"                 src=\"https:\/\/photofri.ch\/pcfwp\/wp-content\/uploads\/photo-gallery\/Administration\/2_2019_Nos_amis_les_animaux\/thumb\/Concours_animaux_2019_0271__004.jpg?bwg=1586278551\"                 data-src=\"https:\/\/photofri.ch\/pcfwp\/wp-content\/uploads\/photo-gallery\/Administration\/2_2019_Nos_amis_les_animaux\/thumb\/Concours_animaux_2019_0271__004.jpg?bwg=1586278551\"                 data-width=\"500\"                 data-height=\"333\"                 alt=\"Concours animaux 2019 0271  004\"                 title=\"Concours animaux 2019 0271  004\" \/>                      <\/div>        <\/a>                <a  class=\"bwg-a bwg_lightbox bwg_lightbox_0\" href=\"https:\/\/photofri.ch\/pcfwp\/wp-content\/uploads\/photo-gallery\/Administration\/2_2019_Nos_amis_les_animaux\/Concours_animaux_2019_0271__003.jpg?bwg=1586278551\" data-image-id=\"1455\" data-elementor-open-lightbox=\"no\">          <div class=\"bwg_mosaic_thumb_spun_0 bwg-item0 bwg-mosaic-thumb-span \">            <img decoding=\"async\" class=\"bwg_mosaic_thumb_0 skip-lazy bwg_img_clear bwg_img_custom \"                 id=\"1455\"                 src=\"https:\/\/photofri.ch\/pcfwp\/wp-content\/uploads\/photo-gallery\/Administration\/2_2019_Nos_amis_les_animaux\/thumb\/Concours_animaux_2019_0271__003.jpg?bwg=1586278551\"                 data-src=\"https:\/\/photofri.ch\/pcfwp\/wp-content\/uploads\/photo-gallery\/Administration\/2_2019_Nos_amis_les_animaux\/thumb\/Concours_animaux_2019_0271__003.jpg?bwg=1586278551\"                 data-width=\"500\"                 data-height=\"375\"                 alt=\"Concours animaux 2019 0271  003\"                 title=\"Concours animaux 2019 0271  003\" \/>                      <\/div>        <\/a>                <a  class=\"bwg-a bwg_lightbox bwg_lightbox_0\" href=\"https:\/\/photofri.ch\/pcfwp\/wp-content\/uploads\/photo-gallery\/Administration\/2_2019_Nos_amis_les_animaux\/Eric_Nussbaumer.Concours_2-image_1.jpg?bwg=1586278551\" data-image-id=\"1454\" data-elementor-open-lightbox=\"no\">          <div class=\"bwg_mosaic_thumb_spun_0 bwg-item0 bwg-mosaic-thumb-span \">            <img decoding=\"async\" class=\"bwg_mosaic_thumb_0 skip-lazy bwg_img_clear bwg_img_custom \"                 id=\"1454\"                 src=\"https:\/\/photofri.ch\/pcfwp\/wp-content\/uploads\/photo-gallery\/Administration\/2_2019_Nos_amis_les_animaux\/thumb\/Eric_Nussbaumer.Concours_2-image_1.jpg?bwg=1586278551\"                 data-src=\"https:\/\/photofri.ch\/pcfwp\/wp-content\/uploads\/photo-gallery\/Administration\/2_2019_Nos_amis_les_animaux\/thumb\/Eric_Nussbaumer.Concours_2-image_1.jpg?bwg=1586278551\"                 data-width=\"500\"                 data-height=\"333\"                 alt=\"Eric Nussbaumer.Concours 2-image 1\"                 title=\"Eric Nussbaumer.Concours 2-image 1\" \/>                      <\/div>        <\/a>                <a  class=\"bwg-a bwg_lightbox bwg_lightbox_0\" href=\"https:\/\/photofri.ch\/pcfwp\/wp-content\/uploads\/photo-gallery\/Administration\/2_2019_Nos_amis_les_animaux\/concours20192_renz_christian_001.jpg?bwg=1586278551\" data-image-id=\"1453\" data-elementor-open-lightbox=\"no\">          <div class=\"bwg_mosaic_thumb_spun_0 bwg-item0 bwg-mosaic-thumb-span \">            <img decoding=\"async\" class=\"bwg_mosaic_thumb_0 skip-lazy bwg_img_clear bwg_img_custom \"                 id=\"1453\"                 src=\"https:\/\/photofri.ch\/pcfwp\/wp-content\/uploads\/photo-gallery\/Administration\/2_2019_Nos_amis_les_animaux\/thumb\/concours20192_renz_christian_001.jpg?bwg=1586278551\"                 data-src=\"https:\/\/photofri.ch\/pcfwp\/wp-content\/uploads\/photo-gallery\/Administration\/2_2019_Nos_amis_les_animaux\/thumb\/concours20192_renz_christian_001.jpg?bwg=1586278551\"                 data-width=\"500\"                 data-height=\"474\"                 alt=\"concours20192 renz christian 001\"                 title=\"concours20192 renz christian 001\" \/>                      <\/div>        <\/a>                <a  class=\"bwg-a bwg_lightbox bwg_lightbox_0\" href=\"https:\/\/photofri.ch\/pcfwp\/wp-content\/uploads\/photo-gallery\/Administration\/2_2019_Nos_amis_les_animaux\/concours20192_renz_christian_004.jpg?bwg=1586278551\" data-image-id=\"1452\" data-elementor-open-lightbox=\"no\">          <div class=\"bwg_mosaic_thumb_spun_0 bwg-item0 bwg-mosaic-thumb-span \">            <img decoding=\"async\" class=\"bwg_mosaic_thumb_0 skip-lazy bwg_img_clear bwg_img_custom \"                 id=\"1452\"                 src=\"https:\/\/photofri.ch\/pcfwp\/wp-content\/uploads\/photo-gallery\/Administration\/2_2019_Nos_amis_les_animaux\/thumb\/concours20192_renz_christian_004.jpg?bwg=1586278551\"                 data-src=\"https:\/\/photofri.ch\/pcfwp\/wp-content\/uploads\/photo-gallery\/Administration\/2_2019_Nos_amis_les_animaux\/thumb\/concours20192_renz_christian_004.jpg?bwg=1586278551\"                 data-width=\"500\"                 data-height=\"333\"                 alt=\"concours20192 renz christian 004\"                 title=\"concours20192 renz christian 004\" \/>                      <\/div>        <\/a>                <a  class=\"bwg-a bwg_lightbox bwg_lightbox_0\" href=\"https:\/\/photofri.ch\/pcfwp\/wp-content\/uploads\/photo-gallery\/Administration\/2_2019_Nos_amis_les_animaux\/concours20192_renz_christian_003.jpg?bwg=1586278551\" data-image-id=\"1451\" data-elementor-open-lightbox=\"no\">          <div class=\"bwg_mosaic_thumb_spun_0 bwg-item0 bwg-mosaic-thumb-span \">            <img decoding=\"async\" class=\"bwg_mosaic_thumb_0 skip-lazy bwg_img_clear bwg_img_custom \"                 id=\"1451\"                 src=\"https:\/\/photofri.ch\/pcfwp\/wp-content\/uploads\/photo-gallery\/Administration\/2_2019_Nos_amis_les_animaux\/thumb\/concours20192_renz_christian_003.jpg?bwg=1586278551\"                 data-src=\"https:\/\/photofri.ch\/pcfwp\/wp-content\/uploads\/photo-gallery\/Administration\/2_2019_Nos_amis_les_animaux\/thumb\/concours20192_renz_christian_003.jpg?bwg=1586278551\"                 data-width=\"500\"                 data-height=\"290\"                 alt=\"concours20192 renz christian 003\"                 title=\"concours20192 renz christian 003\" \/>                      <\/div>        <\/a>                <a  class=\"bwg-a bwg_lightbox bwg_lightbox_0\" href=\"https:\/\/photofri.ch\/pcfwp\/wp-content\/uploads\/photo-gallery\/Administration\/2_2019_Nos_amis_les_animaux\/concours20192_renz_christian_002.jpg?bwg=1586278551\" data-image-id=\"1450\" data-elementor-open-lightbox=\"no\">          <div class=\"bwg_mosaic_thumb_spun_0 bwg-item0 bwg-mosaic-thumb-span \">            <img decoding=\"async\" class=\"bwg_mosaic_thumb_0 skip-lazy bwg_img_clear bwg_img_custom \"                 id=\"1450\"                 src=\"https:\/\/photofri.ch\/pcfwp\/wp-content\/uploads\/photo-gallery\/Administration\/2_2019_Nos_amis_les_animaux\/thumb\/concours20192_renz_christian_002.jpg?bwg=1586278551\"                 data-src=\"https:\/\/photofri.ch\/pcfwp\/wp-content\/uploads\/photo-gallery\/Administration\/2_2019_Nos_amis_les_animaux\/thumb\/concours20192_renz_christian_002.jpg?bwg=1586278551\"                 data-width=\"500\"                 data-height=\"342\"                 alt=\"concours20192 renz christian 002\"                 title=\"concours20192 renz christian 002\" \/>                      <\/div>        <\/a>                <a  class=\"bwg-a bwg_lightbox bwg_lightbox_0\" href=\"https:\/\/photofri.ch\/pcfwp\/wp-content\/uploads\/photo-gallery\/Administration\/2_2019_Nos_amis_les_animaux\/Concours20192_Perriard_Frederic_002.jpg?bwg=1586278551\" data-image-id=\"1449\" data-elementor-open-lightbox=\"no\">          <div class=\"bwg_mosaic_thumb_spun_0 bwg-item0 bwg-mosaic-thumb-span \">            <img decoding=\"async\" class=\"bwg_mosaic_thumb_0 skip-lazy bwg_img_clear bwg_img_custom \"                 id=\"1449\"                 src=\"https:\/\/photofri.ch\/pcfwp\/wp-content\/uploads\/photo-gallery\/Administration\/2_2019_Nos_amis_les_animaux\/thumb\/Concours20192_Perriard_Frederic_002.jpg?bwg=1586278551\"                 data-src=\"https:\/\/photofri.ch\/pcfwp\/wp-content\/uploads\/photo-gallery\/Administration\/2_2019_Nos_amis_les_animaux\/thumb\/Concours20192_Perriard_Frederic_002.jpg?bwg=1586278551\"                 data-width=\"500\"                 data-height=\"333\"                 alt=\"Concours20192 Perriard Frederic 002\"                 title=\"Concours20192 Perriard Frederic 002\" \/>                      <\/div>        <\/a>                <a  class=\"bwg-a bwg_lightbox bwg_lightbox_0\" href=\"https:\/\/photofri.ch\/pcfwp\/wp-content\/uploads\/photo-gallery\/Administration\/2_2019_Nos_amis_les_animaux\/Concours20192_Perriard_Frederic_001.jpg?bwg=1586278551\" data-image-id=\"1448\" data-elementor-open-lightbox=\"no\">          <div class=\"bwg_mosaic_thumb_spun_0 bwg-item0 bwg-mosaic-thumb-span \">            <img decoding=\"async\" class=\"bwg_mosaic_thumb_0 skip-lazy bwg_img_clear bwg_img_custom \"                 id=\"1448\"                 src=\"https:\/\/photofri.ch\/pcfwp\/wp-content\/uploads\/photo-gallery\/Administration\/2_2019_Nos_amis_les_animaux\/thumb\/Concours20192_Perriard_Frederic_001.jpg?bwg=1586278551\"                 data-src=\"https:\/\/photofri.ch\/pcfwp\/wp-content\/uploads\/photo-gallery\/Administration\/2_2019_Nos_amis_les_animaux\/thumb\/Concours20192_Perriard_Frederic_001.jpg?bwg=1586278551\"                 data-width=\"500\"                 data-height=\"333\"                 alt=\"Concours20192 Perriard Frederic 001\"                 title=\"Concours20192 Perriard Frederic 001\" \/>                      <\/div>        <\/a>                <a  class=\"bwg-a bwg_lightbox bwg_lightbox_0\" href=\"https:\/\/photofri.ch\/pcfwp\/wp-content\/uploads\/photo-gallery\/Administration\/2_2019_Nos_amis_les_animaux\/Eric_Nussbaumer.Concours_2-image_3.jpg?bwg=1586278551\" data-image-id=\"1447\" data-elementor-open-lightbox=\"no\">          <div class=\"bwg_mosaic_thumb_spun_0 bwg-item0 bwg-mosaic-thumb-span \">            <img decoding=\"async\" class=\"bwg_mosaic_thumb_0 skip-lazy bwg_img_clear bwg_img_custom \"                 id=\"1447\"                 src=\"https:\/\/photofri.ch\/pcfwp\/wp-content\/uploads\/photo-gallery\/Administration\/2_2019_Nos_amis_les_animaux\/thumb\/Eric_Nussbaumer.Concours_2-image_3.jpg?bwg=1586278551\"                 data-src=\"https:\/\/photofri.ch\/pcfwp\/wp-content\/uploads\/photo-gallery\/Administration\/2_2019_Nos_amis_les_animaux\/thumb\/Eric_Nussbaumer.Concours_2-image_3.jpg?bwg=1586278551\"                 data-width=\"500\"                 data-height=\"333\"                 alt=\"Eric Nussbaumer.Concours 2-image 3\"                 title=\"Eric Nussbaumer.Concours 2-image 3\" \/>                      <\/div>        <\/a>                <a  class=\"bwg-a bwg_lightbox bwg_lightbox_0\" href=\"https:\/\/photofri.ch\/pcfwp\/wp-content\/uploads\/photo-gallery\/Administration\/2_2019_Nos_amis_les_animaux\/Eric_Nussbaumer.Concours_2-image_4.jpg?bwg=1586278551\" data-image-id=\"1446\" data-elementor-open-lightbox=\"no\">          <div class=\"bwg_mosaic_thumb_spun_0 bwg-item0 bwg-mosaic-thumb-span \">            <img decoding=\"async\" class=\"bwg_mosaic_thumb_0 skip-lazy bwg_img_clear bwg_img_custom \"                 id=\"1446\"                 src=\"https:\/\/photofri.ch\/pcfwp\/wp-content\/uploads\/photo-gallery\/Administration\/2_2019_Nos_amis_les_animaux\/thumb\/Eric_Nussbaumer.Concours_2-image_4.jpg?bwg=1586278551\"                 data-src=\"https:\/\/photofri.ch\/pcfwp\/wp-content\/uploads\/photo-gallery\/Administration\/2_2019_Nos_amis_les_animaux\/thumb\/Eric_Nussbaumer.Concours_2-image_4.jpg?bwg=1586278551\"                 data-width=\"500\"                 data-height=\"333\"                 alt=\"Eric Nussbaumer.Concours 2-image 4\"                 title=\"Eric Nussbaumer.Concours 2-image 4\" \/>                      <\/div>        <\/a>                <a  class=\"bwg-a bwg_lightbox bwg_lightbox_0\" href=\"https:\/\/photofri.ch\/pcfwp\/wp-content\/uploads\/photo-gallery\/Administration\/2_2019_Nos_amis_les_animaux\/Eric_Nussbaumer.Concours_2-image_2.jpg?bwg=1586278551\" data-image-id=\"1445\" data-elementor-open-lightbox=\"no\">          <div class=\"bwg_mosaic_thumb_spun_0 bwg-item0 bwg-mosaic-thumb-span \">            <img decoding=\"async\" class=\"bwg_mosaic_thumb_0 skip-lazy bwg_img_clear bwg_img_custom \"                 id=\"1445\"                 src=\"https:\/\/photofri.ch\/pcfwp\/wp-content\/uploads\/photo-gallery\/Administration\/2_2019_Nos_amis_les_animaux\/thumb\/Eric_Nussbaumer.Concours_2-image_2.jpg?bwg=1586278551\"                 data-src=\"https:\/\/photofri.ch\/pcfwp\/wp-content\/uploads\/photo-gallery\/Administration\/2_2019_Nos_amis_les_animaux\/thumb\/Eric_Nussbaumer.Concours_2-image_2.jpg?bwg=1586278551\"                 data-width=\"500\"                 data-height=\"333\"                 alt=\"Eric Nussbaumer.Concours 2-image 2\"                 title=\"Eric Nussbaumer.Concours 2-image 2\" \/>                      <\/div>        <\/a>                <a  class=\"bwg-a bwg_lightbox bwg_lightbox_0\" href=\"https:\/\/photofri.ch\/pcfwp\/wp-content\/uploads\/photo-gallery\/Administration\/2_2019_Nos_amis_les_animaux\/IMG_2383.jpg?bwg=1586278551\" data-image-id=\"1444\" data-elementor-open-lightbox=\"no\">          <div class=\"bwg_mosaic_thumb_spun_0 bwg-item0 bwg-mosaic-thumb-span \">            <img decoding=\"async\" class=\"bwg_mosaic_thumb_0 skip-lazy bwg_img_clear bwg_img_custom \"                 id=\"1444\"                 src=\"https:\/\/photofri.ch\/pcfwp\/wp-content\/uploads\/photo-gallery\/Administration\/2_2019_Nos_amis_les_animaux\/thumb\/IMG_2383.jpg?bwg=1586278551\"                 data-src=\"https:\/\/photofri.ch\/pcfwp\/wp-content\/uploads\/photo-gallery\/Administration\/2_2019_Nos_amis_les_animaux\/thumb\/IMG_2383.jpg?bwg=1586278551\"                 data-width=\"500\"                 data-height=\"333\"                 alt=\"IMG 2383\"                 title=\"IMG 2383\" \/>                      <\/div>        <\/a>                <a  class=\"bwg-a bwg_lightbox bwg_lightbox_0\" href=\"https:\/\/photofri.ch\/pcfwp\/wp-content\/uploads\/photo-gallery\/Administration\/2_2019_Nos_amis_les_animaux\/IMG_5395.jpg?bwg=1586278551\" data-image-id=\"1443\" data-elementor-open-lightbox=\"no\">          <div class=\"bwg_mosaic_thumb_spun_0 bwg-item0 bwg-mosaic-thumb-span \">            <img decoding=\"async\" class=\"bwg_mosaic_thumb_0 skip-lazy bwg_img_clear bwg_img_custom \"                 id=\"1443\"                 src=\"https:\/\/photofri.ch\/pcfwp\/wp-content\/uploads\/photo-gallery\/Administration\/2_2019_Nos_amis_les_animaux\/thumb\/IMG_5395.jpg?bwg=1586278551\"                 data-src=\"https:\/\/photofri.ch\/pcfwp\/wp-content\/uploads\/photo-gallery\/Administration\/2_2019_Nos_amis_les_animaux\/thumb\/IMG_5395.jpg?bwg=1586278551\"                 data-width=\"500\"                 data-height=\"333\"                 alt=\"IMG 5395\"                 title=\"IMG 5395\" \/>                      <\/div>        <\/a>                <a  class=\"bwg-a bwg_lightbox bwg_lightbox_0\" href=\"https:\/\/photofri.ch\/pcfwp\/wp-content\/uploads\/photo-gallery\/Administration\/2_2019_Nos_amis_les_animaux\/IMG_3226.jpg?bwg=1586278551\" data-image-id=\"1442\" data-elementor-open-lightbox=\"no\">          <div class=\"bwg_mosaic_thumb_spun_0 bwg-item0 bwg-mosaic-thumb-span \">            <img decoding=\"async\" class=\"bwg_mosaic_thumb_0 skip-lazy bwg_img_clear bwg_img_custom \"                 id=\"1442\"                 src=\"https:\/\/photofri.ch\/pcfwp\/wp-content\/uploads\/photo-gallery\/Administration\/2_2019_Nos_amis_les_animaux\/thumb\/IMG_3226.jpg?bwg=1586278551\"                 data-src=\"https:\/\/photofri.ch\/pcfwp\/wp-content\/uploads\/photo-gallery\/Administration\/2_2019_Nos_amis_les_animaux\/thumb\/IMG_3226.jpg?bwg=1586278551\"                 data-width=\"500\"                 data-height=\"333\"                 alt=\"IMG 3226\"                 title=\"IMG 3226\" \/>                      <\/div>        <\/a>                <a  class=\"bwg-a bwg_lightbox bwg_lightbox_0\" href=\"https:\/\/photofri.ch\/pcfwp\/wp-content\/uploads\/photo-gallery\/Administration\/2_2019_Nos_amis_les_animaux\/3627_C_A_COMMENTER.jpg?bwg=1586278551\" data-image-id=\"1441\" data-elementor-open-lightbox=\"no\">          <div class=\"bwg_mosaic_thumb_spun_0 bwg-item0 bwg-mosaic-thumb-span \">            <img decoding=\"async\" class=\"bwg_mosaic_thumb_0 skip-lazy bwg_img_clear bwg_img_custom \"                 id=\"1441\"                 src=\"https:\/\/photofri.ch\/pcfwp\/wp-content\/uploads\/photo-gallery\/Administration\/2_2019_Nos_amis_les_animaux\/thumb\/3627_C_A_COMMENTER.jpg?bwg=1586278551\"                 data-src=\"https:\/\/photofri.ch\/pcfwp\/wp-content\/uploads\/photo-gallery\/Administration\/2_2019_Nos_amis_les_animaux\/thumb\/3627_C_A_COMMENTER.jpg?bwg=1586278551\"                 data-width=\"500\"                 data-height=\"333\"                 alt=\"3627 C A COMMENTER\"                 title=\"3627 C A COMMENTER\" \/>                      <\/div>        <\/a>            <\/div>    <\/div>          <span class=\"bwg_nav_cont_0\">              <div class=\"tablenav-pages_0\">                      <span class=\"pagination-links_0 pagination-links\" data-pages-count=\"3\">              <span class=\"pagination-links_col1\">              <a class=\"bwg-a first-page disabled\" title=\"Go to the first page\" >\u00ab<\/a>              <a class=\"bwg-a prev-page disabled\" title=\"Go to the previous page\" >\u2039<\/a>              <\/span>\t\t\t\t\t\t\t<span class=\"pagination-links_col2\">\t\t\t\t\t\t\t\t\t<input type=\"number\" class=\"bwg_current_page\" name=\"bwg_current_page\" value=\"1\" data-url-info=\"page_number_0\" onkeypress=\"return bwg_change_page_0(event, this)\" min=\"1\" oninput=\"validity.valid||(value='')\" \/>\t\t\t\t\t\t\t\t\t\tof\t\t\t\t\t\t\t\t\t\t<span class=\"total-pages_0\">\t\t\t\t\t\t\t\t\t\t\t3\t\t\t\t\t\t\t\t\t\t<\/span>\t\t\t\t\t\t\t<\/span>              <span class=\"pagination-links_col3\">                <a class=\"bwg-a next-page-0\" title=\"Go to the next page\" href=\"\/pcfwp\/wp-json\/wp\/v2\/posts\/150?page_number_0=2\">\u203a<\/a>                <a class=\"bwg-a last-page-0\" title=\"Go to the last page\" href=\"\/pcfwp\/wp-json\/wp\/v2\/posts\/150?page_number_0=3\">\u00bb<\/a>              <\/span>\t\t\t\t\t\t<\/span>\t\t\t\t\t\t        <\/div>                <input type=\"hidden\" id=\"page_number_0\" name=\"page_number_0\" value=\"1\" \/>      <script type=\"text\/javascript\">        if( jQuery('.bwg_nav_cont_0').length > 1 ) {          jQuery('.bwg_nav_cont_0').first().remove()        }        function spider_page_0(cur, x, y, load_more) {          if (typeof load_more == \"undefined\") {            var load_more = false;          }          if (jQuery(cur).hasClass('disabled')) {            return false;          }          var items_county_0 = 3;          switch (y) {            case 1:              if (x >= items_county_0) {                document.getElementById('page_number_0').value = items_county_0;              }              else {                document.getElementById('page_number_0').value = x + 1;              }              break;            case 2:              document.getElementById('page_number_0').value = items_county_0;              break;            case -1:              if (x == 1) {                document.getElementById('page_number_0').value = 1;              }              else {                document.getElementById('page_number_0').value = x - 1;              }              break;            case -2:              document.getElementById('page_number_0').value = 1;              break;\t\t\t\t\t\tcase 0:              document.getElementById('page_number_0').value = x;              break;            default:              document.getElementById('page_number_0').value = 1;          }          bwg_ajax('gal_front_form_0', '0', 'bwg_thumbnails_mosaic_0', '0', '', 'gallery', 0, '', '', load_more, '', 1);        }        \t\t\t\t\/* Change page on input enter. *\/        function bwg_change_page_0( e, that ) {          if (  e.key == 'Enter' ) {            var to_page = parseInt(jQuery(that).val());            var pages_count = jQuery(that).parents(\".pagination-links\").data(\"pages-count\");            var current_url_param = jQuery(that).attr('data-url-info');            if (to_page > pages_count) {              to_page = 1;            }\t \t\t\t\t\t            \tvar url= new URL(window.parent.location);\t\t\t\t\t\t\tvar searchParams = new URLSearchParams(url.search);           \t \tif(searchParams != \"\"){                var get_page_number = searchParams.get(current_url_param);                searchParams.set(current_url_param, to_page);                var new_url = searchParams.toString();              }           \t \telse {                var new_url = current_url_param + \"=\" + to_page;              }\t\t\t\t\t\t\twindow.location.replace(\"?\" + new_url);\t\t\t\t\t\t\treturn false;\t\t  \t\t\t          }          return true;        }        jQuery('.bwg_load_btn_0').on('click', function () {            spider_page_0(this, 1, 1, true);            return false;        });      <\/script>      <\/span>                <\/div>        <\/form>                <div id=\"bwg_spider_popup_loading_0\" class=\"bwg_spider_popup_loading\"><\/div>        <div id=\"spider_popup_overlay_0\" class=\"spider_popup_overlay\" onclick=\"spider_destroypopup(1000)\"><\/div>        <input type=\"hidden\" id=\"bwg_random_seed_0\" value=\"272775133\">                <\/div>    <\/div>    <script>      if (document.readyState === 'complete') {        if( typeof bwg_main_ready == 'function' ) {          if ( jQuery(\"#bwg_container1_0\").height() ) {            bwg_main_ready(jQuery(\"#bwg_container1_0\"));          }        }      } else {        document.addEventListener('DOMContentLoaded', function() {          if( typeof bwg_main_ready == 'function' ) {            if ( jQuery(\"#bwg_container1_0\").height() ) {             bwg_main_ready(jQuery(\"#bwg_container1_0\"));            }          }        });      }    <\/script>    \n<p>R\u00e9sultats:<\/p>\n<table width=\"352\">\n<tbody>\n<tr>\n<td width=\"88\">Pr\u00e9nom<\/td>\n<td width=\"88\">Nom<\/td>\n<td width=\"88\">Points<\/td>\n<td width=\"88\">Rang<\/td>\n<\/tr>\n<tr>\n<td>Yvan<\/td>\n<td>Gumy<\/td>\n<td>75<\/td>\n<td>1<\/td>\n<\/tr>\n<tr>\n<td>Ren\u00e9<\/td>\n<td>Duss<\/td>\n<td>74<\/td>\n<td>2<\/td>\n<\/tr>\n<tr>\n<td>Markus<\/td>\n<td>Peissard<\/td>\n<td>72<\/td>\n<td>3<\/td>\n<\/tr>\n<tr>\n<td>Cedric<\/td>\n<td>M\u00fcller<\/td>\n<td>71<\/td>\n<td>4<\/td>\n<\/tr>\n<tr>\n<td>Lucienne<\/td>\n<td>Mauron<\/td>\n<td>67<\/td>\n<td>5<\/td>\n<\/tr>\n<tr>\n<td>Christian<\/td>\n<td>Renz<\/td>\n<td>66<\/td>\n<td>6<\/td>\n<\/tr>\n<tr>\n<td>Philippes<\/td>\n<td>B\u00e9laz<\/td>\n<td>66<\/td>\n<td>6<\/td>\n<\/tr>\n<tr>\n<td>Albert<\/td>\n<td>Perritaz<\/td>\n<td>63<\/td>\n<td>8<\/td>\n<\/tr>\n<tr>\n<td>Eric<\/td>\n<td>Nussbaumer<\/td>\n<td>63<\/td>\n<td>8<\/td>\n<\/tr>\n<tr>\n<td>Andreas<\/td>\n<td>Christe<\/td>\n<td>56<\/td>\n<td>10<\/td>\n<\/tr>\n<tr>\n<td>Roland<\/td>\n<td>Julmy<\/td>\n<td>55<\/td>\n<td>11<\/td>\n<\/tr>\n<tr>\n<td>Fr\u00e9d\u00e9ric<\/td>\n<td>Perriard<\/td>\n<td>53<\/td>\n<td>12<\/td>\n<\/tr>\n<tr>\n<td>Monique<\/td>\n<td>Loup<\/td>\n<td>49<\/td>\n<td>13<\/td>\n<\/tr>\n<tr>\n<td>Alain<\/td>\n<td>Demicheli<\/td>\n<td>47<\/td>\n<td>14<\/td>\n<\/tr>\n<tr>\n<td>Marie<\/td>\n<td>Auclair<\/td>\n<td>42<\/td>\n<td>15<\/td>\n<\/tr>\n<\/tbody>\n<\/table>\n<p><em>\u00c9l\u00e9ment \u00e0 rendre 4 images num\u00e9riques, format et pr\u00e9sentation selon r\u00e8glement.\u00a0<a href=\"https:\/\/web.photofri.ch\/index.php\/104-club\/aides\/aide-administration-et-webmaster\/424-nommage-des-photos-concours\">Pour plus d&rsquo;informations cliquez ici<\/a>\u00a0(acc\u00e8s limit\u00e9 aux membres, s&rsquo;identifier avant de cliquer)<\/em><br \/><em>Rendu du concours 29 avril 2019<\/em><br \/><em>Jugement 06 mai 2019<\/em><br \/><em>R\u00e9sultats 13 mai 2019<\/em><\/p>\n<p><em>Sans indication contraire du participant, les photos seront publi\u00e9es sur le site avec les r\u00e9sultats.<\/em><\/p>\n<p>[\/et_pb_text][\/et_pb_column][\/et_pb_row][\/et_pb_section]<\/p>\n","protected":false},"excerpt":{"rendered":"<p>Concours 2 \u00ab Nos amis les animaux \u00bb 0 ou 1&rsquo;000 pattes, ils auront Bien vivants ils seront En photo ils nous r\u00e9jouiront     <div id=\"bwg_container1_1\"         class=\"bwg_container bwg_thumbnail bwg_thumbnails_mosaic \"         data-right-click-protection=\"1\"         data-bwg=\"1\"         data-scroll=\"0\"         data-gallery-type=\"thumbnails_mosaic\"         data-gallery-view-type=\"thumbnails_mosaic\"         data-current-url=\"\/pcfwp\/wp-json\/wp\/v2\/posts\/150\"         data-lightbox-url=\"https:\/\/photofri.ch\/pcfwp\/wp-admin\/admin-ajax.php?action=GalleryBox&#038;current_view=1&#038;gallery_id=43&#038;tag=0&#038;theme_id=1&#038;shortcode_id=324&#038;sort_by=order&#038;order_by=asc&#038;current_url=%2Fpcfwp%2Fwp-json%2Fwp%2Fv2%2Fposts%2F150\"         data-gallery-id=\"43\"         data-popup-width=\"800\"         data-popup-height=\"500\"         data-is-album=\"gallery\"         data-buttons-position=\"bottom\">      <div id=\"bwg_container2_1\">             <div id=\"ajax_loading_1\" class=\"bwg_loading_div_1\">      <div class=\"bwg_loading_div_2\">        <div class=\"bwg_loading_div_3\">          <div id=\"loading_div_1\" class=\"bwg_spider_ajax_loading\">          <\/div>        <\/div>      <\/div>    <\/div>            <form id=\"gal_front_form_1\"              class=\"bwg-hidden\"              method=\"post\"              action=\"#\"              data-current=\"1\"              data-shortcode-id=\"324\"              data-gallery-type=\"thumbnails_mosaic\"              data-gallery-id=\"43\"              data-tag=\"0\"              data-album-id=\"0\"              data-theme-id=\"1\"              data-ajax-url=\"https:\/\/photofri.ch\/pcfwp\/wp-admin\/admin-ajax.php?action=bwg_frontend_data\">          <div id=\"bwg_container3_1\" class=\"bwg-background bwg-background-1\">                <div id=\"bwg_mosaic_thumbnails_div_1\"         class=\"bwg-container-1 bwg-container bwg-mosaic-thumbnails\"         data-bwg=\"1\"         data-mosaic-direction=\"vertical\"         data-resizable=\"0\"         data-width=\"250\"         data-height=\"250\"         data-total-width=\"100\"         data-block-id=\"bwg_thumbnails_mosaic_1\"         data-thumb-padding=\"4\"         data-thumb-border=\"0\"         data-title-margin=\"2px\"         data-image-title=\"none\"         data-play-icon=\"1\"         data-ecommerce-icon=\"undefined\"         data-gallery-id=\"43\"         data-lightbox-url=\"https:\/\/photofri.ch\/pcfwp\/wp-admin\/admin-ajax.php?action=GalleryBox&#038;current_view=1&#038;gallery_id=43&#038;tag=0&#038;theme_id=1&#038;shortcode_id=324&#038;sort_by=order&#038;order_by=asc&#038;current_url=%2Fpcfwp%2Fwp-json%2Fwp%2Fv2%2Fposts%2F150\"         data-mosaic-thumb-transition=\"1\"         style=\"visibility: hidden\" >      <div id=\"bwg_thumbnails_mosaic_1\" class=\"bwg_mosaic_thumbnails_1\">                  <a  class=\"bwg-a bwg_lightbox bwg_lightbox_1\" href=\"https:\/\/photofri.ch\/pcfwp\/wp-content\/uploads\/photo-gallery\/Administration\/2_2019_Nos_amis_les_animaux\/concours_2019-2-4.jpg?bwg=1586278551\" data-image-id=\"1470\" data-elementor-open-lightbox=\"no\">          <div class=\"bwg_mosaic_thumb_spun_1 bwg-item0 bwg-mosaic-thumb-span \">            <img decoding=\"async\" class=\"bwg_mosaic_thumb_1 skip-lazy bwg_img_clear bwg_img_custom \"                 id=\"1470\"                 src=\"https:\/\/photofri.ch\/pcfwp\/wp-content\/uploads\/photo-gallery\/Administration\/2_2019_Nos_amis_les_animaux\/thumb\/concours_2019-2-4.jpg?bwg=1586278551\"                 data-src=\"https:\/\/photofri.ch\/pcfwp\/wp-content\/uploads\/photo-gallery\/Administration\/2_2019_Nos_amis_les_animaux\/thumb\/concours_2019-2-4.jpg?bwg=1586278551\"                 data-width=\"500\"                 data-height=\"281\"                 alt=\"concours 2019-2-4\"                 title=\"concours 2019-2-4\" \/>                      <\/div>        <\/a>                <a  class=\"bwg-a bwg_lightbox bwg_lightbox_1\" href=\"https:\/\/photofri.ch\/pcfwp\/wp-content\/uploads\/photo-gallery\/Administration\/2_2019_Nos_amis_les_animaux\/concours_2019-02-03_alain.jpg?bwg=1586278551\" data-image-id=\"1469\" data-elementor-open-lightbox=\"no\">          <div class=\"bwg_mosaic_thumb_spun_1 bwg-item0 bwg-mosaic-thumb-span \">            <img decoding=\"async\" class=\"bwg_mosaic_thumb_1 skip-lazy bwg_img_clear bwg_img_custom \"                 id=\"1469\"                 src=\"https:\/\/photofri.ch\/pcfwp\/wp-content\/uploads\/photo-gallery\/Administration\/2_2019_Nos_amis_les_animaux\/thumb\/concours_2019-02-03_alain.jpg?bwg=1586278551\"                 data-src=\"https:\/\/photofri.ch\/pcfwp\/wp-content\/uploads\/photo-gallery\/Administration\/2_2019_Nos_amis_les_animaux\/thumb\/concours_2019-02-03_alain.jpg?bwg=1586278551\"                 data-width=\"500\"                 data-height=\"281\"                 alt=\"concours 2019-02-03 alain\"                 title=\"concours 2019-02-03 alain\" \/>                      <\/div>        <\/a>                <a  class=\"bwg-a bwg_lightbox bwg_lightbox_1\" href=\"https:\/\/photofri.ch\/pcfwp\/wp-content\/uploads\/photo-gallery\/Administration\/2_2019_Nos_amis_les_animaux\/concours_2019-2-1.jpg?bwg=1586278551\" data-image-id=\"1468\" data-elementor-open-lightbox=\"no\">          <div class=\"bwg_mosaic_thumb_spun_1 bwg-item0 bwg-mosaic-thumb-span \">            <img decoding=\"async\" class=\"bwg_mosaic_thumb_1 skip-lazy bwg_img_clear bwg_img_custom \"                 id=\"1468\"                 src=\"https:\/\/photofri.ch\/pcfwp\/wp-content\/uploads\/photo-gallery\/Administration\/2_2019_Nos_amis_les_animaux\/thumb\/concours_2019-2-1.jpg?bwg=1586278551\"                 data-src=\"https:\/\/photofri.ch\/pcfwp\/wp-content\/uploads\/photo-gallery\/Administration\/2_2019_Nos_amis_les_animaux\/thumb\/concours_2019-2-1.jpg?bwg=1586278551\"                 data-width=\"500\"                 data-height=\"281\"                 alt=\"concours 2019-2-1\"                 title=\"concours 2019-2-1\" \/>                      <\/div>        <\/a>                <a  class=\"bwg-a bwg_lightbox bwg_lightbox_1\" href=\"https:\/\/photofri.ch\/pcfwp\/wp-content\/uploads\/photo-gallery\/Administration\/2_2019_Nos_amis_les_animaux\/concours_2019-02_Demicheli.jpg?bwg=1586278551\" data-image-id=\"1467\" data-elementor-open-lightbox=\"no\">          <div class=\"bwg_mosaic_thumb_spun_1 bwg-item0 bwg-mosaic-thumb-span \">            <img decoding=\"async\" class=\"bwg_mosaic_thumb_1 skip-lazy bwg_img_clear bwg_img_custom \"                 id=\"1467\"                 src=\"https:\/\/photofri.ch\/pcfwp\/wp-content\/uploads\/photo-gallery\/Administration\/2_2019_Nos_amis_les_animaux\/thumb\/concours_2019-02_Demicheli.jpg?bwg=1586278551\"                 data-src=\"https:\/\/photofri.ch\/pcfwp\/wp-content\/uploads\/photo-gallery\/Administration\/2_2019_Nos_amis_les_animaux\/thumb\/concours_2019-02_Demicheli.jpg?bwg=1586278551\"                 data-width=\"500\"                 data-height=\"281\"                 alt=\"concours 2019-02 Demicheli\"                 title=\"concours 2019-02 Demicheli\" \/>                      <\/div>        <\/a>                <a  class=\"bwg-a bwg_lightbox bwg_lightbox_1\" href=\"https:\/\/photofri.ch\/pcfwp\/wp-content\/uploads\/photo-gallery\/Administration\/2_2019_Nos_amis_les_animaux\/Albert_PCF_concours_2_3.jpg?bwg=1586278551\" data-image-id=\"1466\" data-elementor-open-lightbox=\"no\">          <div class=\"bwg_mosaic_thumb_spun_1 bwg-item0 bwg-mosaic-thumb-span \">            <img decoding=\"async\" class=\"bwg_mosaic_thumb_1 skip-lazy bwg_img_clear bwg_img_custom \"                 id=\"1466\"                 src=\"https:\/\/photofri.ch\/pcfwp\/wp-content\/uploads\/photo-gallery\/Administration\/2_2019_Nos_amis_les_animaux\/thumb\/Albert_PCF_concours_2_3.jpg?bwg=1586278551\"                 data-src=\"https:\/\/photofri.ch\/pcfwp\/wp-content\/uploads\/photo-gallery\/Administration\/2_2019_Nos_amis_les_animaux\/thumb\/Albert_PCF_concours_2_3.jpg?bwg=1586278551\"                 data-width=\"500\"                 data-height=\"333\"                 alt=\"Albert PCF concours 2 3\"                 title=\"Albert PCF concours 2 3\" \/>                      <\/div>        <\/a>                <a  class=\"bwg-a bwg_lightbox bwg_lightbox_1\" href=\"https:\/\/photofri.ch\/pcfwp\/wp-content\/uploads\/photo-gallery\/Administration\/2_2019_Nos_amis_les_animaux\/8110-3.jpg?bwg=1586278551\" data-image-id=\"1465\" data-elementor-open-lightbox=\"no\">          <div class=\"bwg_mosaic_thumb_spun_1 bwg-item0 bwg-mosaic-thumb-span \">            <img decoding=\"async\" class=\"bwg_mosaic_thumb_1 skip-lazy bwg_img_clear bwg_img_custom \"                 id=\"1465\"                 src=\"https:\/\/photofri.ch\/pcfwp\/wp-content\/uploads\/photo-gallery\/Administration\/2_2019_Nos_amis_les_animaux\/thumb\/8110-3.jpg?bwg=1586278551\"                 data-src=\"https:\/\/photofri.ch\/pcfwp\/wp-content\/uploads\/photo-gallery\/Administration\/2_2019_Nos_amis_les_animaux\/thumb\/8110-3.jpg?bwg=1586278551\"                 data-width=\"334\"                 data-height=\"500\"                 alt=\"8110-3\"                 title=\"8110-3\" \/>                      <\/div>        <\/a>                <a  class=\"bwg-a bwg_lightbox bwg_lightbox_1\" href=\"https:\/\/photofri.ch\/pcfwp\/wp-content\/uploads\/photo-gallery\/Administration\/2_2019_Nos_amis_les_animaux\/8110-4.jpg?bwg=1586278551\" data-image-id=\"1464\" data-elementor-open-lightbox=\"no\">          <div class=\"bwg_mosaic_thumb_spun_1 bwg-item0 bwg-mosaic-thumb-span \">            <img decoding=\"async\" class=\"bwg_mosaic_thumb_1 skip-lazy bwg_img_clear bwg_img_custom \"                 id=\"1464\"                 src=\"https:\/\/photofri.ch\/pcfwp\/wp-content\/uploads\/photo-gallery\/Administration\/2_2019_Nos_amis_les_animaux\/thumb\/8110-4.jpg?bwg=1586278551\"                 data-src=\"https:\/\/photofri.ch\/pcfwp\/wp-content\/uploads\/photo-gallery\/Administration\/2_2019_Nos_amis_les_animaux\/thumb\/8110-4.jpg?bwg=1586278551\"                 data-width=\"334\"                 data-height=\"500\"                 alt=\"8110-4\"                 title=\"8110-4\" \/>                      <\/div>        <\/a>                <a  class=\"bwg-a bwg_lightbox bwg_lightbox_1\" href=\"https:\/\/photofri.ch\/pcfwp\/wp-content\/uploads\/photo-gallery\/Administration\/2_2019_Nos_amis_les_animaux\/Albert_PCF_concours_2_1.jpg?bwg=1586278551\" data-image-id=\"1463\" data-elementor-open-lightbox=\"no\">          <div class=\"bwg_mosaic_thumb_spun_1 bwg-item0 bwg-mosaic-thumb-span \">            <img decoding=\"async\" class=\"bwg_mosaic_thumb_1 skip-lazy bwg_img_clear bwg_img_custom \"                 id=\"1463\"                 src=\"https:\/\/photofri.ch\/pcfwp\/wp-content\/uploads\/photo-gallery\/Administration\/2_2019_Nos_amis_les_animaux\/thumb\/Albert_PCF_concours_2_1.jpg?bwg=1586278551\"                 data-src=\"https:\/\/photofri.ch\/pcfwp\/wp-content\/uploads\/photo-gallery\/Administration\/2_2019_Nos_amis_les_animaux\/thumb\/Albert_PCF_concours_2_1.jpg?bwg=1586278551\"                 data-width=\"500\"                 data-height=\"333\"                 alt=\"Albert PCF concours 2 1\"                 title=\"Albert PCF concours 2 1\" \/>                      <\/div>        <\/a>                <a  class=\"bwg-a bwg_lightbox bwg_lightbox_1\" href=\"https:\/\/photofri.ch\/pcfwp\/wp-content\/uploads\/photo-gallery\/Administration\/2_2019_Nos_amis_les_animaux\/Albert_PCF_concours_2_2.jpg?bwg=1586278551\" data-image-id=\"1462\" data-elementor-open-lightbox=\"no\">          <div class=\"bwg_mosaic_thumb_spun_1 bwg-item0 bwg-mosaic-thumb-span \">            <img decoding=\"async\" class=\"bwg_mosaic_thumb_1 skip-lazy bwg_img_clear bwg_img_custom \"                 id=\"1462\"                 src=\"https:\/\/photofri.ch\/pcfwp\/wp-content\/uploads\/photo-gallery\/Administration\/2_2019_Nos_amis_les_animaux\/thumb\/Albert_PCF_concours_2_2.jpg?bwg=1586278551\"                 data-src=\"https:\/\/photofri.ch\/pcfwp\/wp-content\/uploads\/photo-gallery\/Administration\/2_2019_Nos_amis_les_animaux\/thumb\/Albert_PCF_concours_2_2.jpg?bwg=1586278551\"                 data-width=\"500\"                 data-height=\"333\"                 alt=\"Albert PCF concours 2 2\"                 title=\"Albert PCF concours 2 2\" \/>                      <\/div>        <\/a>                <a  class=\"bwg-a bwg_lightbox bwg_lightbox_1\" href=\"https:\/\/photofri.ch\/pcfwp\/wp-content\/uploads\/photo-gallery\/Administration\/2_2019_Nos_amis_les_animaux\/Concours_animaux_2019_0271__002.jpg?bwg=1586278551\" data-image-id=\"1461\" data-elementor-open-lightbox=\"no\">          <div class=\"bwg_mosaic_thumb_spun_1 bwg-item0 bwg-mosaic-thumb-span \">            <img decoding=\"async\" class=\"bwg_mosaic_thumb_1 skip-lazy bwg_img_clear bwg_img_custom \"                 id=\"1461\"                 src=\"https:\/\/photofri.ch\/pcfwp\/wp-content\/uploads\/photo-gallery\/Administration\/2_2019_Nos_amis_les_animaux\/thumb\/Concours_animaux_2019_0271__002.jpg?bwg=1586278551\"                 data-src=\"https:\/\/photofri.ch\/pcfwp\/wp-content\/uploads\/photo-gallery\/Administration\/2_2019_Nos_amis_les_animaux\/thumb\/Concours_animaux_2019_0271__002.jpg?bwg=1586278551\"                 data-width=\"500\"                 data-height=\"333\"                 alt=\"Concours animaux 2019 0271  002\"                 title=\"Concours animaux 2019 0271  002\" \/>                      <\/div>        <\/a>                <a  class=\"bwg-a bwg_lightbox bwg_lightbox_1\" href=\"https:\/\/photofri.ch\/pcfwp\/wp-content\/uploads\/photo-gallery\/Administration\/2_2019_Nos_amis_les_animaux\/Concours_animaux_2019_0271__001.jpg?bwg=1586278551\" data-image-id=\"1460\" data-elementor-open-lightbox=\"no\">          <div class=\"bwg_mosaic_thumb_spun_1 bwg-item0 bwg-mosaic-thumb-span \">            <img decoding=\"async\" class=\"bwg_mosaic_thumb_1 skip-lazy bwg_img_clear bwg_img_custom \"                 id=\"1460\"                 src=\"https:\/\/photofri.ch\/pcfwp\/wp-content\/uploads\/photo-gallery\/Administration\/2_2019_Nos_amis_les_animaux\/thumb\/Concours_animaux_2019_0271__001.jpg?bwg=1586278551\"                 data-src=\"https:\/\/photofri.ch\/pcfwp\/wp-content\/uploads\/photo-gallery\/Administration\/2_2019_Nos_amis_les_animaux\/thumb\/Concours_animaux_2019_0271__001.jpg?bwg=1586278551\"                 data-width=\"500\"                 data-height=\"333\"                 alt=\"Concours animaux 2019 0271  001\"                 title=\"Concours animaux 2019 0271  001\" \/>                      <\/div>        <\/a>                <a  class=\"bwg-a bwg_lightbox bwg_lightbox_1\" href=\"https:\/\/photofri.ch\/pcfwp\/wp-content\/uploads\/photo-gallery\/Administration\/2_2019_Nos_amis_les_animaux\/8110-1.jpg?bwg=1586278551\" data-image-id=\"1459\" data-elementor-open-lightbox=\"no\">          <div class=\"bwg_mosaic_thumb_spun_1 bwg-item0 bwg-mosaic-thumb-span \">            <img decoding=\"async\" class=\"bwg_mosaic_thumb_1 skip-lazy bwg_img_clear bwg_img_custom \"                 id=\"1459\"                 src=\"https:\/\/photofri.ch\/pcfwp\/wp-content\/uploads\/photo-gallery\/Administration\/2_2019_Nos_amis_les_animaux\/thumb\/8110-1.jpg?bwg=1586278551\"                 data-src=\"https:\/\/photofri.ch\/pcfwp\/wp-content\/uploads\/photo-gallery\/Administration\/2_2019_Nos_amis_les_animaux\/thumb\/8110-1.jpg?bwg=1586278551\"                 data-width=\"500\"                 data-height=\"334\"                 alt=\"8110-1\"                 title=\"8110-1\" \/>                      <\/div>        <\/a>                <a  class=\"bwg-a bwg_lightbox bwg_lightbox_1\" href=\"https:\/\/photofri.ch\/pcfwp\/wp-content\/uploads\/photo-gallery\/Administration\/2_2019_Nos_amis_les_animaux\/Albert_PCF_concours_2_4.jpg?bwg=1586278551\" data-image-id=\"1458\" data-elementor-open-lightbox=\"no\">          <div class=\"bwg_mosaic_thumb_spun_1 bwg-item0 bwg-mosaic-thumb-span \">            <img decoding=\"async\" class=\"bwg_mosaic_thumb_1 skip-lazy bwg_img_clear bwg_img_custom \"                 id=\"1458\"                 src=\"https:\/\/photofri.ch\/pcfwp\/wp-content\/uploads\/photo-gallery\/Administration\/2_2019_Nos_amis_les_animaux\/thumb\/Albert_PCF_concours_2_4.jpg?bwg=1586278551\"                 data-src=\"https:\/\/photofri.ch\/pcfwp\/wp-content\/uploads\/photo-gallery\/Administration\/2_2019_Nos_amis_les_animaux\/thumb\/Albert_PCF_concours_2_4.jpg?bwg=1586278551\"                 data-width=\"333\"                 data-height=\"500\"                 alt=\"Albert PCF concours 2 4\"                 title=\"Albert PCF concours 2 4\" \/>                      <\/div>        <\/a>                <a  class=\"bwg-a bwg_lightbox bwg_lightbox_1\" href=\"https:\/\/photofri.ch\/pcfwp\/wp-content\/uploads\/photo-gallery\/Administration\/2_2019_Nos_amis_les_animaux\/8110-2.jpg?bwg=1586278551\" data-image-id=\"1457\" data-elementor-open-lightbox=\"no\">          <div class=\"bwg_mosaic_thumb_spun_1 bwg-item0 bwg-mosaic-thumb-span \">            <img decoding=\"async\" class=\"bwg_mosaic_thumb_1 skip-lazy bwg_img_clear bwg_img_custom \"                 id=\"1457\"                 src=\"https:\/\/photofri.ch\/pcfwp\/wp-content\/uploads\/photo-gallery\/Administration\/2_2019_Nos_amis_les_animaux\/thumb\/8110-2.jpg?bwg=1586278551\"                 data-src=\"https:\/\/photofri.ch\/pcfwp\/wp-content\/uploads\/photo-gallery\/Administration\/2_2019_Nos_amis_les_animaux\/thumb\/8110-2.jpg?bwg=1586278551\"                 data-width=\"500\"                 data-height=\"334\"                 alt=\"8110-2\"                 title=\"8110-2\" \/>                      <\/div>        <\/a>                <a  class=\"bwg-a bwg_lightbox bwg_lightbox_1\" href=\"https:\/\/photofri.ch\/pcfwp\/wp-content\/uploads\/photo-gallery\/Administration\/2_2019_Nos_amis_les_animaux\/Concours_animaux_2019_0271__004.jpg?bwg=1586278551\" data-image-id=\"1456\" data-elementor-open-lightbox=\"no\">          <div class=\"bwg_mosaic_thumb_spun_1 bwg-item0 bwg-mosaic-thumb-span \">            <img decoding=\"async\" class=\"bwg_mosaic_thumb_1 skip-lazy bwg_img_clear bwg_img_custom \"                 id=\"1456\"                 src=\"https:\/\/photofri.ch\/pcfwp\/wp-content\/uploads\/photo-gallery\/Administration\/2_2019_Nos_amis_les_animaux\/thumb\/Concours_animaux_2019_0271__004.jpg?bwg=1586278551\"                 data-src=\"https:\/\/photofri.ch\/pcfwp\/wp-content\/uploads\/photo-gallery\/Administration\/2_2019_Nos_amis_les_animaux\/thumb\/Concours_animaux_2019_0271__004.jpg?bwg=1586278551\"                 data-width=\"500\"                 data-height=\"333\"                 alt=\"Concours animaux 2019 0271  004\"                 title=\"Concours animaux 2019 0271  004\" \/>                      <\/div>        <\/a>                <a  class=\"bwg-a bwg_lightbox bwg_lightbox_1\" href=\"https:\/\/photofri.ch\/pcfwp\/wp-content\/uploads\/photo-gallery\/Administration\/2_2019_Nos_amis_les_animaux\/Concours_animaux_2019_0271__003.jpg?bwg=1586278551\" data-image-id=\"1455\" data-elementor-open-lightbox=\"no\">          <div class=\"bwg_mosaic_thumb_spun_1 bwg-item0 bwg-mosaic-thumb-span \">            <img decoding=\"async\" class=\"bwg_mosaic_thumb_1 skip-lazy bwg_img_clear bwg_img_custom \"                 id=\"1455\"                 src=\"https:\/\/photofri.ch\/pcfwp\/wp-content\/uploads\/photo-gallery\/Administration\/2_2019_Nos_amis_les_animaux\/thumb\/Concours_animaux_2019_0271__003.jpg?bwg=1586278551\"                 data-src=\"https:\/\/photofri.ch\/pcfwp\/wp-content\/uploads\/photo-gallery\/Administration\/2_2019_Nos_amis_les_animaux\/thumb\/Concours_animaux_2019_0271__003.jpg?bwg=1586278551\"                 data-width=\"500\"                 data-height=\"375\"                 alt=\"Concours animaux 2019 0271  003\"                 title=\"Concours animaux 2019 0271  003\" \/>                      <\/div>        <\/a>                <a  class=\"bwg-a bwg_lightbox bwg_lightbox_1\" href=\"https:\/\/photofri.ch\/pcfwp\/wp-content\/uploads\/photo-gallery\/Administration\/2_2019_Nos_amis_les_animaux\/Eric_Nussbaumer.Concours_2-image_1.jpg?bwg=1586278551\" data-image-id=\"1454\" data-elementor-open-lightbox=\"no\">          <div class=\"bwg_mosaic_thumb_spun_1 bwg-item0 bwg-mosaic-thumb-span \">            <img decoding=\"async\" class=\"bwg_mosaic_thumb_1 skip-lazy bwg_img_clear bwg_img_custom \"                 id=\"1454\"                 src=\"https:\/\/photofri.ch\/pcfwp\/wp-content\/uploads\/photo-gallery\/Administration\/2_2019_Nos_amis_les_animaux\/thumb\/Eric_Nussbaumer.Concours_2-image_1.jpg?bwg=1586278551\"                 data-src=\"https:\/\/photofri.ch\/pcfwp\/wp-content\/uploads\/photo-gallery\/Administration\/2_2019_Nos_amis_les_animaux\/thumb\/Eric_Nussbaumer.Concours_2-image_1.jpg?bwg=1586278551\"                 data-width=\"500\"                 data-height=\"333\"                 alt=\"Eric Nussbaumer.Concours 2-image 1\"                 title=\"Eric Nussbaumer.Concours 2-image 1\" \/>                      <\/div>        <\/a>                <a  class=\"bwg-a bwg_lightbox bwg_lightbox_1\" href=\"https:\/\/photofri.ch\/pcfwp\/wp-content\/uploads\/photo-gallery\/Administration\/2_2019_Nos_amis_les_animaux\/concours20192_renz_christian_001.jpg?bwg=1586278551\" data-image-id=\"1453\" data-elementor-open-lightbox=\"no\">          <div class=\"bwg_mosaic_thumb_spun_1 bwg-item0 bwg-mosaic-thumb-span \">            <img decoding=\"async\" class=\"bwg_mosaic_thumb_1 skip-lazy bwg_img_clear bwg_img_custom \"                 id=\"1453\"                 src=\"https:\/\/photofri.ch\/pcfwp\/wp-content\/uploads\/photo-gallery\/Administration\/2_2019_Nos_amis_les_animaux\/thumb\/concours20192_renz_christian_001.jpg?bwg=1586278551\"                 data-src=\"https:\/\/photofri.ch\/pcfwp\/wp-content\/uploads\/photo-gallery\/Administration\/2_2019_Nos_amis_les_animaux\/thumb\/concours20192_renz_christian_001.jpg?bwg=1586278551\"                 data-width=\"500\"                 data-height=\"474\"                 alt=\"concours20192 renz christian 001\"                 title=\"concours20192 renz christian 001\" \/>                      <\/div>        <\/a>                <a  class=\"bwg-a bwg_lightbox bwg_lightbox_1\" href=\"https:\/\/photofri.ch\/pcfwp\/wp-content\/uploads\/photo-gallery\/Administration\/2_2019_Nos_amis_les_animaux\/concours20192_renz_christian_004.jpg?bwg=1586278551\" data-image-id=\"1452\" data-elementor-open-lightbox=\"no\">          <div class=\"bwg_mosaic_thumb_spun_1 bwg-item0 bwg-mosaic-thumb-span \">            <img decoding=\"async\" class=\"bwg_mosaic_thumb_1 skip-lazy bwg_img_clear bwg_img_custom \"                 id=\"1452\"                 src=\"https:\/\/photofri.ch\/pcfwp\/wp-content\/uploads\/photo-gallery\/Administration\/2_2019_Nos_amis_les_animaux\/thumb\/concours20192_renz_christian_004.jpg?bwg=1586278551\"                 data-src=\"https:\/\/photofri.ch\/pcfwp\/wp-content\/uploads\/photo-gallery\/Administration\/2_2019_Nos_amis_les_animaux\/thumb\/concours20192_renz_christian_004.jpg?bwg=1586278551\"                 data-width=\"500\"                 data-height=\"333\"                 alt=\"concours20192 renz christian 004\"                 title=\"concours20192 renz christian 004\" \/>                      <\/div>        <\/a>                <a  class=\"bwg-a bwg_lightbox bwg_lightbox_1\" href=\"https:\/\/photofri.ch\/pcfwp\/wp-content\/uploads\/photo-gallery\/Administration\/2_2019_Nos_amis_les_animaux\/concours20192_renz_christian_003.jpg?bwg=1586278551\" data-image-id=\"1451\" data-elementor-open-lightbox=\"no\">          <div class=\"bwg_mosaic_thumb_spun_1 bwg-item0 bwg-mosaic-thumb-span \">            <img decoding=\"async\" class=\"bwg_mosaic_thumb_1 skip-lazy bwg_img_clear bwg_img_custom \"                 id=\"1451\"                 src=\"https:\/\/photofri.ch\/pcfwp\/wp-content\/uploads\/photo-gallery\/Administration\/2_2019_Nos_amis_les_animaux\/thumb\/concours20192_renz_christian_003.jpg?bwg=1586278551\"                 data-src=\"https:\/\/photofri.ch\/pcfwp\/wp-content\/uploads\/photo-gallery\/Administration\/2_2019_Nos_amis_les_animaux\/thumb\/concours20192_renz_christian_003.jpg?bwg=1586278551\"                 data-width=\"500\"                 data-height=\"290\"                 alt=\"concours20192 renz christian 003\"                 title=\"concours20192 renz christian 003\" \/>                      <\/div>        <\/a>                <a  class=\"bwg-a bwg_lightbox bwg_lightbox_1\" href=\"https:\/\/photofri.ch\/pcfwp\/wp-content\/uploads\/photo-gallery\/Administration\/2_2019_Nos_amis_les_animaux\/concours20192_renz_christian_002.jpg?bwg=1586278551\" data-image-id=\"1450\" data-elementor-open-lightbox=\"no\">          <div class=\"bwg_mosaic_thumb_spun_1 bwg-item0 bwg-mosaic-thumb-span \">            <img decoding=\"async\" class=\"bwg_mosaic_thumb_1 skip-lazy bwg_img_clear bwg_img_custom \"                 id=\"1450\"                 src=\"https:\/\/photofri.ch\/pcfwp\/wp-content\/uploads\/photo-gallery\/Administration\/2_2019_Nos_amis_les_animaux\/thumb\/concours20192_renz_christian_002.jpg?bwg=1586278551\"                 data-src=\"https:\/\/photofri.ch\/pcfwp\/wp-content\/uploads\/photo-gallery\/Administration\/2_2019_Nos_amis_les_animaux\/thumb\/concours20192_renz_christian_002.jpg?bwg=1586278551\"                 data-width=\"500\"                 data-height=\"342\"                 alt=\"concours20192 renz christian 002\"                 title=\"concours20192 renz christian 002\" \/>                      <\/div>        <\/a>                <a  class=\"bwg-a bwg_lightbox bwg_lightbox_1\" href=\"https:\/\/photofri.ch\/pcfwp\/wp-content\/uploads\/photo-gallery\/Administration\/2_2019_Nos_amis_les_animaux\/Concours20192_Perriard_Frederic_002.jpg?bwg=1586278551\" data-image-id=\"1449\" data-elementor-open-lightbox=\"no\">          <div class=\"bwg_mosaic_thumb_spun_1 bwg-item0 bwg-mosaic-thumb-span \">            <img decoding=\"async\" class=\"bwg_mosaic_thumb_1 skip-lazy bwg_img_clear bwg_img_custom \"                 id=\"1449\"                 src=\"https:\/\/photofri.ch\/pcfwp\/wp-content\/uploads\/photo-gallery\/Administration\/2_2019_Nos_amis_les_animaux\/thumb\/Concours20192_Perriard_Frederic_002.jpg?bwg=1586278551\"                 data-src=\"https:\/\/photofri.ch\/pcfwp\/wp-content\/uploads\/photo-gallery\/Administration\/2_2019_Nos_amis_les_animaux\/thumb\/Concours20192_Perriard_Frederic_002.jpg?bwg=1586278551\"                 data-width=\"500\"                 data-height=\"333\"                 alt=\"Concours20192 Perriard Frederic 002\"                 title=\"Concours20192 Perriard Frederic 002\" \/>                      <\/div>        <\/a>                <a  class=\"bwg-a bwg_lightbox bwg_lightbox_1\" href=\"https:\/\/photofri.ch\/pcfwp\/wp-content\/uploads\/photo-gallery\/Administration\/2_2019_Nos_amis_les_animaux\/Concours20192_Perriard_Frederic_001.jpg?bwg=1586278551\" data-image-id=\"1448\" data-elementor-open-lightbox=\"no\">          <div class=\"bwg_mosaic_thumb_spun_1 bwg-item0 bwg-mosaic-thumb-span \">            <img decoding=\"async\" class=\"bwg_mosaic_thumb_1 skip-lazy bwg_img_clear bwg_img_custom \"                 id=\"1448\"                 src=\"https:\/\/photofri.ch\/pcfwp\/wp-content\/uploads\/photo-gallery\/Administration\/2_2019_Nos_amis_les_animaux\/thumb\/Concours20192_Perriard_Frederic_001.jpg?bwg=1586278551\"                 data-src=\"https:\/\/photofri.ch\/pcfwp\/wp-content\/uploads\/photo-gallery\/Administration\/2_2019_Nos_amis_les_animaux\/thumb\/Concours20192_Perriard_Frederic_001.jpg?bwg=1586278551\"                 data-width=\"500\"                 data-height=\"333\"                 alt=\"Concours20192 Perriard Frederic 001\"                 title=\"Concours20192 Perriard Frederic 001\" \/>                      <\/div>        <\/a>                <a  class=\"bwg-a bwg_lightbox bwg_lightbox_1\" href=\"https:\/\/photofri.ch\/pcfwp\/wp-content\/uploads\/photo-gallery\/Administration\/2_2019_Nos_amis_les_animaux\/Eric_Nussbaumer.Concours_2-image_3.jpg?bwg=1586278551\" data-image-id=\"1447\" data-elementor-open-lightbox=\"no\">          <div class=\"bwg_mosaic_thumb_spun_1 bwg-item0 bwg-mosaic-thumb-span \">            <img decoding=\"async\" class=\"bwg_mosaic_thumb_1 skip-lazy bwg_img_clear bwg_img_custom \"                 id=\"1447\"                 src=\"https:\/\/photofri.ch\/pcfwp\/wp-content\/uploads\/photo-gallery\/Administration\/2_2019_Nos_amis_les_animaux\/thumb\/Eric_Nussbaumer.Concours_2-image_3.jpg?bwg=1586278551\"                 data-src=\"https:\/\/photofri.ch\/pcfwp\/wp-content\/uploads\/photo-gallery\/Administration\/2_2019_Nos_amis_les_animaux\/thumb\/Eric_Nussbaumer.Concours_2-image_3.jpg?bwg=1586278551\"                 data-width=\"500\"                 data-height=\"333\"                 alt=\"Eric Nussbaumer.Concours 2-image 3\"                 title=\"Eric Nussbaumer.Concours 2-image 3\" \/>                      <\/div>        <\/a>                <a  class=\"bwg-a bwg_lightbox bwg_lightbox_1\" href=\"https:\/\/photofri.ch\/pcfwp\/wp-content\/uploads\/photo-gallery\/Administration\/2_2019_Nos_amis_les_animaux\/Eric_Nussbaumer.Concours_2-image_4.jpg?bwg=1586278551\" data-image-id=\"1446\" data-elementor-open-lightbox=\"no\">          <div class=\"bwg_mosaic_thumb_spun_1 bwg-item0 bwg-mosaic-thumb-span \">            <img decoding=\"async\" class=\"bwg_mosaic_thumb_1 skip-lazy bwg_img_clear bwg_img_custom \"                 id=\"1446\"                 src=\"https:\/\/photofri.ch\/pcfwp\/wp-content\/uploads\/photo-gallery\/Administration\/2_2019_Nos_amis_les_animaux\/thumb\/Eric_Nussbaumer.Concours_2-image_4.jpg?bwg=1586278551\"                 data-src=\"https:\/\/photofri.ch\/pcfwp\/wp-content\/uploads\/photo-gallery\/Administration\/2_2019_Nos_amis_les_animaux\/thumb\/Eric_Nussbaumer.Concours_2-image_4.jpg?bwg=1586278551\"                 data-width=\"500\"                 data-height=\"333\"                 alt=\"Eric Nussbaumer.Concours 2-image 4\"                 title=\"Eric Nussbaumer.Concours 2-image 4\" \/>                      <\/div>        <\/a>                <a  class=\"bwg-a bwg_lightbox bwg_lightbox_1\" href=\"https:\/\/photofri.ch\/pcfwp\/wp-content\/uploads\/photo-gallery\/Administration\/2_2019_Nos_amis_les_animaux\/Eric_Nussbaumer.Concours_2-image_2.jpg?bwg=1586278551\" data-image-id=\"1445\" data-elementor-open-lightbox=\"no\">          <div class=\"bwg_mosaic_thumb_spun_1 bwg-item0 bwg-mosaic-thumb-span \">            <img decoding=\"async\" class=\"bwg_mosaic_thumb_1 skip-lazy bwg_img_clear bwg_img_custom \"                 id=\"1445\"                 src=\"https:\/\/photofri.ch\/pcfwp\/wp-content\/uploads\/photo-gallery\/Administration\/2_2019_Nos_amis_les_animaux\/thumb\/Eric_Nussbaumer.Concours_2-image_2.jpg?bwg=1586278551\"                 data-src=\"https:\/\/photofri.ch\/pcfwp\/wp-content\/uploads\/photo-gallery\/Administration\/2_2019_Nos_amis_les_animaux\/thumb\/Eric_Nussbaumer.Concours_2-image_2.jpg?bwg=1586278551\"                 data-width=\"500\"                 data-height=\"333\"                 alt=\"Eric Nussbaumer.Concours 2-image 2\"                 title=\"Eric Nussbaumer.Concours 2-image 2\" \/>                      <\/div>        <\/a>                <a  class=\"bwg-a bwg_lightbox bwg_lightbox_1\" href=\"https:\/\/photofri.ch\/pcfwp\/wp-content\/uploads\/photo-gallery\/Administration\/2_2019_Nos_amis_les_animaux\/IMG_2383.jpg?bwg=1586278551\" data-image-id=\"1444\" data-elementor-open-lightbox=\"no\">          <div class=\"bwg_mosaic_thumb_spun_1 bwg-item0 bwg-mosaic-thumb-span \">            <img decoding=\"async\" class=\"bwg_mosaic_thumb_1 skip-lazy bwg_img_clear bwg_img_custom \"                 id=\"1444\"                 src=\"https:\/\/photofri.ch\/pcfwp\/wp-content\/uploads\/photo-gallery\/Administration\/2_2019_Nos_amis_les_animaux\/thumb\/IMG_2383.jpg?bwg=1586278551\"                 data-src=\"https:\/\/photofri.ch\/pcfwp\/wp-content\/uploads\/photo-gallery\/Administration\/2_2019_Nos_amis_les_animaux\/thumb\/IMG_2383.jpg?bwg=1586278551\"                 data-width=\"500\"                 data-height=\"333\"                 alt=\"IMG 2383\"                 title=\"IMG 2383\" \/>                      <\/div>        <\/a>                <a  class=\"bwg-a bwg_lightbox bwg_lightbox_1\" href=\"https:\/\/photofri.ch\/pcfwp\/wp-content\/uploads\/photo-gallery\/Administration\/2_2019_Nos_amis_les_animaux\/IMG_5395.jpg?bwg=1586278551\" data-image-id=\"1443\" data-elementor-open-lightbox=\"no\">          <div class=\"bwg_mosaic_thumb_spun_1 bwg-item0 bwg-mosaic-thumb-span \">            <img decoding=\"async\" class=\"bwg_mosaic_thumb_1 skip-lazy bwg_img_clear bwg_img_custom \"                 id=\"1443\"                 src=\"https:\/\/photofri.ch\/pcfwp\/wp-content\/uploads\/photo-gallery\/Administration\/2_2019_Nos_amis_les_animaux\/thumb\/IMG_5395.jpg?bwg=1586278551\"                 data-src=\"https:\/\/photofri.ch\/pcfwp\/wp-content\/uploads\/photo-gallery\/Administration\/2_2019_Nos_amis_les_animaux\/thumb\/IMG_5395.jpg?bwg=1586278551\"                 data-width=\"500\"                 data-height=\"333\"                 alt=\"IMG 5395\"                 title=\"IMG 5395\" \/>                      <\/div>        <\/a>                <a  class=\"bwg-a bwg_lightbox bwg_lightbox_1\" href=\"https:\/\/photofri.ch\/pcfwp\/wp-content\/uploads\/photo-gallery\/Administration\/2_2019_Nos_amis_les_animaux\/IMG_3226.jpg?bwg=1586278551\" data-image-id=\"1442\" data-elementor-open-lightbox=\"no\">          <div class=\"bwg_mosaic_thumb_spun_1 bwg-item0 bwg-mosaic-thumb-span \">            <img decoding=\"async\" class=\"bwg_mosaic_thumb_1 skip-lazy bwg_img_clear bwg_img_custom \"                 id=\"1442\"                 src=\"https:\/\/photofri.ch\/pcfwp\/wp-content\/uploads\/photo-gallery\/Administration\/2_2019_Nos_amis_les_animaux\/thumb\/IMG_3226.jpg?bwg=1586278551\"                 data-src=\"https:\/\/photofri.ch\/pcfwp\/wp-content\/uploads\/photo-gallery\/Administration\/2_2019_Nos_amis_les_animaux\/thumb\/IMG_3226.jpg?bwg=1586278551\"                 data-width=\"500\"                 data-height=\"333\"                 alt=\"IMG 3226\"                 title=\"IMG 3226\" \/>                      <\/div>        <\/a>                <a  class=\"bwg-a bwg_lightbox bwg_lightbox_1\" href=\"https:\/\/photofri.ch\/pcfwp\/wp-content\/uploads\/photo-gallery\/Administration\/2_2019_Nos_amis_les_animaux\/3627_C_A_COMMENTER.jpg?bwg=1586278551\" data-image-id=\"1441\" data-elementor-open-lightbox=\"no\">          <div class=\"bwg_mosaic_thumb_spun_1 bwg-item0 bwg-mosaic-thumb-span \">            <img decoding=\"async\" class=\"bwg_mosaic_thumb_1 skip-lazy bwg_img_clear bwg_img_custom \"                 id=\"1441\"                 src=\"https:\/\/photofri.ch\/pcfwp\/wp-content\/uploads\/photo-gallery\/Administration\/2_2019_Nos_amis_les_animaux\/thumb\/3627_C_A_COMMENTER.jpg?bwg=1586278551\"                 data-src=\"https:\/\/photofri.ch\/pcfwp\/wp-content\/uploads\/photo-gallery\/Administration\/2_2019_Nos_amis_les_animaux\/thumb\/3627_C_A_COMMENTER.jpg?bwg=1586278551\"                 data-width=\"500\"                 data-height=\"333\"                 alt=\"3627 C A COMMENTER\"                 title=\"3627 C A COMMENTER\" \/>                      <\/div>        <\/a>            <\/div>    <\/div>          <span class=\"bwg_nav_cont_1\">              <div class=\"tablenav-pages_1\">                      <span class=\"pagination-links_1 pagination-links\" data-pages-count=\"3\">              <span class=\"pagination-links_col1\">              <a class=\"bwg-a first-page disabled\" title=\"Go to the first page\" >\u00ab<\/a>              <a class=\"bwg-a prev-page disabled\" title=\"Go to the previous page\" >\u2039<\/a>              <\/span>\t\t\t\t\t\t\t<span class=\"pagination-links_col2\">\t\t\t\t\t\t\t\t\t<input type=\"number\" class=\"bwg_current_page\" name=\"bwg_current_page\" value=\"1\" data-url-info=\"page_number_1\" onkeypress=\"return bwg_change_page_1(event, this)\" min=\"1\" oninput=\"validity.valid||(value='')\" \/>\t\t\t\t\t\t\t\t\t\tof\t\t\t\t\t\t\t\t\t\t<span class=\"total-pages_1\">\t\t\t\t\t\t\t\t\t\t\t3\t\t\t\t\t\t\t\t\t\t<\/span>\t\t\t\t\t\t\t<\/span>              <span class=\"pagination-links_col3\">                <a class=\"bwg-a next-page-1\" title=\"Go to the next page\" href=\"\/pcfwp\/wp-json\/wp\/v2\/posts\/150?page_number_1=2\">\u203a<\/a>                <a class=\"bwg-a last-page-1\" title=\"Go to the last page\" href=\"\/pcfwp\/wp-json\/wp\/v2\/posts\/150?page_number_1=3\">\u00bb<\/a>              <\/span>\t\t\t\t\t\t<\/span>\t\t\t\t\t\t        <\/div>                <input type=\"hidden\" id=\"page_number_1\" name=\"page_number_1\" value=\"1\" \/>      <script type=\"text\/javascript\">        if( jQuery('.bwg_nav_cont_1').length > 1 ) {          jQuery('.bwg_nav_cont_1').first().remove()        }        function spider_page_1(cur, x, y, load_more) {          if (typeof load_more == \"undefined\") {            var load_more = false;          }          if (jQuery(cur).hasClass('disabled')) {            return false;          }          var items_county_1 = 3;          switch (y) {            case 1:              if (x >= items_county_1) {                document.getElementById('page_number_1').value = items_county_1;              }              else {                document.getElementById('page_number_1').value = x + 1;              }              break;            case 2:              document.getElementById('page_number_1').value = items_county_1;              break;            case -1:              if (x == 1) {                document.getElementById('page_number_1').value = 1;              }              else {                document.getElementById('page_number_1').value = x - 1;              }              break;            case -2:              document.getElementById('page_number_1').value = 1;              break;\t\t\t\t\t\tcase 0:              document.getElementById('page_number_1').value = x;              break;            default:              document.getElementById('page_number_1').value = 1;          }          bwg_ajax('gal_front_form_1', '1', 'bwg_thumbnails_mosaic_1', '0', '', 'gallery', 0, '', '', load_more, '', 1);        }        \t\t\t\t\/* Change page on input enter. *\/        function bwg_change_page_1( e, that ) {          if (  e.key == 'Enter' ) {            var to_page = parseInt(jQuery(that).val());            var pages_count = jQuery(that).parents(\".pagination-links\").data(\"pages-count\");            var current_url_param = jQuery(that).attr('data-url-info');            if (to_page > pages_count) {              to_page = 1;            }\t \t\t\t\t\t            \tvar url= new URL(window.parent.location);\t\t\t\t\t\t\tvar searchParams = new URLSearchParams(url.search);           \t \tif(searchParams != \"\"){                var get_page_number = searchParams.get(current_url_param);                searchParams.set(current_url_param, to_page);                var new_url = searchParams.toString();              }           \t \telse {                var new_url = current_url_param + \"=\" + to_page;              }\t\t\t\t\t\t\twindow.location.replace(\"?\" + new_url);\t\t\t\t\t\t\treturn false;\t\t  \t\t\t          }          return true;        }        jQuery('.bwg_load_btn_1').on('click', function () {            spider_page_1(this, 1, 1, true);            return false;        });      <\/script>      <\/span>                <\/div>        <\/form>                <div id=\"bwg_spider_popup_loading_1\" class=\"bwg_spider_popup_loading\"><\/div>        <div id=\"spider_popup_overlay_1\" class=\"spider_popup_overlay\" onclick=\"spider_destroypopup(1000)\"><\/div>        <input type=\"hidden\" id=\"bwg_random_seed_1\" value=\"644000526\">                <\/div>    <\/div>    <script>      if (document.readyState === 'complete') {        if( typeof bwg_main_ready == 'function' ) {          if ( jQuery(\"#bwg_container1_1\").height() ) {            bwg_main_ready(jQuery(\"#bwg_container1_1\"));          }        }      } else {        document.addEventListener('DOMContentLoaded', function() {          if( typeof bwg_main_ready == 'function' ) {            if ( jQuery(\"#bwg_container1_1\").height() ) {             bwg_main_ready(jQuery(\"#bwg_container1_1\"));            }          }        });      }    <\/script>     R\u00e9sultats: Pr\u00e9nom Nom Points Rang Yvan Gumy 75 1 Ren\u00e9 Duss 74 2 Markus Peissard 72 3 Cedric M\u00fcller 71 4 Lucienne Mauron 67 5 [&hellip;]<\/p>\n","protected":false},"author":2,"featured_media":3036,"comment_status":"closed","ping_status":"closed","sticky":false,"template":"","format":"standard","meta":{"_et_pb_use_builder":"on","_et_pb_old_content":"<strong>Concours 2 \u00ab Nos amis les animaux \u00bb<\/strong>\r\n\r\n0 ou 1'000 pattes, ils auront\r\n\r\nBien vivants ils seront\r\n\r\nEn photo ils nous r\u00e9jouiront\r\n\r\n[Best_Wordpress_Gallery id=\"324\" gal_title=\"Nos amis les animaux 2\/2019\"]\r\n\r\nR\u00e9sultats:\r\n<table width=\"352\">\r\n<tbody>\r\n<tr>\r\n<td width=\"88\">Pr\u00e9nom<\/td>\r\n<td width=\"88\">Nom<\/td>\r\n<td width=\"88\">Points<\/td>\r\n<td width=\"88\">Rang<\/td>\r\n<\/tr>\r\n<tr>\r\n<td>Yvan<\/td>\r\n<td>Gummy<\/td>\r\n<td>75<\/td>\r\n<td>1<\/td>\r\n<\/tr>\r\n<tr>\r\n<td>Ren\u00e9<\/td>\r\n<td>Duss<\/td>\r\n<td>74<\/td>\r\n<td>2<\/td>\r\n<\/tr>\r\n<tr>\r\n<td>Markus<\/td>\r\n<td>Peissard<\/td>\r\n<td>72<\/td>\r\n<td>3<\/td>\r\n<\/tr>\r\n<tr>\r\n<td>Cedric<\/td>\r\n<td>M\u00fcller<\/td>\r\n<td>71<\/td>\r\n<td>4<\/td>\r\n<\/tr>\r\n<tr>\r\n<td>Lucienne<\/td>\r\n<td>Mauron<\/td>\r\n<td>67<\/td>\r\n<td>5<\/td>\r\n<\/tr>\r\n<tr>\r\n<td>Christian<\/td>\r\n<td>Renz<\/td>\r\n<td>66<\/td>\r\n<td>6<\/td>\r\n<\/tr>\r\n<tr>\r\n<td>Philippes<\/td>\r\n<td>B\u00e9laz<\/td>\r\n<td>66<\/td>\r\n<td>6<\/td>\r\n<\/tr>\r\n<tr>\r\n<td>Albert<\/td>\r\n<td>Perritaz<\/td>\r\n<td>63<\/td>\r\n<td>8<\/td>\r\n<\/tr>\r\n<tr>\r\n<td>Eric<\/td>\r\n<td>Nussbaumer<\/td>\r\n<td>63<\/td>\r\n<td>8<\/td>\r\n<\/tr>\r\n<tr>\r\n<td>Andreas<\/td>\r\n<td>Christe<\/td>\r\n<td>56<\/td>\r\n<td>10<\/td>\r\n<\/tr>\r\n<tr>\r\n<td>Roland<\/td>\r\n<td>Julmy<\/td>\r\n<td>55<\/td>\r\n<td>11<\/td>\r\n<\/tr>\r\n<tr>\r\n<td>Fr\u00e9d\u00e9ric<\/td>\r\n<td>Perriard<\/td>\r\n<td>53<\/td>\r\n<td>12<\/td>\r\n<\/tr>\r\n<tr>\r\n<td>Monique<\/td>\r\n<td>Loup<\/td>\r\n<td>49<\/td>\r\n<td>13<\/td>\r\n<\/tr>\r\n<tr>\r\n<td>Alain<\/td>\r\n<td>Demicheli<\/td>\r\n<td>47<\/td>\r\n<td>14<\/td>\r\n<\/tr>\r\n<tr>\r\n<td>Marie<\/td>\r\n<td>Auclair<\/td>\r\n<td>42<\/td>\r\n<td>15<\/td>\r\n<\/tr>\r\n<\/tbody>\r\n<\/table>\r\n<em>\u00c9l\u00e9ment \u00e0 rendre 4 images num\u00e9riques, format et pr\u00e9sentation selon r\u00e8glement.\u00a0<a href=\"https:\/\/web.photofri.ch\/index.php\/104-club\/aides\/aide-administration-et-webmaster\/424-nommage-des-photos-concours\">Pour plus d'informations cliquez ici<\/a>\u00a0(acc\u00e8s limit\u00e9 aux membres, s'identifier avant de cliquer)<\/em>\r\n<em>Rendu du concours 29 avril 2019<\/em>\r\n<em>Jugement 06 mai 2019<\/em>\r\n<em>R\u00e9sultats 13 mai 2019<\/em>\r\n\r\n<em>Sans indication contraire du participant, les photos seront publi\u00e9es sur le site avec les r\u00e9sultats.<\/em>","_et_gb_content_width":"","footnotes":""},"categories":[8],"tags":[],"class_list":["post-150","post","type-post","status-publish","format-standard","has-post-thumbnail","hentry","category-concours-2019"],"_links":{"self":[{"href":"https:\/\/photofri.ch\/pcfwp\/wp-json\/wp\/v2\/posts\/150","targetHints":{"allow":["GET"]}}],"collection":[{"href":"https:\/\/photofri.ch\/pcfwp\/wp-json\/wp\/v2\/posts"}],"about":[{"href":"https:\/\/photofri.ch\/pcfwp\/wp-json\/wp\/v2\/types\/post"}],"author":[{"embeddable":true,"href":"https:\/\/photofri.ch\/pcfwp\/wp-json\/wp\/v2\/users\/2"}],"replies":[{"embeddable":true,"href":"https:\/\/photofri.ch\/pcfwp\/wp-json\/wp\/v2\/comments?post=150"}],"version-history":[{"count":11,"href":"https:\/\/photofri.ch\/pcfwp\/wp-json\/wp\/v2\/posts\/150\/revisions"}],"predecessor-version":[{"id":4026,"href":"https:\/\/photofri.ch\/pcfwp\/wp-json\/wp\/v2\/posts\/150\/revisions\/4026"}],"wp:featuredmedia":[{"embeddable":true,"href":"https:\/\/photofri.ch\/pcfwp\/wp-json\/wp\/v2\/media\/3036"}],"wp:attachment":[{"href":"https:\/\/photofri.ch\/pcfwp\/wp-json\/wp\/v2\/media?parent=150"}],"wp:term":[{"taxonomy":"category","embeddable":true,"href":"https:\/\/photofri.ch\/pcfwp\/wp-json\/wp\/v2\/categories?post=150"},{"taxonomy":"post_tag","embeddable":true,"href":"https:\/\/photofri.ch\/pcfwp\/wp-json\/wp\/v2\/tags?post=150"}],"curies":[{"name":"wp","href":"https:\/\/api.w.org\/{rel}","templated":true}]}}