{"id":152,"date":"2019-02-28T07:42:51","date_gmt":"2019-02-28T06:42:51","guid":{"rendered":"https:\/\/photofri.ch\/pcfwp\/?p=152"},"modified":"2019-11-29T15:04:52","modified_gmt":"2019-11-29T14:04:52","slug":"rallye-3-2019","status":"publish","type":"post","link":"https:\/\/photofri.ch\/pcfwp\/rallye-3-2019\/","title":{"rendered":"Rallye (3\/2019)"},"content":{"rendered":"<p>[et_pb_section fb_built=\u00a0\u00bb1&Prime; _builder_version=\u00a0\u00bb3.22&Prime;][et_pb_row _builder_version=\u00a0\u00bb3.25&Prime; background_size=\u00a0\u00bbinitial\u00a0\u00bb background_position=\u00a0\u00bbtop_left\u00a0\u00bb background_repeat=\u00a0\u00bbrepeat\u00a0\u00bb][et_pb_column type=\u00a0\u00bb4_4&Prime; _builder_version=\u00a0\u00bb3.25&Prime; custom_padding=\u00a0\u00bb|||\u00a0\u00bb custom_padding__hover=\u00a0\u00bb|||\u00a0\u00bb][et_pb_text _builder_version=\u00a0\u00bb4.0.6&Prime; background_size=\u00a0\u00bbinitial\u00a0\u00bb background_position=\u00a0\u00bbtop_left\u00a0\u00bb background_repeat=\u00a0\u00bbrepeat\u00a0\u00bb hover_enabled=\u00a0\u00bb0&Prime;]<\/p>\n<p><strong>Concours 3 \u00ab Rallye \u00bb \u2013 Portfolio<\/strong><\/p>\n<p>La fameuse course de tandem humoristique fait son retour en Vieille-Ville de Fribourg !<\/p>\n<p>Bien plus qu\u2019une \u00e9preuve sportive, les 12 Heures de l\u2019Auge sont le pendant estival du c\u00e9l\u00e8bre carnaval de l\u2019Auge.\u00a0<\/p>\n<h1>Le 15 juin 2019 est pass\u00e9\u2026 Merci pour cette humide \u00e9dition!!!<\/h1>\n<p><em>\u00c9l\u00e9ment \u00e0 rendre 5 \u00e0 7 images papier, couleur ou noir et blanc, format et pr\u00e9sentation selon r\u00e8glement<\/em><\/p>\n    <div id=\"bwg_container1_0\"         class=\"bwg_container bwg_thumbnail bwg_thumbnails_mosaic \"         data-right-click-protection=\"1\"         data-bwg=\"0\"         data-scroll=\"0\"         data-gallery-type=\"thumbnails_mosaic\"         data-gallery-view-type=\"thumbnails_mosaic\"         data-current-url=\"\/pcfwp\/wp-json\/wp\/v2\/posts\/152\"         data-lightbox-url=\"https:\/\/photofri.ch\/pcfwp\/wp-admin\/admin-ajax.php?action=GalleryBox&#038;current_view=0&#038;gallery_id=60&#038;tag=0&#038;theme_id=1&#038;shortcode_id=436&#038;sort_by=order&#038;order_by=asc&#038;current_url=%2Fpcfwp%2Fwp-json%2Fwp%2Fv2%2Fposts%2F152\"         data-gallery-id=\"60\"         data-popup-width=\"800\"         data-popup-height=\"500\"         data-is-album=\"gallery\"         data-buttons-position=\"bottom\">      <div id=\"bwg_container2_0\">             <div id=\"ajax_loading_0\" class=\"bwg_loading_div_1\">      <div class=\"bwg_loading_div_2\">        <div class=\"bwg_loading_div_3\">          <div id=\"loading_div_0\" class=\"bwg_spider_ajax_loading\">          <\/div>        <\/div>      <\/div>    <\/div>            <form id=\"gal_front_form_0\"              class=\"bwg-hidden\"              method=\"post\"              action=\"#\"              data-current=\"0\"              data-shortcode-id=\"436\"              data-gallery-type=\"thumbnails_mosaic\"              data-gallery-id=\"60\"              data-tag=\"0\"              data-album-id=\"0\"              data-theme-id=\"1\"              data-ajax-url=\"https:\/\/photofri.ch\/pcfwp\/wp-admin\/admin-ajax.php?action=bwg_frontend_data\">          <div id=\"bwg_container3_0\" class=\"bwg-background bwg-background-0\">                <div id=\"bwg_mosaic_thumbnails_div_0\"         class=\"bwg-container-0 bwg-container bwg-mosaic-thumbnails\"         data-bwg=\"0\"         data-mosaic-direction=\"vertical\"         data-resizable=\"0\"         data-width=\"500\"         data-height=\"500\"         data-total-width=\"100\"         data-block-id=\"bwg_thumbnails_mosaic_0\"         data-thumb-padding=\"4\"         data-thumb-border=\"0\"         data-title-margin=\"2px\"         data-image-title=\"hover\"         data-play-icon=\"1\"         data-ecommerce-icon=\"none\"         data-gallery-id=\"60\"         data-lightbox-url=\"https:\/\/photofri.ch\/pcfwp\/wp-admin\/admin-ajax.php?action=GalleryBox&#038;current_view=0&#038;gallery_id=60&#038;tag=0&#038;theme_id=1&#038;shortcode_id=436&#038;sort_by=order&#038;order_by=asc&#038;current_url=%2Fpcfwp%2Fwp-json%2Fwp%2Fv2%2Fposts%2F152\"         data-mosaic-thumb-transition=\"1\"         style=\"visibility: hidden\" >      <div id=\"bwg_thumbnails_mosaic_0\" class=\"bwg_mosaic_thumbnails_0\">                  <a  class=\"bwg-a bwg_lightbox bwg_lightbox_0\" href=\"https:\/\/photofri.ch\/pcfwp\/wp-content\/uploads\/photo-gallery\/Administration\/3_2019_Rallye\/LuciEnNe_MauRoN_rallye_2019_1_2.jpg?bwg=1586278551\" data-image-id=\"1811\" data-elementor-open-lightbox=\"no\">          <div class=\"bwg_mosaic_thumb_spun_0 bwg-item0 bwg-mosaic-thumb-span bwg-zoom-effect\">            <img decoding=\"async\" class=\"bwg_mosaic_thumb_0 skip-lazy bwg_img_clear bwg_img_custom \"                 id=\"1811\"                 src=\"https:\/\/photofri.ch\/pcfwp\/wp-content\/uploads\/photo-gallery\/Administration\/3_2019_Rallye\/thumb\/LuciEnNe_MauRoN_rallye_2019_1_2.jpg?bwg=1586278551\"                 data-src=\"https:\/\/photofri.ch\/pcfwp\/wp-content\/uploads\/photo-gallery\/Administration\/3_2019_Rallye\/thumb\/LuciEnNe_MauRoN_rallye_2019_1_2.jpg?bwg=1586278551\"                 data-width=\"823\"                 data-height=\"1200\"                 alt=\"12h de l auge - 15 juin 19 - L equipe no 18 - Installation\"                 title=\"12h de l auge - 15 juin 19 - L equipe no 18 - Installation\" \/>            <div class=\"bwg-zoom-effect-overlay\">              <span class=\"bwg_mosaic_title_spun1_0\">                <span class=\"bwg_mosaic_title_spun2_0\">                  12h de l auge - 15 juin 19 - L equipe no 18 - Installation                <\/span>              <\/span>              <\/div>          <\/div>        <\/a>                <a  class=\"bwg-a bwg_lightbox bwg_lightbox_0\" href=\"https:\/\/photofri.ch\/pcfwp\/wp-content\/uploads\/photo-gallery\/Administration\/3_2019_Rallye\/LuciEnNe_MauRoN_rallye_2019_4_2.jpg?bwg=1586278551\" data-image-id=\"1810\" data-elementor-open-lightbox=\"no\">          <div class=\"bwg_mosaic_thumb_spun_0 bwg-item0 bwg-mosaic-thumb-span bwg-zoom-effect\">            <img decoding=\"async\" class=\"bwg_mosaic_thumb_0 skip-lazy bwg_img_clear bwg_img_custom \"                 id=\"1810\"                 src=\"https:\/\/photofri.ch\/pcfwp\/wp-content\/uploads\/photo-gallery\/Administration\/3_2019_Rallye\/thumb\/LuciEnNe_MauRoN_rallye_2019_4_2.jpg?bwg=1586278551\"                 data-src=\"https:\/\/photofri.ch\/pcfwp\/wp-content\/uploads\/photo-gallery\/Administration\/3_2019_Rallye\/thumb\/LuciEnNe_MauRoN_rallye_2019_4_2.jpg?bwg=1586278551\"                 data-width=\"1200\"                 data-height=\"821\"                 alt=\"12h de l auge - 15 juin 19 - L equipe no 18 - A fond les manette\"                 title=\"12h de l auge - 15 juin 19 - L equipe no 18 - A fond les manette\" \/>            <div class=\"bwg-zoom-effect-overlay\">              <span class=\"bwg_mosaic_title_spun1_0\">                <span class=\"bwg_mosaic_title_spun2_0\">                  12h de l auge - 15 juin 19 - L equipe no 18 - A fond les manette                <\/span>              <\/span>              <\/div>          <\/div>        <\/a>                <a  class=\"bwg-a bwg_lightbox bwg_lightbox_0\" href=\"https:\/\/photofri.ch\/pcfwp\/wp-content\/uploads\/photo-gallery\/Administration\/3_2019_Rallye\/LuciEnNe_MauRoN_rallye_2019_2_2.jpg?bwg=1586278551\" data-image-id=\"1809\" data-elementor-open-lightbox=\"no\">          <div class=\"bwg_mosaic_thumb_spun_0 bwg-item0 bwg-mosaic-thumb-span bwg-zoom-effect\">            <img decoding=\"async\" class=\"bwg_mosaic_thumb_0 skip-lazy bwg_img_clear bwg_img_custom \"                 id=\"1809\"                 src=\"https:\/\/photofri.ch\/pcfwp\/wp-content\/uploads\/photo-gallery\/Administration\/3_2019_Rallye\/thumb\/LuciEnNe_MauRoN_rallye_2019_2_2.jpg?bwg=1586278551\"                 data-src=\"https:\/\/photofri.ch\/pcfwp\/wp-content\/uploads\/photo-gallery\/Administration\/3_2019_Rallye\/thumb\/LuciEnNe_MauRoN_rallye_2019_2_2.jpg?bwg=1586278551\"                 data-width=\"823\"                 data-height=\"1200\"                 alt=\"12h de l auge - 15 juin 19 - L equipe no 18 - Vers le depart\"                 title=\"12h de l auge - 15 juin 19 - L equipe no 18 - Vers le depart\" \/>            <div class=\"bwg-zoom-effect-overlay\">              <span class=\"bwg_mosaic_title_spun1_0\">                <span class=\"bwg_mosaic_title_spun2_0\">                  12h de l auge - 15 juin 19 - L equipe no 18 - Vers le depart                <\/span>              <\/span>              <\/div>          <\/div>        <\/a>                <a  class=\"bwg-a bwg_lightbox bwg_lightbox_0\" href=\"https:\/\/photofri.ch\/pcfwp\/wp-content\/uploads\/photo-gallery\/Administration\/3_2019_Rallye\/LuciEnNe_MauRoN_rallye_2019_5_2.jpg?bwg=1586278551\" data-image-id=\"1808\" data-elementor-open-lightbox=\"no\">          <div class=\"bwg_mosaic_thumb_spun_0 bwg-item0 bwg-mosaic-thumb-span bwg-zoom-effect\">            <img decoding=\"async\" class=\"bwg_mosaic_thumb_0 skip-lazy bwg_img_clear bwg_img_custom \"                 id=\"1808\"                 src=\"https:\/\/photofri.ch\/pcfwp\/wp-content\/uploads\/photo-gallery\/Administration\/3_2019_Rallye\/thumb\/LuciEnNe_MauRoN_rallye_2019_5_2.jpg?bwg=1586278551\"                 data-src=\"https:\/\/photofri.ch\/pcfwp\/wp-content\/uploads\/photo-gallery\/Administration\/3_2019_Rallye\/thumb\/LuciEnNe_MauRoN_rallye_2019_5_2.jpg?bwg=1586278551\"                 data-width=\"1200\"                 data-height=\"821\"                 alt=\"12h de l auge - 15 juin 19 - L equipe no 18 - L heure du casse-c\"                 title=\"12h de l auge - 15 juin 19 - L equipe no 18 - L heure du casse-c\" \/>            <div class=\"bwg-zoom-effect-overlay\">              <span class=\"bwg_mosaic_title_spun1_0\">                <span class=\"bwg_mosaic_title_spun2_0\">                  12h de l auge - 15 juin 19 - L equipe no 18 - L heure du casse-c                <\/span>              <\/span>              <\/div>          <\/div>        <\/a>                <a  class=\"bwg-a bwg_lightbox bwg_lightbox_0\" href=\"https:\/\/photofri.ch\/pcfwp\/wp-content\/uploads\/photo-gallery\/Administration\/3_2019_Rallye\/LuciEnNe_MauRoN_rallye_2019_3_2.jpg?bwg=1586278551\" data-image-id=\"1807\" data-elementor-open-lightbox=\"no\">          <div class=\"bwg_mosaic_thumb_spun_0 bwg-item0 bwg-mosaic-thumb-span bwg-zoom-effect\">            <img decoding=\"async\" class=\"bwg_mosaic_thumb_0 skip-lazy bwg_img_clear bwg_img_custom \"                 id=\"1807\"                 src=\"https:\/\/photofri.ch\/pcfwp\/wp-content\/uploads\/photo-gallery\/Administration\/3_2019_Rallye\/thumb\/LuciEnNe_MauRoN_rallye_2019_3_2.jpg?bwg=1586278551\"                 data-src=\"https:\/\/photofri.ch\/pcfwp\/wp-content\/uploads\/photo-gallery\/Administration\/3_2019_Rallye\/thumb\/LuciEnNe_MauRoN_rallye_2019_3_2.jpg?bwg=1586278551\"                 data-width=\"1200\"                 data-height=\"821\"                 alt=\"12h de l auge - 15 juin 19 - L equipe no 18 - Pret! Partez!\"                 title=\"12h de l auge - 15 juin 19 - L equipe no 18 - Pret! Partez!\" \/>            <div class=\"bwg-zoom-effect-overlay\">              <span class=\"bwg_mosaic_title_spun1_0\">                <span class=\"bwg_mosaic_title_spun2_0\">                  12h de l auge - 15 juin 19 - L equipe no 18 - Pret! Partez!                <\/span>              <\/span>              <\/div>          <\/div>        <\/a>                <a  class=\"bwg-a bwg_lightbox bwg_lightbox_0\" href=\"https:\/\/photofri.ch\/pcfwp\/wp-content\/uploads\/photo-gallery\/Administration\/3_2019_Rallye\/LuciEnNe_MauRoN_rallye_2019_6_2.jpg?bwg=1586278551\" data-image-id=\"1806\" data-elementor-open-lightbox=\"no\">          <div class=\"bwg_mosaic_thumb_spun_0 bwg-item0 bwg-mosaic-thumb-span bwg-zoom-effect\">            <img decoding=\"async\" class=\"bwg_mosaic_thumb_0 skip-lazy bwg_img_clear bwg_img_custom \"                 id=\"1806\"                 src=\"https:\/\/photofri.ch\/pcfwp\/wp-content\/uploads\/photo-gallery\/Administration\/3_2019_Rallye\/thumb\/LuciEnNe_MauRoN_rallye_2019_6_2.jpg?bwg=1586278551\"                 data-src=\"https:\/\/photofri.ch\/pcfwp\/wp-content\/uploads\/photo-gallery\/Administration\/3_2019_Rallye\/thumb\/LuciEnNe_MauRoN_rallye_2019_6_2.jpg?bwg=1586278551\"                 data-width=\"823\"                 data-height=\"1200\"                 alt=\"12h de l auge - 15 juin 19 - L equipe no 18 - C est reparti!\"                 title=\"12h de l auge - 15 juin 19 - L equipe no 18 - C est reparti!\" \/>            <div class=\"bwg-zoom-effect-overlay\">              <span class=\"bwg_mosaic_title_spun1_0\">                <span class=\"bwg_mosaic_title_spun2_0\">                  12h de l auge - 15 juin 19 - L equipe no 18 - C est reparti!                <\/span>              <\/span>              <\/div>          <\/div>        <\/a>                <a  class=\"bwg-a bwg_lightbox bwg_lightbox_0\" href=\"https:\/\/photofri.ch\/pcfwp\/wp-content\/uploads\/photo-gallery\/Administration\/3_2019_Rallye\/LuciEnNe_MauRoN_rallye_2019_7_2.jpg?bwg=1586278551\" data-image-id=\"1805\" data-elementor-open-lightbox=\"no\">          <div class=\"bwg_mosaic_thumb_spun_0 bwg-item0 bwg-mosaic-thumb-span bwg-zoom-effect\">            <img decoding=\"async\" class=\"bwg_mosaic_thumb_0 skip-lazy bwg_img_clear bwg_img_custom \"                 id=\"1805\"                 src=\"https:\/\/photofri.ch\/pcfwp\/wp-content\/uploads\/photo-gallery\/Administration\/3_2019_Rallye\/thumb\/LuciEnNe_MauRoN_rallye_2019_7_2.jpg?bwg=1586278551\"                 data-src=\"https:\/\/photofri.ch\/pcfwp\/wp-content\/uploads\/photo-gallery\/Administration\/3_2019_Rallye\/thumb\/LuciEnNe_MauRoN_rallye_2019_7_2.jpg?bwg=1586278551\"                 data-width=\"1200\"                 data-height=\"821\"                 alt=\"12h de l auge - 15 juin 19 - L equipe no 18 - Repos merite!\"                 title=\"12h de l auge - 15 juin 19 - L equipe no 18 - Repos merite!\" \/>            <div class=\"bwg-zoom-effect-overlay\">              <span class=\"bwg_mosaic_title_spun1_0\">                <span class=\"bwg_mosaic_title_spun2_0\">                  12h de l auge - 15 juin 19 - L equipe no 18 - Repos merite!                <\/span>              <\/span>              <\/div>          <\/div>        <\/a>                <a  class=\"bwg-a bwg_lightbox bwg_lightbox_0\" href=\"https:\/\/photofri.ch\/pcfwp\/wp-content\/uploads\/photo-gallery\/Administration\/3_2019_Rallye\/christian_renz_rallye_1.jpg?bwg=1586278551\" data-image-id=\"1804\" data-elementor-open-lightbox=\"no\">          <div class=\"bwg_mosaic_thumb_spun_0 bwg-item0 bwg-mosaic-thumb-span bwg-zoom-effect\">            <img decoding=\"async\" class=\"bwg_mosaic_thumb_0 skip-lazy bwg_img_clear bwg_img_custom \"                 id=\"1804\"                 src=\"https:\/\/photofri.ch\/pcfwp\/wp-content\/uploads\/photo-gallery\/Administration\/3_2019_Rallye\/thumb\/christian_renz_rallye_1.jpg?bwg=1586278551\"                 data-src=\"https:\/\/photofri.ch\/pcfwp\/wp-content\/uploads\/photo-gallery\/Administration\/3_2019_Rallye\/thumb\/christian_renz_rallye_1.jpg?bwg=1586278551\"                 data-width=\"1200\"                 data-height=\"800\"                 alt=\"christian renz rallye 1\"                 title=\"christian renz rallye 1\" \/>            <div class=\"bwg-zoom-effect-overlay\">              <span class=\"bwg_mosaic_title_spun1_0\">                <span class=\"bwg_mosaic_title_spun2_0\">                  christian renz rallye 1                <\/span>              <\/span>              <\/div>          <\/div>        <\/a>                <a  class=\"bwg-a bwg_lightbox bwg_lightbox_0\" href=\"https:\/\/photofri.ch\/pcfwp\/wp-content\/uploads\/photo-gallery\/Administration\/3_2019_Rallye\/christian_renz_rallye_2.jpg?bwg=1586278551\" data-image-id=\"1803\" data-elementor-open-lightbox=\"no\">          <div class=\"bwg_mosaic_thumb_spun_0 bwg-item0 bwg-mosaic-thumb-span bwg-zoom-effect\">            <img decoding=\"async\" class=\"bwg_mosaic_thumb_0 skip-lazy bwg_img_clear bwg_img_custom \"                 id=\"1803\"                 src=\"https:\/\/photofri.ch\/pcfwp\/wp-content\/uploads\/photo-gallery\/Administration\/3_2019_Rallye\/thumb\/christian_renz_rallye_2.jpg?bwg=1586278551\"                 data-src=\"https:\/\/photofri.ch\/pcfwp\/wp-content\/uploads\/photo-gallery\/Administration\/3_2019_Rallye\/thumb\/christian_renz_rallye_2.jpg?bwg=1586278551\"                 data-width=\"1200\"                 data-height=\"834\"                 alt=\"christian renz rallye 2\"                 title=\"christian renz rallye 2\" \/>            <div class=\"bwg-zoom-effect-overlay\">              <span class=\"bwg_mosaic_title_spun1_0\">                <span class=\"bwg_mosaic_title_spun2_0\">                  christian renz rallye 2                <\/span>              <\/span>              <\/div>          <\/div>        <\/a>                <a  class=\"bwg-a bwg_lightbox bwg_lightbox_0\" href=\"https:\/\/photofri.ch\/pcfwp\/wp-content\/uploads\/photo-gallery\/Administration\/3_2019_Rallye\/christian_renz_rallye_3.jpg?bwg=1586278551\" data-image-id=\"1802\" data-elementor-open-lightbox=\"no\">          <div class=\"bwg_mosaic_thumb_spun_0 bwg-item0 bwg-mosaic-thumb-span bwg-zoom-effect\">            <img decoding=\"async\" class=\"bwg_mosaic_thumb_0 skip-lazy bwg_img_clear bwg_img_custom \"                 id=\"1802\"                 src=\"https:\/\/photofri.ch\/pcfwp\/wp-content\/uploads\/photo-gallery\/Administration\/3_2019_Rallye\/thumb\/christian_renz_rallye_3.jpg?bwg=1586278551\"                 data-src=\"https:\/\/photofri.ch\/pcfwp\/wp-content\/uploads\/photo-gallery\/Administration\/3_2019_Rallye\/thumb\/christian_renz_rallye_3.jpg?bwg=1586278551\"                 data-width=\"1200\"                 data-height=\"716\"                 alt=\"christian renz rallye 3\"                 title=\"christian renz rallye 3\" \/>            <div class=\"bwg-zoom-effect-overlay\">              <span class=\"bwg_mosaic_title_spun1_0\">                <span class=\"bwg_mosaic_title_spun2_0\">                  christian renz rallye 3                <\/span>              <\/span>              <\/div>          <\/div>        <\/a>                <a  class=\"bwg-a bwg_lightbox bwg_lightbox_0\" href=\"https:\/\/photofri.ch\/pcfwp\/wp-content\/uploads\/photo-gallery\/Administration\/3_2019_Rallye\/christian_renz_rallye_4.jpg?bwg=1586278551\" data-image-id=\"1801\" data-elementor-open-lightbox=\"no\">          <div class=\"bwg_mosaic_thumb_spun_0 bwg-item0 bwg-mosaic-thumb-span bwg-zoom-effect\">            <img decoding=\"async\" class=\"bwg_mosaic_thumb_0 skip-lazy bwg_img_clear bwg_img_custom \"                 id=\"1801\"                 src=\"https:\/\/photofri.ch\/pcfwp\/wp-content\/uploads\/photo-gallery\/Administration\/3_2019_Rallye\/thumb\/christian_renz_rallye_4.jpg?bwg=1586278551\"                 data-src=\"https:\/\/photofri.ch\/pcfwp\/wp-content\/uploads\/photo-gallery\/Administration\/3_2019_Rallye\/thumb\/christian_renz_rallye_4.jpg?bwg=1586278551\"                 data-width=\"1200\"                 data-height=\"730\"                 alt=\"christian renz rallye 4\"                 title=\"christian renz rallye 4\" \/>            <div class=\"bwg-zoom-effect-overlay\">              <span class=\"bwg_mosaic_title_spun1_0\">                <span class=\"bwg_mosaic_title_spun2_0\">                  christian renz rallye 4                <\/span>              <\/span>              <\/div>          <\/div>        <\/a>                <a  class=\"bwg-a bwg_lightbox bwg_lightbox_0\" href=\"https:\/\/photofri.ch\/pcfwp\/wp-content\/uploads\/photo-gallery\/Administration\/3_2019_Rallye\/christian_renz_rallye_5.jpg?bwg=1586278551\" data-image-id=\"1800\" data-elementor-open-lightbox=\"no\">          <div class=\"bwg_mosaic_thumb_spun_0 bwg-item0 bwg-mosaic-thumb-span bwg-zoom-effect\">            <img decoding=\"async\" class=\"bwg_mosaic_thumb_0 skip-lazy bwg_img_clear bwg_img_custom \"                 id=\"1800\"                 src=\"https:\/\/photofri.ch\/pcfwp\/wp-content\/uploads\/photo-gallery\/Administration\/3_2019_Rallye\/thumb\/christian_renz_rallye_5.jpg?bwg=1586278551\"                 data-src=\"https:\/\/photofri.ch\/pcfwp\/wp-content\/uploads\/photo-gallery\/Administration\/3_2019_Rallye\/thumb\/christian_renz_rallye_5.jpg?bwg=1586278551\"                 data-width=\"1200\"                 data-height=\"800\"                 alt=\"christian renz rallye 5\"                 title=\"christian renz rallye 5\" \/>            <div class=\"bwg-zoom-effect-overlay\">              <span class=\"bwg_mosaic_title_spun1_0\">                <span class=\"bwg_mosaic_title_spun2_0\">                  christian renz rallye 5                <\/span>              <\/span>              <\/div>          <\/div>        <\/a>                <a  class=\"bwg-a bwg_lightbox bwg_lightbox_0\" href=\"https:\/\/photofri.ch\/pcfwp\/wp-content\/uploads\/photo-gallery\/Administration\/3_2019_Rallye\/christian_renz_rallye_6.jpg?bwg=1586278551\" data-image-id=\"1799\" data-elementor-open-lightbox=\"no\">          <div class=\"bwg_mosaic_thumb_spun_0 bwg-item0 bwg-mosaic-thumb-span bwg-zoom-effect\">            <img decoding=\"async\" class=\"bwg_mosaic_thumb_0 skip-lazy bwg_img_clear bwg_img_custom \"                 id=\"1799\"                 src=\"https:\/\/photofri.ch\/pcfwp\/wp-content\/uploads\/photo-gallery\/Administration\/3_2019_Rallye\/thumb\/christian_renz_rallye_6.jpg?bwg=1586278551\"                 data-src=\"https:\/\/photofri.ch\/pcfwp\/wp-content\/uploads\/photo-gallery\/Administration\/3_2019_Rallye\/thumb\/christian_renz_rallye_6.jpg?bwg=1586278551\"                 data-width=\"1200\"                 data-height=\"800\"                 alt=\"christian renz rallye 6\"                 title=\"christian renz rallye 6\" \/>            <div class=\"bwg-zoom-effect-overlay\">              <span class=\"bwg_mosaic_title_spun1_0\">                <span class=\"bwg_mosaic_title_spun2_0\">                  christian renz rallye 6                <\/span>              <\/span>              <\/div>          <\/div>        <\/a>                <a  class=\"bwg-a bwg_lightbox bwg_lightbox_0\" href=\"https:\/\/photofri.ch\/pcfwp\/wp-content\/uploads\/photo-gallery\/Administration\/3_2019_Rallye\/christian_renz_rallye_7.jpg?bwg=1586278551\" data-image-id=\"1798\" data-elementor-open-lightbox=\"no\">          <div class=\"bwg_mosaic_thumb_spun_0 bwg-item0 bwg-mosaic-thumb-span bwg-zoom-effect\">            <img decoding=\"async\" class=\"bwg_mosaic_thumb_0 skip-lazy bwg_img_clear bwg_img_custom \"                 id=\"1798\"                 src=\"https:\/\/photofri.ch\/pcfwp\/wp-content\/uploads\/photo-gallery\/Administration\/3_2019_Rallye\/thumb\/christian_renz_rallye_7.jpg?bwg=1586278551\"                 data-src=\"https:\/\/photofri.ch\/pcfwp\/wp-content\/uploads\/photo-gallery\/Administration\/3_2019_Rallye\/thumb\/christian_renz_rallye_7.jpg?bwg=1586278551\"                 data-width=\"1200\"                 data-height=\"908\"                 alt=\"christian renz rallye 7\"                 title=\"christian renz rallye 7\" \/>            <div class=\"bwg-zoom-effect-overlay\">              <span class=\"bwg_mosaic_title_spun1_0\">                <span class=\"bwg_mosaic_title_spun2_0\">                  christian renz rallye 7                <\/span>              <\/span>              <\/div>          <\/div>        <\/a>                <a  class=\"bwg-a bwg_lightbox bwg_lightbox_0\" href=\"https:\/\/photofri.ch\/pcfwp\/wp-content\/uploads\/photo-gallery\/Administration\/3_2019_Rallye\/15062019-File215-4.jpg?bwg=1586278551\" data-image-id=\"1797\" data-elementor-open-lightbox=\"no\">          <div class=\"bwg_mosaic_thumb_spun_0 bwg-item0 bwg-mosaic-thumb-span bwg-zoom-effect\">            <img decoding=\"async\" class=\"bwg_mosaic_thumb_0 skip-lazy bwg_img_clear bwg_img_custom \"                 id=\"1797\"                 src=\"https:\/\/photofri.ch\/pcfwp\/wp-content\/uploads\/photo-gallery\/Administration\/3_2019_Rallye\/thumb\/15062019-File215-4.jpg?bwg=1586278551\"                 data-src=\"https:\/\/photofri.ch\/pcfwp\/wp-content\/uploads\/photo-gallery\/Administration\/3_2019_Rallye\/thumb\/15062019-File215-4.jpg?bwg=1586278551\"                 data-width=\"1080\"                 data-height=\"720\"                 alt=\"Susanna L\u00fcssi Rallye 1\"                 title=\"Susanna L\u00fcssi Rallye 1\" \/>            <div class=\"bwg-zoom-effect-overlay\">              <span class=\"bwg_mosaic_title_spun1_0\">                <span class=\"bwg_mosaic_title_spun2_0\">                  Susanna L\u00fcssi Rallye 1                <\/span>              <\/span>              <\/div>          <\/div>        <\/a>                <a  class=\"bwg-a bwg_lightbox bwg_lightbox_0\" href=\"https:\/\/photofri.ch\/pcfwp\/wp-content\/uploads\/photo-gallery\/Administration\/3_2019_Rallye\/15062019-File278-5.jpg?bwg=1586278551\" data-image-id=\"1796\" data-elementor-open-lightbox=\"no\">          <div class=\"bwg_mosaic_thumb_spun_0 bwg-item0 bwg-mosaic-thumb-span bwg-zoom-effect\">            <img decoding=\"async\" class=\"bwg_mosaic_thumb_0 skip-lazy bwg_img_clear bwg_img_custom \"                 id=\"1796\"                 src=\"https:\/\/photofri.ch\/pcfwp\/wp-content\/uploads\/photo-gallery\/Administration\/3_2019_Rallye\/thumb\/15062019-File278-5.jpg?bwg=1586278551\"                 data-src=\"https:\/\/photofri.ch\/pcfwp\/wp-content\/uploads\/photo-gallery\/Administration\/3_2019_Rallye\/thumb\/15062019-File278-5.jpg?bwg=1586278551\"                 data-width=\"1080\"                 data-height=\"720\"                 alt=\"Susanna L\u00fcssi Rallye 2\"                 title=\"Susanna L\u00fcssi Rallye 2\" \/>            <div class=\"bwg-zoom-effect-overlay\">              <span class=\"bwg_mosaic_title_spun1_0\">                <span class=\"bwg_mosaic_title_spun2_0\">                  Susanna L\u00fcssi Rallye 2                <\/span>              <\/span>              <\/div>          <\/div>        <\/a>                <a  class=\"bwg-a bwg_lightbox bwg_lightbox_0\" href=\"https:\/\/photofri.ch\/pcfwp\/wp-content\/uploads\/photo-gallery\/Administration\/3_2019_Rallye\/15062019-File214-3.jpg?bwg=1586278551\" data-image-id=\"1795\" data-elementor-open-lightbox=\"no\">          <div class=\"bwg_mosaic_thumb_spun_0 bwg-item0 bwg-mosaic-thumb-span bwg-zoom-effect\">            <img decoding=\"async\" class=\"bwg_mosaic_thumb_0 skip-lazy bwg_img_clear bwg_img_custom \"                 id=\"1795\"                 src=\"https:\/\/photofri.ch\/pcfwp\/wp-content\/uploads\/photo-gallery\/Administration\/3_2019_Rallye\/thumb\/15062019-File214-3.jpg?bwg=1586278551\"                 data-src=\"https:\/\/photofri.ch\/pcfwp\/wp-content\/uploads\/photo-gallery\/Administration\/3_2019_Rallye\/thumb\/15062019-File214-3.jpg?bwg=1586278551\"                 data-width=\"1080\"                 data-height=\"720\"                 alt=\"Susanna L\u00fcssi Rallye 3\"                 title=\"Susanna L\u00fcssi Rallye 3\" \/>            <div class=\"bwg-zoom-effect-overlay\">              <span class=\"bwg_mosaic_title_spun1_0\">                <span class=\"bwg_mosaic_title_spun2_0\">                  Susanna L\u00fcssi Rallye 3                <\/span>              <\/span>              <\/div>          <\/div>        <\/a>                <a  class=\"bwg-a bwg_lightbox bwg_lightbox_0\" href=\"https:\/\/photofri.ch\/pcfwp\/wp-content\/uploads\/photo-gallery\/Administration\/3_2019_Rallye\/15062019-File085-1.jpg?bwg=1586278551\" data-image-id=\"1794\" data-elementor-open-lightbox=\"no\">          <div class=\"bwg_mosaic_thumb_spun_0 bwg-item0 bwg-mosaic-thumb-span bwg-zoom-effect\">            <img decoding=\"async\" class=\"bwg_mosaic_thumb_0 skip-lazy bwg_img_clear bwg_img_custom \"                 id=\"1794\"                 src=\"https:\/\/photofri.ch\/pcfwp\/wp-content\/uploads\/photo-gallery\/Administration\/3_2019_Rallye\/thumb\/15062019-File085-1.jpg?bwg=1586278551\"                 data-src=\"https:\/\/photofri.ch\/pcfwp\/wp-content\/uploads\/photo-gallery\/Administration\/3_2019_Rallye\/thumb\/15062019-File085-1.jpg?bwg=1586278551\"                 data-width=\"720\"                 data-height=\"1080\"                 alt=\"Susanna L\u00fcssi Rallye 4\"                 title=\"Susanna L\u00fcssi Rallye 4\" \/>            <div class=\"bwg-zoom-effect-overlay\">              <span class=\"bwg_mosaic_title_spun1_0\">                <span class=\"bwg_mosaic_title_spun2_0\">                  Susanna L\u00fcssi Rallye 4                <\/span>              <\/span>              <\/div>          <\/div>        <\/a>                <a  class=\"bwg-a bwg_lightbox bwg_lightbox_0\" href=\"https:\/\/photofri.ch\/pcfwp\/wp-content\/uploads\/photo-gallery\/Administration\/3_2019_Rallye\/15062019-File213-2.jpg?bwg=1586278551\" data-image-id=\"1793\" data-elementor-open-lightbox=\"no\">          <div class=\"bwg_mosaic_thumb_spun_0 bwg-item0 bwg-mosaic-thumb-span bwg-zoom-effect\">            <img decoding=\"async\" class=\"bwg_mosaic_thumb_0 skip-lazy bwg_img_clear bwg_img_custom \"                 id=\"1793\"                 src=\"https:\/\/photofri.ch\/pcfwp\/wp-content\/uploads\/photo-gallery\/Administration\/3_2019_Rallye\/thumb\/15062019-File213-2.jpg?bwg=1586278551\"                 data-src=\"https:\/\/photofri.ch\/pcfwp\/wp-content\/uploads\/photo-gallery\/Administration\/3_2019_Rallye\/thumb\/15062019-File213-2.jpg?bwg=1586278551\"                 data-width=\"1080\"                 data-height=\"720\"                 alt=\"Susanna L\u00fcssi Rallye 5\"                 title=\"Susanna L\u00fcssi Rallye 5\" \/>            <div class=\"bwg-zoom-effect-overlay\">              <span class=\"bwg_mosaic_title_spun1_0\">                <span class=\"bwg_mosaic_title_spun2_0\">                  Susanna L\u00fcssi Rallye 5                <\/span>              <\/span>              <\/div>          <\/div>        <\/a>                <a  class=\"bwg-a bwg_lightbox bwg_lightbox_0\" href=\"https:\/\/photofri.ch\/pcfwp\/wp-content\/uploads\/photo-gallery\/Administration\/3_2019_Rallye\/15062019-IMG_3991.jpg?bwg=1586278551\" data-image-id=\"1792\" data-elementor-open-lightbox=\"no\">          <div class=\"bwg_mosaic_thumb_spun_0 bwg-item0 bwg-mosaic-thumb-span bwg-zoom-effect\">            <img decoding=\"async\" class=\"bwg_mosaic_thumb_0 skip-lazy bwg_img_clear bwg_img_custom \"                 id=\"1792\"                 src=\"https:\/\/photofri.ch\/pcfwp\/wp-content\/uploads\/photo-gallery\/Administration\/3_2019_Rallye\/thumb\/15062019-IMG_3991.jpg?bwg=1586278551\"                 data-src=\"https:\/\/photofri.ch\/pcfwp\/wp-content\/uploads\/photo-gallery\/Administration\/3_2019_Rallye\/thumb\/15062019-IMG_3991.jpg?bwg=1586278551\"                 data-width=\"800\"                 data-height=\"1200\"                 alt=\"15062019-IMG 3991\"                 title=\"15062019-IMG 3991\" \/>            <div class=\"bwg-zoom-effect-overlay\">              <span class=\"bwg_mosaic_title_spun1_0\">                <span class=\"bwg_mosaic_title_spun2_0\">                  15062019-IMG 3991                <\/span>              <\/span>              <\/div>          <\/div>        <\/a>                <a  class=\"bwg-a bwg_lightbox bwg_lightbox_0\" href=\"https:\/\/photofri.ch\/pcfwp\/wp-content\/uploads\/photo-gallery\/Administration\/3_2019_Rallye\/15062019-IMG_3945.jpg?bwg=1586278551\" data-image-id=\"1791\" data-elementor-open-lightbox=\"no\">          <div class=\"bwg_mosaic_thumb_spun_0 bwg-item0 bwg-mosaic-thumb-span bwg-zoom-effect\">            <img decoding=\"async\" class=\"bwg_mosaic_thumb_0 skip-lazy bwg_img_clear bwg_img_custom \"                 id=\"1791\"                 src=\"https:\/\/photofri.ch\/pcfwp\/wp-content\/uploads\/photo-gallery\/Administration\/3_2019_Rallye\/thumb\/15062019-IMG_3945.jpg?bwg=1586278551\"                 data-src=\"https:\/\/photofri.ch\/pcfwp\/wp-content\/uploads\/photo-gallery\/Administration\/3_2019_Rallye\/thumb\/15062019-IMG_3945.jpg?bwg=1586278551\"                 data-width=\"800\"                 data-height=\"1200\"                 alt=\"15062019-IMG 3945\"                 title=\"15062019-IMG 3945\" \/>            <div class=\"bwg-zoom-effect-overlay\">              <span class=\"bwg_mosaic_title_spun1_0\">                <span class=\"bwg_mosaic_title_spun2_0\">                  15062019-IMG 3945                <\/span>              <\/span>              <\/div>          <\/div>        <\/a>                <a  class=\"bwg-a bwg_lightbox bwg_lightbox_0\" href=\"https:\/\/photofri.ch\/pcfwp\/wp-content\/uploads\/photo-gallery\/Administration\/3_2019_Rallye\/15062019-IMG_3969.jpg?bwg=1586278551\" data-image-id=\"1790\" data-elementor-open-lightbox=\"no\">          <div class=\"bwg_mosaic_thumb_spun_0 bwg-item0 bwg-mosaic-thumb-span bwg-zoom-effect\">            <img decoding=\"async\" class=\"bwg_mosaic_thumb_0 skip-lazy bwg_img_clear bwg_img_custom \"                 id=\"1790\"                 src=\"https:\/\/photofri.ch\/pcfwp\/wp-content\/uploads\/photo-gallery\/Administration\/3_2019_Rallye\/thumb\/15062019-IMG_3969.jpg?bwg=1586278551\"                 data-src=\"https:\/\/photofri.ch\/pcfwp\/wp-content\/uploads\/photo-gallery\/Administration\/3_2019_Rallye\/thumb\/15062019-IMG_3969.jpg?bwg=1586278551\"                 data-width=\"1200\"                 data-height=\"800\"                 alt=\"15062019-IMG 3969\"                 title=\"15062019-IMG 3969\" \/>            <div class=\"bwg-zoom-effect-overlay\">              <span class=\"bwg_mosaic_title_spun1_0\">                <span class=\"bwg_mosaic_title_spun2_0\">                  15062019-IMG 3969                <\/span>              <\/span>              <\/div>          <\/div>        <\/a>                <a  class=\"bwg-a bwg_lightbox bwg_lightbox_0\" href=\"https:\/\/photofri.ch\/pcfwp\/wp-content\/uploads\/photo-gallery\/Administration\/3_2019_Rallye\/15062019-IMG_4382.jpg?bwg=1586278551\" data-image-id=\"1789\" data-elementor-open-lightbox=\"no\">          <div class=\"bwg_mosaic_thumb_spun_0 bwg-item0 bwg-mosaic-thumb-span bwg-zoom-effect\">            <img decoding=\"async\" class=\"bwg_mosaic_thumb_0 skip-lazy bwg_img_clear bwg_img_custom \"                 id=\"1789\"                 src=\"https:\/\/photofri.ch\/pcfwp\/wp-content\/uploads\/photo-gallery\/Administration\/3_2019_Rallye\/thumb\/15062019-IMG_4382.jpg?bwg=1586278551\"                 data-src=\"https:\/\/photofri.ch\/pcfwp\/wp-content\/uploads\/photo-gallery\/Administration\/3_2019_Rallye\/thumb\/15062019-IMG_4382.jpg?bwg=1586278551\"                 data-width=\"800\"                 data-height=\"1200\"                 alt=\"15062019-IMG 4382\"                 title=\"15062019-IMG 4382\" \/>            <div class=\"bwg-zoom-effect-overlay\">              <span class=\"bwg_mosaic_title_spun1_0\">                <span class=\"bwg_mosaic_title_spun2_0\">                  15062019-IMG 4382                <\/span>              <\/span>              <\/div>          <\/div>        <\/a>                <a  class=\"bwg-a bwg_lightbox bwg_lightbox_0\" href=\"https:\/\/photofri.ch\/pcfwp\/wp-content\/uploads\/photo-gallery\/Administration\/3_2019_Rallye\/15062019-IMG_4538.jpg?bwg=1586278551\" data-image-id=\"1788\" data-elementor-open-lightbox=\"no\">          <div class=\"bwg_mosaic_thumb_spun_0 bwg-item0 bwg-mosaic-thumb-span bwg-zoom-effect\">            <img decoding=\"async\" class=\"bwg_mosaic_thumb_0 skip-lazy bwg_img_clear bwg_img_custom \"                 id=\"1788\"                 src=\"https:\/\/photofri.ch\/pcfwp\/wp-content\/uploads\/photo-gallery\/Administration\/3_2019_Rallye\/thumb\/15062019-IMG_4538.jpg?bwg=1586278551\"                 data-src=\"https:\/\/photofri.ch\/pcfwp\/wp-content\/uploads\/photo-gallery\/Administration\/3_2019_Rallye\/thumb\/15062019-IMG_4538.jpg?bwg=1586278551\"                 data-width=\"1200\"                 data-height=\"800\"                 alt=\"15062019-IMG 4538\"                 title=\"15062019-IMG 4538\" \/>            <div class=\"bwg-zoom-effect-overlay\">              <span class=\"bwg_mosaic_title_spun1_0\">                <span class=\"bwg_mosaic_title_spun2_0\">                  15062019-IMG 4538                <\/span>              <\/span>              <\/div>          <\/div>        <\/a>                <a  class=\"bwg-a bwg_lightbox bwg_lightbox_0\" href=\"https:\/\/photofri.ch\/pcfwp\/wp-content\/uploads\/photo-gallery\/Administration\/3_2019_Rallye\/15062019-File085-1.jpeg?bwg=1586278551\" data-image-id=\"1787\" data-elementor-open-lightbox=\"no\">          <div class=\"bwg_mosaic_thumb_spun_0 bwg-item0 bwg-mosaic-thumb-span bwg-zoom-effect\">            <img decoding=\"async\" class=\"bwg_mosaic_thumb_0 skip-lazy bwg_img_clear bwg_img_custom \"                 id=\"1787\"                 src=\"https:\/\/photofri.ch\/pcfwp\/wp-content\/uploads\/photo-gallery\/Administration\/3_2019_Rallye\/thumb\/15062019-File085-1.jpeg?bwg=1586278551\"                 data-src=\"https:\/\/photofri.ch\/pcfwp\/wp-content\/uploads\/photo-gallery\/Administration\/3_2019_Rallye\/thumb\/15062019-File085-1.jpeg?bwg=1586278551\"                 data-width=\"214\"                 data-height=\"320\"                 alt=\"15062019-File085-1\"                 title=\"15062019-File085-1\" \/>            <div class=\"bwg-zoom-effect-overlay\">              <span class=\"bwg_mosaic_title_spun1_0\">                <span class=\"bwg_mosaic_title_spun2_0\">                  15062019-File085-1                <\/span>              <\/span>              <\/div>          <\/div>        <\/a>                <a  class=\"bwg-a bwg_lightbox bwg_lightbox_0\" href=\"https:\/\/photofri.ch\/pcfwp\/wp-content\/uploads\/photo-gallery\/Administration\/3_2019_Rallye\/15062019-File213-1.jpeg?bwg=1586278551\" data-image-id=\"1786\" data-elementor-open-lightbox=\"no\">          <div class=\"bwg_mosaic_thumb_spun_0 bwg-item0 bwg-mosaic-thumb-span bwg-zoom-effect\">            <img decoding=\"async\" class=\"bwg_mosaic_thumb_0 skip-lazy bwg_img_clear bwg_img_custom \"                 id=\"1786\"                 src=\"https:\/\/photofri.ch\/pcfwp\/wp-content\/uploads\/photo-gallery\/Administration\/3_2019_Rallye\/thumb\/15062019-File213-1.jpeg?bwg=1586278551\"                 data-src=\"https:\/\/photofri.ch\/pcfwp\/wp-content\/uploads\/photo-gallery\/Administration\/3_2019_Rallye\/thumb\/15062019-File213-1.jpeg?bwg=1586278551\"                 data-width=\"320\"                 data-height=\"214\"                 alt=\"15062019-File213-1\"                 title=\"15062019-File213-1\" \/>            <div class=\"bwg-zoom-effect-overlay\">              <span class=\"bwg_mosaic_title_spun1_0\">                <span class=\"bwg_mosaic_title_spun2_0\">                  15062019-File213-1                <\/span>              <\/span>              <\/div>          <\/div>        <\/a>                <a  class=\"bwg-a bwg_lightbox bwg_lightbox_0\" href=\"https:\/\/photofri.ch\/pcfwp\/wp-content\/uploads\/photo-gallery\/Administration\/3_2019_Rallye\/15062019-File214-1.jpeg?bwg=1586278551\" data-image-id=\"1785\" data-elementor-open-lightbox=\"no\">          <div class=\"bwg_mosaic_thumb_spun_0 bwg-item0 bwg-mosaic-thumb-span bwg-zoom-effect\">            <img decoding=\"async\" class=\"bwg_mosaic_thumb_0 skip-lazy bwg_img_clear bwg_img_custom \"                 id=\"1785\"                 src=\"https:\/\/photofri.ch\/pcfwp\/wp-content\/uploads\/photo-gallery\/Administration\/3_2019_Rallye\/thumb\/15062019-File214-1.jpeg?bwg=1586278551\"                 data-src=\"https:\/\/photofri.ch\/pcfwp\/wp-content\/uploads\/photo-gallery\/Administration\/3_2019_Rallye\/thumb\/15062019-File214-1.jpeg?bwg=1586278551\"                 data-width=\"320\"                 data-height=\"214\"                 alt=\"15062019-File214-1\"                 title=\"15062019-File214-1\" \/>            <div class=\"bwg-zoom-effect-overlay\">              <span class=\"bwg_mosaic_title_spun1_0\">                <span class=\"bwg_mosaic_title_spun2_0\">                  15062019-File214-1                <\/span>              <\/span>              <\/div>          <\/div>        <\/a>                <a  class=\"bwg-a bwg_lightbox bwg_lightbox_0\" href=\"https:\/\/photofri.ch\/pcfwp\/wp-content\/uploads\/photo-gallery\/Administration\/3_2019_Rallye\/15062019-File278-1.jpeg?bwg=1586278551\" data-image-id=\"1784\" data-elementor-open-lightbox=\"no\">          <div class=\"bwg_mosaic_thumb_spun_0 bwg-item0 bwg-mosaic-thumb-span bwg-zoom-effect\">            <img decoding=\"async\" class=\"bwg_mosaic_thumb_0 skip-lazy bwg_img_clear bwg_img_custom \"                 id=\"1784\"                 src=\"https:\/\/photofri.ch\/pcfwp\/wp-content\/uploads\/photo-gallery\/Administration\/3_2019_Rallye\/thumb\/15062019-File278-1.jpeg?bwg=1586278551\"                 data-src=\"https:\/\/photofri.ch\/pcfwp\/wp-content\/uploads\/photo-gallery\/Administration\/3_2019_Rallye\/thumb\/15062019-File278-1.jpeg?bwg=1586278551\"                 data-width=\"320\"                 data-height=\"214\"                 alt=\"15062019-File278-1\"                 title=\"15062019-File278-1\" \/>            <div class=\"bwg-zoom-effect-overlay\">              <span class=\"bwg_mosaic_title_spun1_0\">                <span class=\"bwg_mosaic_title_spun2_0\">                  15062019-File278-1                <\/span>              <\/span>              <\/div>          <\/div>        <\/a>                <a  class=\"bwg-a bwg_lightbox bwg_lightbox_0\" href=\"https:\/\/photofri.ch\/pcfwp\/wp-content\/uploads\/photo-gallery\/Administration\/3_2019_Rallye\/15062019-File215-1.jpeg?bwg=1586278551\" data-image-id=\"1783\" data-elementor-open-lightbox=\"no\">          <div class=\"bwg_mosaic_thumb_spun_0 bwg-item0 bwg-mosaic-thumb-span bwg-zoom-effect\">            <img decoding=\"async\" class=\"bwg_mosaic_thumb_0 skip-lazy bwg_img_clear bwg_img_custom \"                 id=\"1783\"                 src=\"https:\/\/photofri.ch\/pcfwp\/wp-content\/uploads\/photo-gallery\/Administration\/3_2019_Rallye\/thumb\/15062019-File215-1.jpeg?bwg=1586278551\"                 data-src=\"https:\/\/photofri.ch\/pcfwp\/wp-content\/uploads\/photo-gallery\/Administration\/3_2019_Rallye\/thumb\/15062019-File215-1.jpeg?bwg=1586278551\"                 data-width=\"320\"                 data-height=\"214\"                 alt=\"15062019-File215-1\"                 title=\"15062019-File215-1\" \/>            <div class=\"bwg-zoom-effect-overlay\">              <span class=\"bwg_mosaic_title_spun1_0\">                <span class=\"bwg_mosaic_title_spun2_0\">                  15062019-File215-1                <\/span>              <\/span>              <\/div>          <\/div>        <\/a>            <\/div>    <\/div>          <span class=\"bwg_nav_cont_0\">              <div class=\"tablenav-pages_0\">                  <\/div>                <input type=\"hidden\" id=\"page_number_0\" name=\"page_number_0\" value=\"1\" \/>      <script type=\"text\/javascript\">        if( jQuery('.bwg_nav_cont_0').length > 1 ) {          jQuery('.bwg_nav_cont_0').first().remove()        }        function spider_page_0(cur, x, y, load_more) {          if (typeof load_more == \"undefined\") {            var load_more = false;          }          if (jQuery(cur).hasClass('disabled')) {            return false;          }          var items_county_0 = 1;          switch (y) {            case 1:              if (x >= items_county_0) {                document.getElementById('page_number_0').value = items_county_0;              }              else {                document.getElementById('page_number_0').value = x + 1;              }              break;            case 2:              document.getElementById('page_number_0').value = items_county_0;              break;            case -1:              if (x == 1) {                document.getElementById('page_number_0').value = 1;              }              else {                document.getElementById('page_number_0').value = x - 1;              }              break;            case -2:              document.getElementById('page_number_0').value = 1;              break;\t\t\t\t\t\tcase 0:              document.getElementById('page_number_0').value = x;              break;            default:              document.getElementById('page_number_0').value = 1;          }          bwg_ajax('gal_front_form_0', '0', 'bwg_thumbnails_mosaic_0', '0', '', 'gallery', 0, '', '', load_more, '', 1);        }        \t\t\t\t\/* Change page on input enter. *\/        function bwg_change_page_0( e, that ) {          if (  e.key == 'Enter' ) {            var to_page = parseInt(jQuery(that).val());            var pages_count = jQuery(that).parents(\".pagination-links\").data(\"pages-count\");            var current_url_param = jQuery(that).attr('data-url-info');            if (to_page > pages_count) {              to_page = 1;            }\t \t\t\t\t\t            \tvar url= new URL(window.parent.location);\t\t\t\t\t\t\tvar searchParams = new URLSearchParams(url.search);           \t \tif(searchParams != \"\"){                var get_page_number = searchParams.get(current_url_param);                searchParams.set(current_url_param, to_page);                var new_url = searchParams.toString();              }           \t \telse {                var new_url = current_url_param + \"=\" + to_page;              }\t\t\t\t\t\t\twindow.location.replace(\"?\" + new_url);\t\t\t\t\t\t\treturn false;\t\t  \t\t\t          }          return true;        }        jQuery('.bwg_load_btn_0').on('click', function () {            spider_page_0(this, 1, 1, true);            return false;        });      <\/script>      <\/span>                <\/div>        <\/form>                <div id=\"bwg_spider_popup_loading_0\" class=\"bwg_spider_popup_loading\"><\/div>        <div id=\"spider_popup_overlay_0\" class=\"spider_popup_overlay\" onclick=\"spider_destroypopup(1000)\"><\/div>        <input type=\"hidden\" id=\"bwg_random_seed_0\" value=\"63240932\">                <\/div>    <\/div>    <script>      if (document.readyState === 'complete') {        if( typeof bwg_main_ready == 'function' ) {          if ( jQuery(\"#bwg_container1_0\").height() ) {            bwg_main_ready(jQuery(\"#bwg_container1_0\"));          }        }      } else {        document.addEventListener('DOMContentLoaded', function() {          if( typeof bwg_main_ready == 'function' ) {            if ( jQuery(\"#bwg_container1_0\").height() ) {             bwg_main_ready(jQuery(\"#bwg_container1_0\"));            }          }        });      }    <\/script>    \n<p>R\u00e9sultats individuels<\/p>\n<table style=\"height: 390px;\" width=\"998\">\n<tbody>\n<tr>\n<td><strong>Rang<\/strong><\/td>\n<td><strong>Pr\u00e9nom Nom<\/strong><\/td>\n<td><strong>Points<\/strong><\/td>\n<\/tr>\n<tr>\n<td><strong>\u00a01<\/strong><\/td>\n<td>Daniel Joss<\/td>\n<td>92<\/td>\n<\/tr>\n<tr>\n<td><b>1<\/b><\/td>\n<td>Pierre Joye<\/td>\n<td>92<\/td>\n<\/tr>\n<tr>\n<td><b>3<\/b><\/td>\n<td>Lucienne Mauron<\/td>\n<td>80<\/td>\n<\/tr>\n<tr>\n<td><b>4<\/b><\/td>\n<td>Christian Renz<\/td>\n<td>76<\/td>\n<\/tr>\n<tr>\n<td><b>5<\/b><\/td>\n<td>Marcel Julmy<\/td>\n<td>64<\/td>\n<\/tr>\n<tr>\n<td><strong>6<\/strong><\/td>\n<td>Sylvia Curty<\/td>\n<td>60<\/td>\n<\/tr>\n<tr>\n<td><b>6<\/b><\/td>\n<td>Susanna L\u00fcssi<\/td>\n<td>60<\/td>\n<\/tr>\n<tr>\n<td><b>8<\/b><\/td>\n<td>Gaelle Mader<\/td>\n<td>56<\/td>\n<\/tr>\n<tr>\n<td><b>9<\/b><\/td>\n<td>Alain Demicheli<\/td>\n<td>44<\/td>\n<\/tr>\n<\/tbody>\n<\/table>\n<p>[\/et_pb_text][\/et_pb_column][\/et_pb_row][\/et_pb_section]<\/p>\n","protected":false},"excerpt":{"rendered":"<p>Concours 3 \u00ab Rallye \u00bb \u2013 Portfolio<br \/>\nLes 12 Heures de l\u2019Auge, une course de tandems un peu fous, avec des \u00e9quipages d\u00e9jant\u00e9s qui animent 12 heures durant les rues de la Vieille Ville de Fribourg. Ambiance festive et esprit bon enfant! A vous de jouer avec votre appareil. <\/p>\n","protected":false},"author":2,"featured_media":3640,"comment_status":"closed","ping_status":"closed","sticky":false,"template":"","format":"standard","meta":{"_et_pb_use_builder":"on","_et_pb_old_content":"<div class=\"pg-cv-desc\">\r\n\r\n<strong>Concours 3 \u00ab Rallye \u00bb - Portfolio<\/strong>\r\n\r\n<em>\u00c9l\u00e9ment \u00e0 rendre 5 \u00e0 7 images papier, couleur ou noir et blanc, format et pr\u00e9sentation selon r\u00e8glement<\/em>\r\n<em>Rendu du concours: Lundi 2 septembre 2019<\/em>\r\n<em>Jugement : Lundi 9 septembre 2019<\/em>\r\n<em>R\u00e9sultats: Lundi 16 septembre 2019<\/em>\r\n\r\n<\/div>","_et_gb_content_width":"","footnotes":""},"categories":[8],"tags":[],"class_list":["post-152","post","type-post","status-publish","format-standard","has-post-thumbnail","hentry","category-concours-2019"],"_links":{"self":[{"href":"https:\/\/photofri.ch\/pcfwp\/wp-json\/wp\/v2\/posts\/152","targetHints":{"allow":["GET"]}}],"collection":[{"href":"https:\/\/photofri.ch\/pcfwp\/wp-json\/wp\/v2\/posts"}],"about":[{"href":"https:\/\/photofri.ch\/pcfwp\/wp-json\/wp\/v2\/types\/post"}],"author":[{"embeddable":true,"href":"https:\/\/photofri.ch\/pcfwp\/wp-json\/wp\/v2\/users\/2"}],"replies":[{"embeddable":true,"href":"https:\/\/photofri.ch\/pcfwp\/wp-json\/wp\/v2\/comments?post=152"}],"version-history":[{"count":20,"href":"https:\/\/photofri.ch\/pcfwp\/wp-json\/wp\/v2\/posts\/152\/revisions"}],"predecessor-version":[{"id":3830,"href":"https:\/\/photofri.ch\/pcfwp\/wp-json\/wp\/v2\/posts\/152\/revisions\/3830"}],"wp:featuredmedia":[{"embeddable":true,"href":"https:\/\/photofri.ch\/pcfwp\/wp-json\/wp\/v2\/media\/3640"}],"wp:attachment":[{"href":"https:\/\/photofri.ch\/pcfwp\/wp-json\/wp\/v2\/media?parent=152"}],"wp:term":[{"taxonomy":"category","embeddable":true,"href":"https:\/\/photofri.ch\/pcfwp\/wp-json\/wp\/v2\/categories?post=152"},{"taxonomy":"post_tag","embeddable":true,"href":"https:\/\/photofri.ch\/pcfwp\/wp-json\/wp\/v2\/tags?post=152"}],"curies":[{"name":"wp","href":"https:\/\/api.w.org\/{rel}","templated":true}]}}