{"id":154,"date":"2019-01-01T07:43:16","date_gmt":"2019-01-01T07:43:16","guid":{"rendered":"https:\/\/photofri.ch\/pcfwp\/?p=154"},"modified":"2019-11-20T20:34:56","modified_gmt":"2019-11-20T19:34:56","slug":"pareidolie-4-2019","status":"publish","type":"post","link":"https:\/\/photofri.ch\/pcfwp\/pareidolie-4-2019\/","title":{"rendered":"Par\u00e9idolie (4\/2019)"},"content":{"rendered":"<p>[et_pb_section fb_built=\u00a0\u00bb1&Prime; _builder_version=\u00a0\u00bb3.22&Prime;][et_pb_row _builder_version=\u00a0\u00bb3.25&Prime; background_size=\u00a0\u00bbinitial\u00a0\u00bb background_position=\u00a0\u00bbtop_left\u00a0\u00bb background_repeat=\u00a0\u00bbrepeat\u00a0\u00bb][et_pb_column type=\u00a0\u00bb4_4&Prime; _builder_version=\u00a0\u00bb3.25&Prime; custom_padding=\u00a0\u00bb|||\u00a0\u00bb custom_padding__hover=\u00a0\u00bb|||\u00a0\u00bb][et_pb_text _builder_version=\u00a0\u00bb4.0.6&Prime; background_size=\u00a0\u00bbinitial\u00a0\u00bb background_position=\u00a0\u00bbtop_left\u00a0\u00bb background_repeat=\u00a0\u00bbrepeat\u00a0\u00bb]<\/p>\n<div class=\"pg-cv-desc\">\n<p><strong>Concours 4 \u00ab Par\u00e9idolie \u00bb<\/strong><\/p>\n<p>Par\u00e9idolie ! Mais quel est ce nom barbare ?<\/p>\n<p>Petite explication : Une par\u00e9idolie est une illusion d\u2019optique.<\/p>\n<p>Ce ph\u00e9nom\u00e8ne consiste \u00e0 identifier une forme famili\u00e8re (tr\u00e8s souvent un visage) dans un contexte o\u00f9 elle n\u2019a aucune raison d\u2019y \u00eatre.<\/p>\n<p>Alors, ouvrez l\u2019\u0153il et regardez \u00ab autrement \u00bb. Pas besoin d\u2019aller au bout du monde, dans votre cuisine, votre jardin, votre rue, vous trouverez certainement une par\u00e9idolie int\u00e9ressante.<\/p>\n<p>Attention, pour le concours, nous ne voulons pas d\u2019\u00e9l\u00e9ments ajout\u00e9s ou cr\u00e9\u00e9s volontairement pour renforcer votre par\u00e9idolie.<\/p>\n<p>Pour plus d&rsquo;informations, descriptions et exemples (article wikipedia):\u00a0\u00a0<a href=\"https:\/\/fr.wikipedia.org\/wiki\/Par\u00e9idolie\" target=\"_blank\" rel=\"noopener noreferrer\">www.wikipedia.org\/pareidolie<\/a><\/p>\n<p><em><strong>\u00c9l\u00e9ment \u00e0 rendre<\/strong>: <span style=\"text-decoration: underline;\">4 images papier<\/span>, <span style=\"text-decoration: underline;\">couleur<\/span> ou <span style=\"text-decoration: underline;\">noir et blanc<\/span>, format et pr\u00e9sentation selon r\u00e8glement<\/em><\/p>\n<p><em>Rendu du concours Lundi 4 novembre 2019<\/em><br \/><em>Jugement: Lundi 11 novembre 2019<\/em><br \/><em>Sans indication contraire du participant, les photos seront publi\u00e9es sur le site avec les r\u00e9sultats.<\/em><\/p>\n    <div id=\"bwg_container1_0\"         class=\"bwg_container bwg_thumbnail bwg_thumbnails_mosaic \"         data-right-click-protection=\"1\"         data-bwg=\"0\"         data-scroll=\"0\"         data-gallery-type=\"thumbnails_mosaic\"         data-gallery-view-type=\"thumbnails_mosaic\"         data-current-url=\"\/pcfwp\/wp-json\/wp\/v2\/posts\/154\"         data-lightbox-url=\"https:\/\/photofri.ch\/pcfwp\/wp-admin\/admin-ajax.php?action=GalleryBox&#038;current_view=0&#038;gallery_id=64&#038;tag=0&#038;theme_id=1&#038;shortcode_id=453&#038;sort_by=order&#038;order_by=asc&#038;current_url=%2Fpcfwp%2Fwp-json%2Fwp%2Fv2%2Fposts%2F154\"         data-gallery-id=\"64\"         data-popup-width=\"800\"         data-popup-height=\"500\"         data-is-album=\"gallery\"         data-buttons-position=\"bottom\">      <div id=\"bwg_container2_0\">             <div id=\"ajax_loading_0\" class=\"bwg_loading_div_1\">      <div class=\"bwg_loading_div_2\">        <div class=\"bwg_loading_div_3\">          <div id=\"loading_div_0\" class=\"bwg_spider_ajax_loading\">          <\/div>        <\/div>      <\/div>    <\/div>            <form id=\"gal_front_form_0\"              class=\"bwg-hidden\"              method=\"post\"              action=\"#\"              data-current=\"0\"              data-shortcode-id=\"453\"              data-gallery-type=\"thumbnails_mosaic\"              data-gallery-id=\"64\"              data-tag=\"0\"              data-album-id=\"0\"              data-theme-id=\"1\"              data-ajax-url=\"https:\/\/photofri.ch\/pcfwp\/wp-admin\/admin-ajax.php?action=bwg_frontend_data\">          <div id=\"bwg_container3_0\" class=\"bwg-background bwg-background-0\">                <div id=\"bwg_mosaic_thumbnails_div_0\"         class=\"bwg-container-0 bwg-container bwg-mosaic-thumbnails\"         data-bwg=\"0\"         data-mosaic-direction=\"vertical\"         data-resizable=\"0\"         data-width=\"500\"         data-height=\"500\"         data-total-width=\"100\"         data-block-id=\"bwg_thumbnails_mosaic_0\"         data-thumb-padding=\"4\"         data-thumb-border=\"0\"         data-title-margin=\"2px\"         data-image-title=\"hover\"         data-play-icon=\"1\"         data-ecommerce-icon=\"none\"         data-gallery-id=\"64\"         data-lightbox-url=\"https:\/\/photofri.ch\/pcfwp\/wp-admin\/admin-ajax.php?action=GalleryBox&#038;current_view=0&#038;gallery_id=64&#038;tag=0&#038;theme_id=1&#038;shortcode_id=453&#038;sort_by=order&#038;order_by=asc&#038;current_url=%2Fpcfwp%2Fwp-json%2Fwp%2Fv2%2Fposts%2F154\"         data-mosaic-thumb-transition=\"1\"         style=\"visibility: hidden\" >      <div id=\"bwg_thumbnails_mosaic_0\" class=\"bwg_mosaic_thumbnails_0\">                  <a  class=\"bwg-a bwg_lightbox bwg_lightbox_0\" href=\"https:\/\/photofri.ch\/pcfwp\/wp-content\/uploads\/photo-gallery\/Administration\/4_2019_Par\u00e9idolie\/concours_4_Ren\u00e9__Duss_04.jpg?bwg=1586278551\" data-image-id=\"1950\" data-elementor-open-lightbox=\"no\">          <div class=\"bwg_mosaic_thumb_spun_0 bwg-item0 bwg-mosaic-thumb-span bwg-zoom-effect\">            <img decoding=\"async\" class=\"bwg_mosaic_thumb_0 skip-lazy bwg_img_clear bwg_img_custom \"                 id=\"1950\"                 src=\"https:\/\/photofri.ch\/pcfwp\/wp-content\/uploads\/photo-gallery\/Administration\/4_2019_Par\u00e9idolie\/thumb\/concours_4_Ren\u00e9__Duss_04.jpg?bwg=1586278551\"                 data-src=\"https:\/\/photofri.ch\/pcfwp\/wp-content\/uploads\/photo-gallery\/Administration\/4_2019_Par\u00e9idolie\/thumb\/concours_4_Ren\u00e9__Duss_04.jpg?bwg=1586278551\"                 data-width=\"1200\"                 data-height=\"800\"                 alt=\"Concours04Ren\u00e9  Duss 04\"                 title=\"Concours04Ren\u00e9  Duss 04\" \/>            <div class=\"bwg-zoom-effect-overlay\">              <span class=\"bwg_mosaic_title_spun1_0\">                <span class=\"bwg_mosaic_title_spun2_0\">                  Concours04Ren\u00e9  Duss 04                <\/span>              <\/span>              <\/div>          <\/div>        <\/a>                <a  class=\"bwg-a bwg_lightbox bwg_lightbox_0\" href=\"https:\/\/photofri.ch\/pcfwp\/wp-content\/uploads\/photo-gallery\/Administration\/4_2019_Par\u00e9idolie\/concours_4_Ren\u00e9__Duss_02.jpg?bwg=1586278551\" data-image-id=\"1949\" data-elementor-open-lightbox=\"no\">          <div class=\"bwg_mosaic_thumb_spun_0 bwg-item0 bwg-mosaic-thumb-span bwg-zoom-effect\">            <img decoding=\"async\" class=\"bwg_mosaic_thumb_0 skip-lazy bwg_img_clear bwg_img_custom \"                 id=\"1949\"                 src=\"https:\/\/photofri.ch\/pcfwp\/wp-content\/uploads\/photo-gallery\/Administration\/4_2019_Par\u00e9idolie\/thumb\/concours_4_Ren\u00e9__Duss_02.jpg?bwg=1586278551\"                 data-src=\"https:\/\/photofri.ch\/pcfwp\/wp-content\/uploads\/photo-gallery\/Administration\/4_2019_Par\u00e9idolie\/thumb\/concours_4_Ren\u00e9__Duss_02.jpg?bwg=1586278551\"                 data-width=\"1200\"                 data-height=\"800\"                 alt=\"Concours04Ren\u00e9  Duss 02\"                 title=\"Concours04Ren\u00e9  Duss 02\" \/>            <div class=\"bwg-zoom-effect-overlay\">              <span class=\"bwg_mosaic_title_spun1_0\">                <span class=\"bwg_mosaic_title_spun2_0\">                  Concours04Ren\u00e9  Duss 02                <\/span>              <\/span>              <\/div>          <\/div>        <\/a>                <a  class=\"bwg-a bwg_lightbox bwg_lightbox_0\" href=\"https:\/\/photofri.ch\/pcfwp\/wp-content\/uploads\/photo-gallery\/Administration\/4_2019_Par\u00e9idolie\/concours_4_Ren\u00e9__Duss_01.jpg?bwg=1586278551\" data-image-id=\"1948\" data-elementor-open-lightbox=\"no\">          <div class=\"bwg_mosaic_thumb_spun_0 bwg-item0 bwg-mosaic-thumb-span bwg-zoom-effect\">            <img decoding=\"async\" class=\"bwg_mosaic_thumb_0 skip-lazy bwg_img_clear bwg_img_custom \"                 id=\"1948\"                 src=\"https:\/\/photofri.ch\/pcfwp\/wp-content\/uploads\/photo-gallery\/Administration\/4_2019_Par\u00e9idolie\/thumb\/concours_4_Ren\u00e9__Duss_01.jpg?bwg=1586278551\"                 data-src=\"https:\/\/photofri.ch\/pcfwp\/wp-content\/uploads\/photo-gallery\/Administration\/4_2019_Par\u00e9idolie\/thumb\/concours_4_Ren\u00e9__Duss_01.jpg?bwg=1586278551\"                 data-width=\"1200\"                 data-height=\"800\"                 alt=\"Concours04Ren\u00e9  Duss 01\"                 title=\"Concours04Ren\u00e9  Duss 01\" \/>            <div class=\"bwg-zoom-effect-overlay\">              <span class=\"bwg_mosaic_title_spun1_0\">                <span class=\"bwg_mosaic_title_spun2_0\">                  Concours04Ren\u00e9  Duss 01                <\/span>              <\/span>              <\/div>          <\/div>        <\/a>                <a  class=\"bwg-a bwg_lightbox bwg_lightbox_0\" href=\"https:\/\/photofri.ch\/pcfwp\/wp-content\/uploads\/photo-gallery\/Administration\/4_2019_Par\u00e9idolie\/concours_4_Ren\u00e9__Duss_03.jpg?bwg=1586278551\" data-image-id=\"1947\" data-elementor-open-lightbox=\"no\">          <div class=\"bwg_mosaic_thumb_spun_0 bwg-item0 bwg-mosaic-thumb-span bwg-zoom-effect\">            <img decoding=\"async\" class=\"bwg_mosaic_thumb_0 skip-lazy bwg_img_clear bwg_img_custom \"                 id=\"1947\"                 src=\"https:\/\/photofri.ch\/pcfwp\/wp-content\/uploads\/photo-gallery\/Administration\/4_2019_Par\u00e9idolie\/thumb\/concours_4_Ren\u00e9__Duss_03.jpg?bwg=1586278551\"                 data-src=\"https:\/\/photofri.ch\/pcfwp\/wp-content\/uploads\/photo-gallery\/Administration\/4_2019_Par\u00e9idolie\/thumb\/concours_4_Ren\u00e9__Duss_03.jpg?bwg=1586278551\"                 data-width=\"1200\"                 data-height=\"800\"                 alt=\"Concours04Ren\u00e9  Duss 03\"                 title=\"Concours04Ren\u00e9  Duss 03\" \/>            <div class=\"bwg-zoom-effect-overlay\">              <span class=\"bwg_mosaic_title_spun1_0\">                <span class=\"bwg_mosaic_title_spun2_0\">                  Concours04Ren\u00e9  Duss 03                <\/span>              <\/span>              <\/div>          <\/div>        <\/a>                <a  class=\"bwg-a bwg_lightbox bwg_lightbox_0\" href=\"https:\/\/photofri.ch\/pcfwp\/wp-content\/uploads\/photo-gallery\/Administration\/4_2019_Par\u00e9idolie\/C.Place_\u00e0_l&#039;imagination.jpg?bwg=1586278551\" data-image-id=\"1881\" data-elementor-open-lightbox=\"no\">          <div class=\"bwg_mosaic_thumb_spun_0 bwg-item0 bwg-mosaic-thumb-span bwg-zoom-effect\">            <img decoding=\"async\" class=\"bwg_mosaic_thumb_0 skip-lazy bwg_img_clear bwg_img_custom \"                 id=\"1881\"                 src=\"https:\/\/photofri.ch\/pcfwp\/wp-content\/uploads\/photo-gallery\/Administration\/4_2019_Par\u00e9idolie\/thumb\/C.Place_\u00e0_l&#039;imagination.jpg?bwg=1586278551\"                 data-src=\"https:\/\/photofri.ch\/pcfwp\/wp-content\/uploads\/photo-gallery\/Administration\/4_2019_Par\u00e9idolie\/thumb\/C.Place_\u00e0_l&#039;imagination.jpg?bwg=1586278551\"                 data-width=\"685\"                 data-height=\"1009\"                 alt=\"C.Place \u00e0 l&#039;imaginationYvan Gumy\"                 title=\"C.Place \u00e0 l&#039;imaginationYvan Gumy\" \/>            <div class=\"bwg-zoom-effect-overlay\">              <span class=\"bwg_mosaic_title_spun1_0\">                <span class=\"bwg_mosaic_title_spun2_0\">                  C.Place \u00e0 l'imaginationYvan Gumy                <\/span>              <\/span>              <\/div>          <\/div>        <\/a>                <a  class=\"bwg-a bwg_lightbox bwg_lightbox_0\" href=\"https:\/\/photofri.ch\/pcfwp\/wp-content\/uploads\/photo-gallery\/Administration\/4_2019_Par\u00e9idolie\/D.Sorci\u00e8re_d&#039;Halloween.jpg?bwg=1586278551\" data-image-id=\"1880\" data-elementor-open-lightbox=\"no\">          <div class=\"bwg_mosaic_thumb_spun_0 bwg-item0 bwg-mosaic-thumb-span bwg-zoom-effect\">            <img decoding=\"async\" class=\"bwg_mosaic_thumb_0 skip-lazy bwg_img_clear bwg_img_custom \"                 id=\"1880\"                 src=\"https:\/\/photofri.ch\/pcfwp\/wp-content\/uploads\/photo-gallery\/Administration\/4_2019_Par\u00e9idolie\/thumb\/D.Sorci\u00e8re_d&#039;Halloween.jpg?bwg=1586278551\"                 data-src=\"https:\/\/photofri.ch\/pcfwp\/wp-content\/uploads\/photo-gallery\/Administration\/4_2019_Par\u00e9idolie\/thumb\/D.Sorci\u00e8re_d&#039;Halloween.jpg?bwg=1586278551\"                 data-width=\"620\"                 data-height=\"822\"                 alt=\"D.Sorci\u00e8re d&#039;HalloweenYvan Gumy\"                 title=\"D.Sorci\u00e8re d&#039;HalloweenYvan Gumy\" \/>            <div class=\"bwg-zoom-effect-overlay\">              <span class=\"bwg_mosaic_title_spun1_0\">                <span class=\"bwg_mosaic_title_spun2_0\">                  D.Sorci\u00e8re d'HalloweenYvan Gumy                <\/span>              <\/span>              <\/div>          <\/div>        <\/a>                <a  class=\"bwg-a bwg_lightbox bwg_lightbox_0\" href=\"https:\/\/photofri.ch\/pcfwp\/wp-content\/uploads\/photo-gallery\/Administration\/4_2019_Par\u00e9idolie\/B._Le_Chien.jpg?bwg=1586278551\" data-image-id=\"1879\" data-elementor-open-lightbox=\"no\">          <div class=\"bwg_mosaic_thumb_spun_0 bwg-item0 bwg-mosaic-thumb-span bwg-zoom-effect\">            <img decoding=\"async\" class=\"bwg_mosaic_thumb_0 skip-lazy bwg_img_clear bwg_img_custom \"                 id=\"1879\"                 src=\"https:\/\/photofri.ch\/pcfwp\/wp-content\/uploads\/photo-gallery\/Administration\/4_2019_Par\u00e9idolie\/thumb\/B._Le_Chien.jpg?bwg=1586278551\"                 data-src=\"https:\/\/photofri.ch\/pcfwp\/wp-content\/uploads\/photo-gallery\/Administration\/4_2019_Par\u00e9idolie\/thumb\/B._Le_Chien.jpg?bwg=1586278551\"                 data-width=\"1200\"                 data-height=\"809\"                 alt=\"B. Le ChienYvan Gumy\"                 title=\"B. Le ChienYvan Gumy\" \/>            <div class=\"bwg-zoom-effect-overlay\">              <span class=\"bwg_mosaic_title_spun1_0\">                <span class=\"bwg_mosaic_title_spun2_0\">                  B. Le ChienYvan Gumy                <\/span>              <\/span>              <\/div>          <\/div>        <\/a>                <a  class=\"bwg-a bwg_lightbox bwg_lightbox_0\" href=\"https:\/\/photofri.ch\/pcfwp\/wp-content\/uploads\/photo-gallery\/Administration\/4_2019_Par\u00e9idolie\/A._Sculpture_\u00e9ph\u00e9n\u00e8re.jpg?bwg=1586278551\" data-image-id=\"1878\" data-elementor-open-lightbox=\"no\">          <div class=\"bwg_mosaic_thumb_spun_0 bwg-item0 bwg-mosaic-thumb-span bwg-zoom-effect\">            <img decoding=\"async\" class=\"bwg_mosaic_thumb_0 skip-lazy bwg_img_clear bwg_img_custom \"                 id=\"1878\"                 src=\"https:\/\/photofri.ch\/pcfwp\/wp-content\/uploads\/photo-gallery\/Administration\/4_2019_Par\u00e9idolie\/thumb\/A._Sculpture_\u00e9ph\u00e9n\u00e8re.jpg?bwg=1586278551\"                 data-src=\"https:\/\/photofri.ch\/pcfwp\/wp-content\/uploads\/photo-gallery\/Administration\/4_2019_Par\u00e9idolie\/thumb\/A._Sculpture_\u00e9ph\u00e9n\u00e8re.jpg?bwg=1586278551\"                 data-width=\"1128\"                 data-height=\"822\"                 alt=\"A. Sculpture \u00e9ph\u00e9n\u00e8reYvan Gumy\"                 title=\"A. Sculpture \u00e9ph\u00e9n\u00e8reYvan Gumy\" \/>            <div class=\"bwg-zoom-effect-overlay\">              <span class=\"bwg_mosaic_title_spun1_0\">                <span class=\"bwg_mosaic_title_spun2_0\">                  A. Sculpture \u00e9ph\u00e9n\u00e8reYvan Gumy                <\/span>              <\/span>              <\/div>          <\/div>        <\/a>                <a  class=\"bwg-a bwg_lightbox bwg_lightbox_0\" href=\"https:\/\/photofri.ch\/pcfwp\/wp-content\/uploads\/photo-gallery\/Administration\/4_2019_Par\u00e9idolie\/La_sorci\u00e8re_dans_le_D\u00e9sert_Blanc.jpg?bwg=1586278551\" data-image-id=\"1857\" data-elementor-open-lightbox=\"no\">          <div class=\"bwg_mosaic_thumb_spun_0 bwg-item0 bwg-mosaic-thumb-span bwg-zoom-effect\">            <img decoding=\"async\" class=\"bwg_mosaic_thumb_0 skip-lazy bwg_img_clear bwg_img_custom \"                 id=\"1857\"                 src=\"https:\/\/photofri.ch\/pcfwp\/wp-content\/uploads\/photo-gallery\/Administration\/4_2019_Par\u00e9idolie\/thumb\/La_sorci\u00e8re_dans_le_D\u00e9sert_Blanc.jpg?bwg=1586278551\"                 data-src=\"https:\/\/photofri.ch\/pcfwp\/wp-content\/uploads\/photo-gallery\/Administration\/4_2019_Par\u00e9idolie\/thumb\/La_sorci\u00e8re_dans_le_D\u00e9sert_Blanc.jpg?bwg=1586278551\"                 data-width=\"1200\"                 data-height=\"800\"                 alt=\"La sorci\u00e8re dans le D\u00e9sert BlancPierre Joye\"                 title=\"La sorci\u00e8re dans le D\u00e9sert BlancPierre Joye\" \/>            <div class=\"bwg-zoom-effect-overlay\">              <span class=\"bwg_mosaic_title_spun1_0\">                <span class=\"bwg_mosaic_title_spun2_0\">                  La sorci\u00e8re dans le D\u00e9sert BlancPierre Joye                <\/span>              <\/span>              <\/div>          <\/div>        <\/a>                <a  class=\"bwg-a bwg_lightbox bwg_lightbox_0\" href=\"https:\/\/photofri.ch\/pcfwp\/wp-content\/uploads\/photo-gallery\/Administration\/4_2019_Par\u00e9idolie\/l&#039;indienne_dans_Antelope_Canyon.jpg?bwg=1586278551\" data-image-id=\"1856\" data-elementor-open-lightbox=\"no\">          <div class=\"bwg_mosaic_thumb_spun_0 bwg-item0 bwg-mosaic-thumb-span bwg-zoom-effect\">            <img decoding=\"async\" class=\"bwg_mosaic_thumb_0 skip-lazy bwg_img_clear bwg_img_custom \"                 id=\"1856\"                 src=\"https:\/\/photofri.ch\/pcfwp\/wp-content\/uploads\/photo-gallery\/Administration\/4_2019_Par\u00e9idolie\/thumb\/l&#039;indienne_dans_Antelope_Canyon.jpg?bwg=1586278551\"                 data-src=\"https:\/\/photofri.ch\/pcfwp\/wp-content\/uploads\/photo-gallery\/Administration\/4_2019_Par\u00e9idolie\/thumb\/l&#039;indienne_dans_Antelope_Canyon.jpg?bwg=1586278551\"                 data-width=\"720\"                 data-height=\"1080\"                 alt=\"l&#039;indienne dans Antelope CanyonPierre Joye\"                 title=\"l&#039;indienne dans Antelope CanyonPierre Joye\" \/>            <div class=\"bwg-zoom-effect-overlay\">              <span class=\"bwg_mosaic_title_spun1_0\">                <span class=\"bwg_mosaic_title_spun2_0\">                  l'indienne dans Antelope CanyonPierre Joye                <\/span>              <\/span>              <\/div>          <\/div>        <\/a>                <a  class=\"bwg-a bwg_lightbox bwg_lightbox_0\" href=\"https:\/\/photofri.ch\/pcfwp\/wp-content\/uploads\/photo-gallery\/Administration\/4_2019_Par\u00e9idolie\/Nounours,_loup_et_compagnie_\u00e0_Emosson.jpg?bwg=1586278551\" data-image-id=\"1855\" data-elementor-open-lightbox=\"no\">          <div class=\"bwg_mosaic_thumb_spun_0 bwg-item0 bwg-mosaic-thumb-span bwg-zoom-effect\">            <img decoding=\"async\" class=\"bwg_mosaic_thumb_0 skip-lazy bwg_img_clear bwg_img_custom \"                 id=\"1855\"                 src=\"https:\/\/photofri.ch\/pcfwp\/wp-content\/uploads\/photo-gallery\/Administration\/4_2019_Par\u00e9idolie\/thumb\/Nounours,_loup_et_compagnie_\u00e0_Emosson.jpg?bwg=1586278551\"                 data-src=\"https:\/\/photofri.ch\/pcfwp\/wp-content\/uploads\/photo-gallery\/Administration\/4_2019_Par\u00e9idolie\/thumb\/Nounours,_loup_et_compagnie_\u00e0_Emosson.jpg?bwg=1586278551\"                 data-width=\"720\"                 data-height=\"1080\"                 alt=\"Nounours, loup et compagnie \u00e0 EmossonPierre Joye\"                 title=\"Nounours, loup et compagnie \u00e0 EmossonPierre Joye\" \/>            <div class=\"bwg-zoom-effect-overlay\">              <span class=\"bwg_mosaic_title_spun1_0\">                <span class=\"bwg_mosaic_title_spun2_0\">                  Nounours, loup et compagnie \u00e0 EmossonPierre Joye                <\/span>              <\/span>              <\/div>          <\/div>        <\/a>                <a  class=\"bwg-a bwg_lightbox bwg_lightbox_0\" href=\"https:\/\/photofri.ch\/pcfwp\/wp-content\/uploads\/photo-gallery\/Administration\/4_2019_Par\u00e9idolie\/Les_amoureux_dans_le_D\u00e9sert_Blanc.jpg?bwg=1586278551\" data-image-id=\"1854\" data-elementor-open-lightbox=\"no\">          <div class=\"bwg_mosaic_thumb_spun_0 bwg-item0 bwg-mosaic-thumb-span bwg-zoom-effect\">            <img decoding=\"async\" class=\"bwg_mosaic_thumb_0 skip-lazy bwg_img_clear bwg_img_custom \"                 id=\"1854\"                 src=\"https:\/\/photofri.ch\/pcfwp\/wp-content\/uploads\/photo-gallery\/Administration\/4_2019_Par\u00e9idolie\/thumb\/Les_amoureux_dans_le_D\u00e9sert_Blanc.jpg?bwg=1586278551\"                 data-src=\"https:\/\/photofri.ch\/pcfwp\/wp-content\/uploads\/photo-gallery\/Administration\/4_2019_Par\u00e9idolie\/thumb\/Les_amoureux_dans_le_D\u00e9sert_Blanc.jpg?bwg=1586278551\"                 data-width=\"1200\"                 data-height=\"800\"                 alt=\"Les amoureux dans le D\u00e9sert BlancPierre Joye\"                 title=\"Les amoureux dans le D\u00e9sert BlancPierre Joye\" \/>            <div class=\"bwg-zoom-effect-overlay\">              <span class=\"bwg_mosaic_title_spun1_0\">                <span class=\"bwg_mosaic_title_spun2_0\">                  Les amoureux dans le D\u00e9sert BlancPierre Joye                <\/span>              <\/span>              <\/div>          <\/div>        <\/a>                <a  class=\"bwg-a bwg_lightbox bwg_lightbox_0\" href=\"https:\/\/photofri.ch\/pcfwp\/wp-content\/uploads\/photo-gallery\/Administration\/4_2019_Par\u00e9idolie\/_DSC0252.jpg?bwg=1586278551\" data-image-id=\"1853\" data-elementor-open-lightbox=\"no\">          <div class=\"bwg_mosaic_thumb_spun_0 bwg-item0 bwg-mosaic-thumb-span bwg-zoom-effect\">            <img decoding=\"async\" class=\"bwg_mosaic_thumb_0 skip-lazy bwg_img_clear bwg_img_custom \"                 id=\"1853\"                 src=\"https:\/\/photofri.ch\/pcfwp\/wp-content\/uploads\/photo-gallery\/Administration\/4_2019_Par\u00e9idolie\/thumb\/_DSC0252.jpg?bwg=1586278551\"                 data-src=\"https:\/\/photofri.ch\/pcfwp\/wp-content\/uploads\/photo-gallery\/Administration\/4_2019_Par\u00e9idolie\/thumb\/_DSC0252.jpg?bwg=1586278551\"                 data-width=\"1200\"                 data-height=\"800\"                 alt=\" DSC0252Markus Peissard\"                 title=\" DSC0252Markus Peissard\" \/>            <div class=\"bwg-zoom-effect-overlay\">              <span class=\"bwg_mosaic_title_spun1_0\">                <span class=\"bwg_mosaic_title_spun2_0\">                   DSC0252Markus Peissard                <\/span>              <\/span>              <\/div>          <\/div>        <\/a>                <a  class=\"bwg-a bwg_lightbox bwg_lightbox_0\" href=\"https:\/\/photofri.ch\/pcfwp\/wp-content\/uploads\/photo-gallery\/Administration\/4_2019_Par\u00e9idolie\/_DSC1061.jpg?bwg=1586278551\" data-image-id=\"1852\" data-elementor-open-lightbox=\"no\">          <div class=\"bwg_mosaic_thumb_spun_0 bwg-item0 bwg-mosaic-thumb-span bwg-zoom-effect\">            <img decoding=\"async\" class=\"bwg_mosaic_thumb_0 skip-lazy bwg_img_clear bwg_img_custom \"                 id=\"1852\"                 src=\"https:\/\/photofri.ch\/pcfwp\/wp-content\/uploads\/photo-gallery\/Administration\/4_2019_Par\u00e9idolie\/thumb\/_DSC1061.jpg?bwg=1586278551\"                 data-src=\"https:\/\/photofri.ch\/pcfwp\/wp-content\/uploads\/photo-gallery\/Administration\/4_2019_Par\u00e9idolie\/thumb\/_DSC1061.jpg?bwg=1586278551\"                 data-width=\"1200\"                 data-height=\"800\"                 alt=\"SONY DSCMarkus Peissard\"                 title=\"SONY DSCMarkus Peissard\" \/>            <div class=\"bwg-zoom-effect-overlay\">              <span class=\"bwg_mosaic_title_spun1_0\">                <span class=\"bwg_mosaic_title_spun2_0\">                  SONY DSCMarkus Peissard                <\/span>              <\/span>              <\/div>          <\/div>        <\/a>                <a  class=\"bwg-a bwg_lightbox bwg_lightbox_0\" href=\"https:\/\/photofri.ch\/pcfwp\/wp-content\/uploads\/photo-gallery\/Administration\/4_2019_Par\u00e9idolie\/_DSC6849.jpg?bwg=1586278551\" data-image-id=\"1851\" data-elementor-open-lightbox=\"no\">          <div class=\"bwg_mosaic_thumb_spun_0 bwg-item0 bwg-mosaic-thumb-span bwg-zoom-effect\">            <img decoding=\"async\" class=\"bwg_mosaic_thumb_0 skip-lazy bwg_img_clear bwg_img_custom \"                 id=\"1851\"                 src=\"https:\/\/photofri.ch\/pcfwp\/wp-content\/uploads\/photo-gallery\/Administration\/4_2019_Par\u00e9idolie\/thumb\/_DSC6849.jpg?bwg=1586278551\"                 data-src=\"https:\/\/photofri.ch\/pcfwp\/wp-content\/uploads\/photo-gallery\/Administration\/4_2019_Par\u00e9idolie\/thumb\/_DSC6849.jpg?bwg=1586278551\"                 data-width=\"800\"                 data-height=\"1200\"                 alt=\" DSC6849Markus Peissard\"                 title=\" DSC6849Markus Peissard\" \/>            <div class=\"bwg-zoom-effect-overlay\">              <span class=\"bwg_mosaic_title_spun1_0\">                <span class=\"bwg_mosaic_title_spun2_0\">                   DSC6849Markus Peissard                <\/span>              <\/span>              <\/div>          <\/div>        <\/a>                <a  class=\"bwg-a bwg_lightbox bwg_lightbox_0\" href=\"https:\/\/photofri.ch\/pcfwp\/wp-content\/uploads\/photo-gallery\/Administration\/4_2019_Par\u00e9idolie\/_DSC7773.jpg?bwg=1586278551\" data-image-id=\"1850\" data-elementor-open-lightbox=\"no\">          <div class=\"bwg_mosaic_thumb_spun_0 bwg-item0 bwg-mosaic-thumb-span bwg-zoom-effect\">            <img decoding=\"async\" class=\"bwg_mosaic_thumb_0 skip-lazy bwg_img_clear bwg_img_custom \"                 id=\"1850\"                 src=\"https:\/\/photofri.ch\/pcfwp\/wp-content\/uploads\/photo-gallery\/Administration\/4_2019_Par\u00e9idolie\/thumb\/_DSC7773.jpg?bwg=1586278551\"                 data-src=\"https:\/\/photofri.ch\/pcfwp\/wp-content\/uploads\/photo-gallery\/Administration\/4_2019_Par\u00e9idolie\/thumb\/_DSC7773.jpg?bwg=1586278551\"                 data-width=\"800\"                 data-height=\"1200\"                 alt=\" DSC7773Markus Peissard\"                 title=\" DSC7773Markus Peissard\" \/>            <div class=\"bwg-zoom-effect-overlay\">              <span class=\"bwg_mosaic_title_spun1_0\">                <span class=\"bwg_mosaic_title_spun2_0\">                   DSC7773Markus Peissard                <\/span>              <\/span>              <\/div>          <\/div>        <\/a>            <\/div>    <\/div>          <span class=\"bwg_nav_cont_0\">              <div class=\"tablenav-pages_0\">                  <\/div>                <input type=\"hidden\" id=\"page_number_0\" name=\"page_number_0\" value=\"1\" \/>      <script type=\"text\/javascript\">        if( jQuery('.bwg_nav_cont_0').length > 1 ) {          jQuery('.bwg_nav_cont_0').first().remove()        }        function spider_page_0(cur, x, y, load_more) {          if (typeof load_more == \"undefined\") {            var load_more = false;          }          if (jQuery(cur).hasClass('disabled')) {            return false;          }          var items_county_0 = 1;          switch (y) {            case 1:              if (x >= items_county_0) {                document.getElementById('page_number_0').value = items_county_0;              }              else {                document.getElementById('page_number_0').value = x + 1;              }              break;            case 2:              document.getElementById('page_number_0').value = items_county_0;              break;            case -1:              if (x == 1) {                document.getElementById('page_number_0').value = 1;              }              else {                document.getElementById('page_number_0').value = x - 1;              }              break;            case -2:              document.getElementById('page_number_0').value = 1;              break;\t\t\t\t\t\tcase 0:              document.getElementById('page_number_0').value = x;              break;            default:              document.getElementById('page_number_0').value = 1;          }          bwg_ajax('gal_front_form_0', '0', 'bwg_thumbnails_mosaic_0', '0', '', 'gallery', 0, '', '', load_more, '', 1);        }        \t\t\t\t\/* Change page on input enter. *\/        function bwg_change_page_0( e, that ) {          if (  e.key == 'Enter' ) {            var to_page = parseInt(jQuery(that).val());            var pages_count = jQuery(that).parents(\".pagination-links\").data(\"pages-count\");            var current_url_param = jQuery(that).attr('data-url-info');            if (to_page > pages_count) {              to_page = 1;            }\t \t\t\t\t\t            \tvar url= new URL(window.parent.location);\t\t\t\t\t\t\tvar searchParams = new URLSearchParams(url.search);           \t \tif(searchParams != \"\"){                var get_page_number = searchParams.get(current_url_param);                searchParams.set(current_url_param, to_page);                var new_url = searchParams.toString();              }           \t \telse {                var new_url = current_url_param + \"=\" + to_page;              }\t\t\t\t\t\t\twindow.location.replace(\"?\" + new_url);\t\t\t\t\t\t\treturn false;\t\t  \t\t\t          }          return true;        }        jQuery('.bwg_load_btn_0').on('click', function () {            spider_page_0(this, 1, 1, true);            return false;        });      <\/script>      <\/span>                <\/div>        <\/form>                <div id=\"bwg_spider_popup_loading_0\" class=\"bwg_spider_popup_loading\"><\/div>        <div id=\"spider_popup_overlay_0\" class=\"spider_popup_overlay\" onclick=\"spider_destroypopup(1000)\"><\/div>        <input type=\"hidden\" id=\"bwg_random_seed_0\" value=\"129249553\">                <\/div>    <\/div>    <script>      if (document.readyState === 'complete') {        if( typeof bwg_main_ready == 'function' ) {          if ( jQuery(\"#bwg_container1_0\").height() ) {            bwg_main_ready(jQuery(\"#bwg_container1_0\"));          }        }      } else {        document.addEventListener('DOMContentLoaded', function() {          if( typeof bwg_main_ready == 'function' ) {            if ( jQuery(\"#bwg_container1_0\").height() ) {             bwg_main_ready(jQuery(\"#bwg_container1_0\"));            }          }        });      }    <\/script>    \n<p><em>R\u00e9sultats: Lundi 18 novembre 2019<\/em><\/p>\n<table width=\"1102\">\n<tbody>\n<tr>\n<td style=\"width: 360px;\"><strong>Rang<\/strong><\/td>\n<td style=\"width: 360px;\"><strong>P\u00e9nom Nom<\/strong><\/td>\n<td style=\"width: 360px;\"><strong>Points<\/strong><\/td>\n<\/tr>\n<tr>\n<td style=\"width: 360px;\">1<\/td>\n<td style=\"width: 360px;\">Pierre Joye<\/td>\n<td style=\"width: 360px;\">92<\/td>\n<\/tr>\n<tr>\n<td style=\"width: 360px;\">1<\/td>\n<td style=\"width: 360px;\">Markus Peissard<\/td>\n<td style=\"width: 360px;\">92<\/td>\n<\/tr>\n<tr>\n<td style=\"width: 360px;\">3<\/td>\n<td style=\"width: 360px;\">Yvan Gumy<\/td>\n<td style=\"width: 360px;\">87<\/td>\n<\/tr>\n<tr>\n<td style=\"width: 360px;\">4<\/td>\n<td style=\"width: 360px;\">Marcel Julmy<\/td>\n<td style=\"width: 360px;\">84<\/td>\n<\/tr>\n<tr>\n<td style=\"width: 360px;\">5<\/td>\n<td style=\"width: 360px;\">Daniel Joss<\/td>\n<td style=\"width: 360px;\">83<\/td>\n<\/tr>\n<tr>\n<td style=\"width: 360px;\">6<\/td>\n<td style=\"width: 360px;\">Ren\u00e9 Duss<\/td>\n<td style=\"width: 360px;\">79<\/td>\n<\/tr>\n<tr>\n<td style=\"width: 360px;\">6<\/td>\n<td style=\"width: 360px;\">Monique Loup<\/td>\n<td style=\"width: 360px;\">79<\/td>\n<\/tr>\n<tr>\n<td style=\"width: 360px;\">8<\/td>\n<td style=\"width: 360px;\">Susanna L\u00fcssi<\/td>\n<td style=\"width: 360px;\">73<\/td>\n<\/tr>\n<tr>\n<td style=\"width: 360px;\">9<\/td>\n<td style=\"width: 360px;\">Albert Perritaz<\/td>\n<td style=\"width: 360px;\">61<\/td>\n<\/tr>\n<\/tbody>\n<\/table>\n<\/div>\n<p>[\/et_pb_text][\/et_pb_column][\/et_pb_row][\/et_pb_section]<\/p>\n","protected":false},"excerpt":{"rendered":"<p>Concours 4 \u00ab Par\u00e9idolie \u00bb Par\u00e9idolie ! Mais quel est ce nom barbare ? Petite explication : Une par\u00e9idolie est une illusion d\u2019optique. Ce ph\u00e9nom\u00e8ne consiste \u00e0 identifier une forme famili\u00e8re (tr\u00e8s souvent un visage) dans un contexte o\u00f9 elle n\u2019a aucune raison d\u2019y \u00eatre. Alors, ouvrez l\u2019\u0153il et regardez \u00ab autrement \u00bb. Pas besoin [&hellip;]<\/p>\n","protected":false},"author":2,"featured_media":3740,"comment_status":"closed","ping_status":"closed","sticky":false,"template":"","format":"standard","meta":{"_et_pb_use_builder":"on","_et_pb_old_content":"<div class=\"pg-cv-desc\"><p><strong>Concours 4 \u00ab Par\u00e9idolie \u00bb<\/strong><\/p><p>Par\u00e9idolie ! Mais quel est ce nom barbare ?<\/p><p>Petite explication : Une par\u00e9idolie est une illusion d\u2019optique.<\/p><p>Ce ph\u00e9nom\u00e8ne consiste \u00e0 identifier une forme famili\u00e8re (tr\u00e8s souvent un visage) dans un contexte o\u00f9 elle n\u2019a aucune raison d\u2019y \u00eatre.<\/p><p>Alors, ouvrez l\u2019\u0153il et regardez \u00ab autrement \u00bb. Pas besoin d\u2019aller au bout du monde, dans votre cuisine, votre jardin, votre rue, vous trouverez certainement une par\u00e9idolie int\u00e9ressante.<\/p><p>Attention, pour le concours, nous ne voulons pas d\u2019\u00e9l\u00e9ments ajout\u00e9s ou cr\u00e9\u00e9s volontairement pour renforcer votre par\u00e9idolie.<\/p><p>Pour plus d'informations, descriptions et exemples (article wikipedia):\u00a0\u00a0<a href=\"https:\/\/fr.wikipedia.org\/wiki\/Par\u00e9idolie\" target=\"_blank\" rel=\"noopener noreferrer\">www.wikipedia.org\/pareidolie<\/a><\/p><p><em>\u00c9l\u00e9ment \u00e0 rendre: 4 images papier, couleur ou noir et blanc, format et pr\u00e9sentation selon r\u00e8glement<\/em><\/p><p><em>Rendu du concours Lundi 4 novembre 2019<\/em><br \/><em>Jugement: Lundi 11 novembre 2019<\/em><br \/><em>R\u00e9sultats: Lundi 18 novembre 2019<\/em><\/p><p><em>Sans indication contraire du participant, les photos seront publi\u00e9es sur le site avec les r\u00e9sultats.<\/em><\/p><\/div>","_et_gb_content_width":"","footnotes":""},"categories":[8],"tags":[],"class_list":["post-154","post","type-post","status-publish","format-standard","has-post-thumbnail","hentry","category-concours-2019"],"_links":{"self":[{"href":"https:\/\/photofri.ch\/pcfwp\/wp-json\/wp\/v2\/posts\/154","targetHints":{"allow":["GET"]}}],"collection":[{"href":"https:\/\/photofri.ch\/pcfwp\/wp-json\/wp\/v2\/posts"}],"about":[{"href":"https:\/\/photofri.ch\/pcfwp\/wp-json\/wp\/v2\/types\/post"}],"author":[{"embeddable":true,"href":"https:\/\/photofri.ch\/pcfwp\/wp-json\/wp\/v2\/users\/2"}],"replies":[{"embeddable":true,"href":"https:\/\/photofri.ch\/pcfwp\/wp-json\/wp\/v2\/comments?post=154"}],"version-history":[{"count":8,"href":"https:\/\/photofri.ch\/pcfwp\/wp-json\/wp\/v2\/posts\/154\/revisions"}],"predecessor-version":[{"id":3741,"href":"https:\/\/photofri.ch\/pcfwp\/wp-json\/wp\/v2\/posts\/154\/revisions\/3741"}],"wp:featuredmedia":[{"embeddable":true,"href":"https:\/\/photofri.ch\/pcfwp\/wp-json\/wp\/v2\/media\/3740"}],"wp:attachment":[{"href":"https:\/\/photofri.ch\/pcfwp\/wp-json\/wp\/v2\/media?parent=154"}],"wp:term":[{"taxonomy":"category","embeddable":true,"href":"https:\/\/photofri.ch\/pcfwp\/wp-json\/wp\/v2\/categories?post=154"},{"taxonomy":"post_tag","embeddable":true,"href":"https:\/\/photofri.ch\/pcfwp\/wp-json\/wp\/v2\/tags?post=154"}],"curies":[{"name":"wp","href":"https:\/\/api.w.org\/{rel}","templated":true}]}}