{"id":160,"date":"2018-03-01T07:44:29","date_gmt":"2018-03-01T07:44:29","guid":{"rendered":"https:\/\/photofri.ch\/pcfwp\/?p=160"},"modified":"2019-06-04T14:33:42","modified_gmt":"2019-06-04T14:33:42","slug":"diaporama-sur-la-chanson-3-2018","status":"publish","type":"post","link":"https:\/\/photofri.ch\/pcfwp\/diaporama-sur-la-chanson-3-2018\/","title":{"rendered":"Diaporama sur la chanson (3\/2018)"},"content":{"rendered":"<p>Concours diaporama 2018<\/p>\n<p>Enfin ! Le dernier du m\u00eame type date de 2013 ! L&rsquo;avez-vous devin\u00e9 ?<br \/>\nIl s&rsquo;agit d&rsquo;un nouveau concours \u00ab\u00a0diaporama\u00a0\u00bb pour 2018.<\/p>\n<p>Apr\u00e8s deux concours \u00ab\u00a0diaporamiques\u00a0\u00bb ant\u00e9rieurs \u00e0 2013, l&rsquo;un portant sur une musique commune, l&rsquo;autre sur un th\u00e8me libre, un troisi\u00e8me fut propos\u00e9 en 2013 avec pour titre \u00ab\u00a0En chemin\u00a0\u00bb&#8230; Huit membres y avaient particip\u00e9&#8230;<br \/>\nVous pouvez d&rsquo;ors et d\u00e9j\u00e0 travailler le suivant pour 2018.<\/p>\n<p>Th\u00e8me : libre sur une chanson \u00e0 texte de votre choix.<br \/>\nSi vous optez pour une chanson dans une autre langue que le fran\u00e7ais, merci d&rsquo;y ajouter une traduction fran\u00e7aise pour les juges.<br \/>\nDur\u00e9e : 8 minutes maximum<\/p>\n<p>A vos appareils et en avant la musique !<\/p>\n<p>Rendu du concours le 10 septembre 2018<br \/>\nR\u00e9sultats le 24 septembre 2018<\/p>\n<table style=\"height: 307px;\" width=\"954\">\n<tbody>\n<tr>\n<td>\u00a0<strong>Rang<\/strong><\/td>\n<td><strong>Nom<\/strong><\/td>\n<td><strong>Points<\/strong><\/td>\n<\/tr>\n<tr>\n<td>1<\/td>\n<td>\u00a0Pierre Joye<\/td>\n<td>108<\/td>\n<\/tr>\n<tr>\n<td>\u00a02<\/td>\n<td>Markus Peissard<\/td>\n<td>100<\/td>\n<\/tr>\n<tr>\n<td>\u00a03<\/td>\n<td>Monique Loup<\/td>\n<td>84<\/td>\n<\/tr>\n<tr>\n<td>4<\/td>\n<td>Roland Julmy<\/td>\n<td>\u00a076<\/td>\n<\/tr>\n<tr>\n<td>\u00a05<\/td>\n<td>Anne Olesen<\/td>\n<td>72<\/td>\n<\/tr>\n<tr>\n<td>6<\/td>\n<td>F\u00e9d\u00e9ric Perriard<\/td>\n<td>70<\/td>\n<\/tr>\n<tr>\n<td>7<\/td>\n<td>Lucienne Mauron<\/td>\n<td>68<\/td>\n<\/tr>\n<tr>\n<td>8<\/td>\n<td>Anne-Christine Schnetzler<\/td>\n<td>44<\/td>\n<\/tr>\n<tr>\n<td>\u00a09<\/td>\n<td>Daniel Joss<\/td>\n<td>42<\/td>\n<\/tr>\n<tr>\n<td>10<\/td>\n<td>Christine Auderset<\/td>\n<td>3<\/td>\n<\/tr>\n<\/tbody>\n<\/table>\n<p>&nbsp;<\/p>\n","protected":false},"excerpt":{"rendered":"<p>Concours diaporama 2018 Enfin ! Le dernier du m\u00eame type date de 2013 ! L&rsquo;avez-vous devin\u00e9 ? Il s&rsquo;agit d&rsquo;un nouveau concours \u00ab\u00a0diaporama\u00a0\u00bb pour 2018. Apr\u00e8s deux concours \u00ab\u00a0diaporamiques\u00a0\u00bb ant\u00e9rieurs \u00e0 2013, l&rsquo;un portant sur une musique commune, l&rsquo;autre sur un th\u00e8me libre, un troisi\u00e8me fut propos\u00e9 en 2013 avec pour titre \u00ab\u00a0En chemin\u00a0\u00bb&#8230; Huit [&hellip;]<\/p>\n","protected":false},"author":2,"featured_media":0,"comment_status":"closed","ping_status":"closed","sticky":false,"template":"","format":"standard","meta":{"_et_pb_use_builder":"","_et_pb_old_content":"","_et_gb_content_width":"","footnotes":""},"categories":[7],"tags":[],"class_list":["post-160","post","type-post","status-publish","format-standard","hentry","category-concours-2018"],"_links":{"self":[{"href":"https:\/\/photofri.ch\/pcfwp\/wp-json\/wp\/v2\/posts\/160","targetHints":{"allow":["GET"]}}],"collection":[{"href":"https:\/\/photofri.ch\/pcfwp\/wp-json\/wp\/v2\/posts"}],"about":[{"href":"https:\/\/photofri.ch\/pcfwp\/wp-json\/wp\/v2\/types\/post"}],"author":[{"embeddable":true,"href":"https:\/\/photofri.ch\/pcfwp\/wp-json\/wp\/v2\/users\/2"}],"replies":[{"embeddable":true,"href":"https:\/\/photofri.ch\/pcfwp\/wp-json\/wp\/v2\/comments?post=160"}],"version-history":[{"count":1,"href":"https:\/\/photofri.ch\/pcfwp\/wp-json\/wp\/v2\/posts\/160\/revisions"}],"predecessor-version":[{"id":1535,"href":"https:\/\/photofri.ch\/pcfwp\/wp-json\/wp\/v2\/posts\/160\/revisions\/1535"}],"wp:attachment":[{"href":"https:\/\/photofri.ch\/pcfwp\/wp-json\/wp\/v2\/media?parent=160"}],"wp:term":[{"taxonomy":"category","embeddable":true,"href":"https:\/\/photofri.ch\/pcfwp\/wp-json\/wp\/v2\/categories?post=160"},{"taxonomy":"post_tag","embeddable":true,"href":"https:\/\/photofri.ch\/pcfwp\/wp-json\/wp\/v2\/tags?post=160"}],"curies":[{"name":"wp","href":"https:\/\/api.w.org\/{rel}","templated":true}]}}