{"id":170,"date":"2017-02-01T07:46:43","date_gmt":"2017-02-01T07:46:43","guid":{"rendered":"https:\/\/photofri.ch\/pcfwp\/?p=170"},"modified":"2019-06-04T13:50:31","modified_gmt":"2019-06-04T13:50:31","slug":"quadriptique-3-2017","status":"publish","type":"post","link":"https:\/\/photofri.ch\/pcfwp\/quadriptique-3-2017\/","title":{"rendered":"Quadriptique (3\/2017)"},"content":{"rendered":"<p>Apr\u00e8s le diptyque et le triptyque, on passe au quadriptyque.<br \/>\nLe th\u00e8me g\u00e9n\u00e9ral est libre, le jugement sera fait sur l\u2019ensemble des 4 photos. La pr\u00e9sentation des photos est libre aussi, mais doit \u00eatre pr\u00e9cis\u00e9e par le candidat \u00e0 l\u2019aide s\u2019un sch\u00e9ma.<br \/>\nLes images peuvent former une ligne verticale ou horizontale, en forme de carr\u00e9e, de L ou m\u00eame de T.<br \/>\nElles doivent former un ensemble r\u00e9fl\u00e9chi et coh\u00e9rent et ainsi cr\u00e9er une nouvelle image. Attention: nous ne voulons pas une photo d\u00e9coup\u00e9e en 4 images, ni 4 fois la m\u00eame photo.<\/p>\n<p><em>\u00c9l\u00e9ment \u00e0 rendre un ensemble de 4 photos papier et un sch\u00e9ma de composition.<\/em><br \/>\n<em>Rendu du concours 11 septembre 2017<\/em><br \/>\n<em>Jugement 18 septembre 2017<\/em><br \/>\n<em>R\u00e9sultats 25 septembre 2017<\/em><\/p>\n<table style=\"height: 298px;\" width=\"1016\">\n<tbody>\n<tr>\n<td><strong><em>Nom<br \/>\n<\/em><\/strong><\/td>\n<td><strong><em>Pr\u00e9nom<br \/>\n<\/em><\/strong><\/td>\n<td><strong><em>Rang<br \/>\n<\/em><\/strong><\/td>\n<td><strong><em>Points<br \/>\n<\/em><\/strong><\/td>\n<\/tr>\n<tr>\n<td><em>Joye<\/em><\/td>\n<td><em>Pierre <\/em><\/td>\n<td>4<\/td>\n<td>76<\/td>\n<\/tr>\n<tr>\n<td><em>Joss <\/em><\/td>\n<td><em>Daniel <\/em><\/td>\n<td>5<\/td>\n<td>60<\/td>\n<\/tr>\n<tr>\n<td><em>Eric <\/em><\/td>\n<td><em>Nussbaumer <\/em><\/td>\n<td>9<\/td>\n<td>16<\/td>\n<\/tr>\n<tr>\n<td>C<em>hristian <\/em><\/td>\n<td><em>Renz <\/em><\/td>\n<td>2<\/td>\n<td>92<\/td>\n<\/tr>\n<tr>\n<td><em>Raoul <\/em><\/td>\n<td><em>Morf<\/em><\/td>\n<td>8<\/td>\n<td>34<\/td>\n<\/tr>\n<tr>\n<td><em>Michel\u00a0 <\/em><\/td>\n<td><em>Martin <\/em><\/td>\n<td>3<\/td>\n<td>88<\/td>\n<\/tr>\n<tr>\n<td><em>Christine\u00a0 <\/em><\/td>\n<td><em>Auderset <\/em><\/td>\n<td>6<\/td>\n<td>36<\/td>\n<\/tr>\n<tr>\n<td><em>Lucienne <\/em><\/td>\n<td><em>Mauron <\/em><\/td>\n<td>1<\/td>\n<td>116<\/td>\n<\/tr>\n<tr>\n<td><em>Anne <\/em><\/td>\n<td><em>Alesen\u00a0 <\/em><\/td>\n<td>6<\/td>\n<td>36<\/td>\n<\/tr>\n<\/tbody>\n<\/table>\n<p>&nbsp;<\/p>\n<p><img loading=\"lazy\" decoding=\"async\" class=\"aligncenter wp-image-667\" src=\"https:\/\/photofri.ch\/pcfwp\/wp-content\/uploads\/2019\/05\/lucienne-mauron-concours-2017-3_quadriptyque-164x300.jpg\" alt=\"\" width=\"327\" height=\"600\" srcset=\"https:\/\/photofri.ch\/pcfwp\/wp-content\/uploads\/2019\/05\/lucienne-mauron-concours-2017-3_quadriptyque-164x300.jpg 164w, https:\/\/photofri.ch\/pcfwp\/wp-content\/uploads\/2019\/05\/lucienne-mauron-concours-2017-3_quadriptyque-768x1408.jpg 768w, https:\/\/photofri.ch\/pcfwp\/wp-content\/uploads\/2019\/05\/lucienne-mauron-concours-2017-3_quadriptyque-559x1024.jpg 559w, https:\/\/photofri.ch\/pcfwp\/wp-content\/uploads\/2019\/05\/lucienne-mauron-concours-2017-3_quadriptyque-1080x1980.jpg 1080w, https:\/\/photofri.ch\/pcfwp\/wp-content\/uploads\/2019\/05\/lucienne-mauron-concours-2017-3_quadriptyque.jpg 1091w\" sizes=\"(max-width: 327px) 100vw, 327px\" \/><\/p>\n<p>&nbsp;<\/p>\n","protected":false},"excerpt":{"rendered":"<p>Apr\u00e8s le diptyque et le triptyque, on passe au quadriptyque. Le th\u00e8me g\u00e9n\u00e9ral est libre, le jugement sera fait sur l\u2019ensemble des 4 photos. La pr\u00e9sentation des photos est libre aussi, mais doit \u00eatre pr\u00e9cis\u00e9e par le candidat \u00e0 l\u2019aide s\u2019un sch\u00e9ma. Les images peuvent former une ligne verticale ou horizontale, en forme de carr\u00e9e, [&hellip;]<\/p>\n","protected":false},"author":2,"featured_media":667,"comment_status":"closed","ping_status":"closed","sticky":false,"template":"","format":"standard","meta":{"_et_pb_use_builder":"","_et_pb_old_content":"","_et_gb_content_width":"","footnotes":""},"categories":[6],"tags":[],"class_list":["post-170","post","type-post","status-publish","format-standard","has-post-thumbnail","hentry","category-concours-2017"],"_links":{"self":[{"href":"https:\/\/photofri.ch\/pcfwp\/wp-json\/wp\/v2\/posts\/170","targetHints":{"allow":["GET"]}}],"collection":[{"href":"https:\/\/photofri.ch\/pcfwp\/wp-json\/wp\/v2\/posts"}],"about":[{"href":"https:\/\/photofri.ch\/pcfwp\/wp-json\/wp\/v2\/types\/post"}],"author":[{"embeddable":true,"href":"https:\/\/photofri.ch\/pcfwp\/wp-json\/wp\/v2\/users\/2"}],"replies":[{"embeddable":true,"href":"https:\/\/photofri.ch\/pcfwp\/wp-json\/wp\/v2\/comments?post=170"}],"version-history":[{"count":3,"href":"https:\/\/photofri.ch\/pcfwp\/wp-json\/wp\/v2\/posts\/170\/revisions"}],"predecessor-version":[{"id":1519,"href":"https:\/\/photofri.ch\/pcfwp\/wp-json\/wp\/v2\/posts\/170\/revisions\/1519"}],"wp:featuredmedia":[{"embeddable":true,"href":"https:\/\/photofri.ch\/pcfwp\/wp-json\/wp\/v2\/media\/667"}],"wp:attachment":[{"href":"https:\/\/photofri.ch\/pcfwp\/wp-json\/wp\/v2\/media?parent=170"}],"wp:term":[{"taxonomy":"category","embeddable":true,"href":"https:\/\/photofri.ch\/pcfwp\/wp-json\/wp\/v2\/categories?post=170"},{"taxonomy":"post_tag","embeddable":true,"href":"https:\/\/photofri.ch\/pcfwp\/wp-json\/wp\/v2\/tags?post=170"}],"curies":[{"name":"wp","href":"https:\/\/api.w.org\/{rel}","templated":true}]}}