{"id":4256,"date":"2020-09-28T08:34:05","date_gmt":"2020-09-28T06:34:05","guid":{"rendered":"https:\/\/photofri.ch\/pcfwp\/?p=4256"},"modified":"2021-11-18T19:32:14","modified_gmt":"2021-11-18T18:32:14","slug":"vegetal-3-2020","status":"publish","type":"post","link":"https:\/\/photofri.ch\/pcfwp\/vegetal-3-2020\/","title":{"rendered":"V\u00e9g\u00e9tal (3\/2020) &#8211; les r\u00e9sultats &#8211;"},"content":{"rendered":"<p>[et_pb_section fb_built=\u00a0\u00bb1&Prime; _builder_version=\u00a0\u00bb3.22&Prime;][et_pb_row _builder_version=\u00a0\u00bb3.25&Prime; background_size=\u00a0\u00bbinitial\u00a0\u00bb background_position=\u00a0\u00bbtop_left\u00a0\u00bb background_repeat=\u00a0\u00bbrepeat\u00a0\u00bb][et_pb_column type=\u00a0\u00bb4_4&Prime; _builder_version=\u00a0\u00bb3.25&Prime; custom_padding=\u00a0\u00bb|||\u00a0\u00bb custom_padding__hover=\u00a0\u00bb|||\u00a0\u00bb][et_pb_text admin_label=\u00a0\u00bbTexte\u00a0\u00bb _builder_version=\u00a0\u00bb4.6.6&Prime; background_size=\u00a0\u00bbinitial\u00a0\u00bb background_position=\u00a0\u00bbtop_left\u00a0\u00bb background_repeat=\u00a0\u00bbrepeat\u00a0\u00bb]<\/p>\n<p>&nbsp;<\/p>\n<p>&nbsp;<\/p>\n<table class=\" aligncenter\" style=\"width: 849px; height: 568px;\">\n<tbody>\n<tr style=\"height: 368px;\">\n<td style=\"width: 836px; height: 368px;\" colspan=\"2\">\n<p><strong>Concours 3 2020 &#8211; V\u00e9g\u00e9tal\u00a0<\/strong><\/p>\n<p>****Attention le rendu des images a \u00e9t\u00e9 modifi\u00e9, il dois \u00eatre sous forme tirage papier au lieu de num\u00e9rique***<\/p>\n<p>(dans le cadre du th\u00e8me de l\u2019ann\u00e9e de l\u2019ONU)<\/p>\n<p>2020 sera l\u2019ann\u00e9e de la \u00ab sant\u00e9 des v\u00e9g\u00e9taux \u00bb, selon l\u2019ONU. Plantes terrestres (fleurs, arbres,<br \/>l\u00e9gumes), algues, champignons*, soyez cr\u00e9atifs \u2013 composition, lumi\u00e8re &#8211; pour mettre en valeur le<br \/>monde v\u00e9g\u00e9tal.<br \/>Attention : le v\u00e9g\u00e9tal doit \u00eatre le sujet principal de la photo !<\/p>\n<p><em>* Bien que le champignon fasse partie d&rsquo;un r\u00e8gne \u00e0 part des v\u00e9g\u00e9taux, il sera accept\u00e9 dans le cadre de ce concours<\/em><\/p>\n<\/td>\n<\/tr>\n<tr style=\"height: 23px;\">\n<td style=\"width: 276px; height: 23px;\">Date du rendu:<\/td>\n<td style=\"width: 554px; height: 23px;\"><strong>Lundi 14 septembre 2020<\/strong><\/td>\n<\/tr>\n<tr style=\"height: 23px;\">\n<td style=\"width: 276px; height: 23px;\">Date du jugement et r\u00e9sultats:<\/td>\n<td style=\"width: 554px; height: 23px;\"><strong>Lundi 28 septembre 2020<\/strong><\/td>\n<\/tr>\n<tr style=\"height: 95px;\">\n<td style=\"width: 276px; height: 95px;\">\u00c9l\u00e9ments \u00e0 rendre:<\/td>\n<td style=\"width: 554px; height: 95px;\">\n<ul>\n<li><strong>4 images <span style=\"text-decoration: line-through;\">num\u00e9rique <\/span>tirage papier, couleur ou noir\/blanc,<\/strong><br \/><strong>selon r\u00e8glement concours<\/strong><\/li>\n<\/ul>\n<\/td>\n<\/tr>\n<\/tbody>\n<\/table>\n<p>&nbsp;<\/p>\n<p>[\/et_pb_text][\/et_pb_column][\/et_pb_row][\/et_pb_section][et_pb_section fb_built=\u00a0\u00bb1&Prime; _builder_version=\u00a0\u00bb4.6.6&Prime; _module_preset=\u00a0\u00bbdefault\u00a0\u00bb][et_pb_row _builder_version=\u00a0\u00bb4.6.6&Prime; _module_preset=\u00a0\u00bbdefault\u00a0\u00bb][et_pb_column type=\u00a0\u00bb4_4&Prime; _builder_version=\u00a0\u00bb4.6.6&Prime; _module_preset=\u00a0\u00bbdefault\u00a0\u00bb][et_pb_text _builder_version=\u00a0\u00bb4.6.6&Prime; _module_preset=\u00a0\u00bbdefault\u00a0\u00bb]<\/p>\n<table width=\"463\">\n<tbody>\n<tr>\n<td width=\"88\">Pr\u00e9nom<\/td>\n<td width=\"111\">Nom<\/td>\n<td width=\"88\">n\u00b0<\/td>\n<td width=\"88\">Points<\/td>\n<td width=\"88\">Rang<\/td>\n<\/tr>\n<tr>\n<td>Eric<\/td>\n<td>Nusbaumer<\/td>\n<td>9184<\/td>\n<td>103<\/td>\n<td>1<\/td>\n<\/tr>\n<tr>\n<td>Jacques<\/td>\n<td>Hostettler<\/td>\n<td>8845<\/td>\n<td>98<\/td>\n<td>2<\/td>\n<\/tr>\n<tr>\n<td>Pierre\u00a0<\/td>\n<td>Joye<\/td>\n<td>3930<\/td>\n<td>92<\/td>\n<td>3<\/td>\n<\/tr>\n<tr>\n<td>Monique<\/td>\n<td>Loup<\/td>\n<td>6666<\/td>\n<td>89<\/td>\n<td>4<\/td>\n<\/tr>\n<tr>\n<td>Sylvia<\/td>\n<td>Curty<\/td>\n<td>1705<\/td>\n<td>86<\/td>\n<td>5<\/td>\n<\/tr>\n<tr>\n<td>Denise<\/td>\n<td>Favre-Chatagny<\/td>\n<td>7427<\/td>\n<td>81<\/td>\n<td>6<\/td>\n<\/tr>\n<tr>\n<td>Joe<\/td>\n<td>Farage<\/td>\n<td>1000<\/td>\n<td>80<\/td>\n<td>7<\/td>\n<\/tr>\n<tr>\n<td>Daniel<\/td>\n<td>Joss<\/td>\n<td>3668<\/td>\n<td>76<\/td>\n<td>8<\/td>\n<\/tr>\n<tr>\n<td>Fr\u00e9d\u00e9ric<\/td>\n<td>Perriard<\/td>\n<td>1001<\/td>\n<td>73<\/td>\n<td>9<\/td>\n<\/tr>\n<tr>\n<td>Christian<\/td>\n<td>Renz<\/td>\n<td>1100<\/td>\n<td>66<\/td>\n<td>10<\/td>\n<\/tr>\n<tr>\n<td>Lucienne\u00a0<\/td>\n<td>Mauron<\/td>\n<td>8425<\/td>\n<td>61<\/td>\n<td>11<\/td>\n<\/tr>\n<tr>\n<td>Samuel<\/td>\n<td>Favre-Chatagny<\/td>\n<td>0<\/td>\n<td>56<\/td>\n<td>12<\/td>\n<\/tr>\n<tr>\n<td>Pierre-Alain<\/td>\n<td>Carrel<\/td>\n<td>1050<\/td>\n<td>46<\/td>\n<td>13<\/td>\n<\/tr>\n<\/tbody>\n<\/table>\n<p>[\/et_pb_text][\/et_pb_column][\/et_pb_row][\/et_pb_section]<\/p>\n","protected":false},"excerpt":{"rendered":"<p>2020 sera l\u2019ann\u00e9e de la \u00ab sant\u00e9 des v\u00e9g\u00e9taux \u00bb, selon l\u2019ONU. Plantes terrestres (fleurs, arbres, l\u00e9gumes),, algues, champignons*, soyez cr\u00e9atifs<\/p>\n","protected":false},"author":206,"featured_media":5012,"comment_status":"closed","ping_status":"closed","sticky":false,"template":"","format":"standard","meta":{"_et_pb_use_builder":"on","_et_pb_old_content":"<p>[et_pb_section fb_built=\"1\" _builder_version=\"3.22\"][et_pb_row _builder_version=\"3.25\" background_size=\"initial\" background_position=\"top_left\" background_repeat=\"repeat\"][et_pb_column type=\"4_4\" _builder_version=\"3.25\" custom_padding=\"|||\" custom_padding__hover=\"|||\"][et_pb_text admin_label=\"Texte\" _builder_version=\"4.1\" background_size=\"initial\" background_position=\"top_left\" background_repeat=\"repeat\"]<\/p><p>\u00a0<\/p><p>\u00a0<\/p><table class=\" aligncenter\" style=\"width: 849px; height: 568px;\"><tbody><tr style=\"height: 368px;\"><td style=\"width: 836px; height: 368px;\" colspan=\"2\"><p><strong>Concours 3 2020 - V\u00e9g\u00e9tal<\/strong><\/p><p>(dans le cadre du th\u00e8me de l\u2019ann\u00e9e de l\u2019ONU)<\/p><p>2020 sera l\u2019ann\u00e9e de la \u00ab sant\u00e9 des v\u00e9g\u00e9taux \u00bb, selon l\u2019ONU. Plantes terrestres (fleurs, arbres,<br \/>l\u00e9gumes), algues, champignons*, soyez cr\u00e9atifs \u2013 composition, lumi\u00e8re - pour mettre en valeur le<br \/>monde v\u00e9g\u00e9tal.<br \/>Attention : le v\u00e9g\u00e9tal doit \u00eatre le sujet principal de la photo !<\/p><p><em>* Bien que le champignon fasse partie d'un r\u00e8gne \u00e0 part des v\u00e9g\u00e9taux, il sera accept\u00e9 dans le cadre de ce concours<\/em><\/p><\/td><\/tr><tr style=\"height: 23px;\"><td style=\"width: 276px; height: 23px;\">Date du rendu:<\/td><td style=\"width: 554px; height: 23px;\"><strong>Lundi 14 septembre 2020<\/strong><\/td><\/tr><tr style=\"height: 23px;\"><td style=\"width: 276px; height: 23px;\">Date du jugement et r\u00e9sultats:<\/td><td style=\"width: 554px; height: 23px;\"><strong>Lundi 28 septembre 2020<\/strong><\/td><\/tr><tr style=\"height: 95px;\"><td style=\"width: 276px; height: 95px;\">\u00c9l\u00e9ments \u00e0 rendre:<\/td><td style=\"width: 554px; height: 95px;\"><ul><li><strong>4 images num\u00e9rique, couleur ou noir\/blanc,<\/strong><br \/><strong>selon r\u00e8glement concours<\/strong><\/li><\/ul><\/td><\/tr><\/tbody><\/table><p>\u00a0<\/p><p><span style=\"color: #ff9900;\">INFORMATIONS IMPORTANTES<\/span><\/p><p>Les informations ci-dessus permettent d\u00e9j\u00e0 de commencer votre travail, La CA reste disponible pour des questions et\/ou remarques <a href=\"mailto:commtech@photofri.ch\">commtech@photofri.ch<\/a>.<\/p><p>[\/et_pb_text][et_pb_image src=\"https:\/\/photofri.ch\/pcfwp\/wp-content\/uploads\/2020\/01\/V\u00e9g\u00e9tal-illustration-300x300.jpg\" align=\"center\" admin_label=\"Image\" _builder_version=\"4.0.11\"][\/et_pb_image][et_pb_countdown_timer title=\"Date du rendu\" date_time=\"2020-09-14 23:00\" _builder_version=\"4.0.11\" background_color=\"#e09900\"][\/et_pb_countdown_timer][et_pb_countdown_timer title=\"Date du r\u00e9sultat\" date_time=\"2020-09-28 20:00\" admin_label=\"Compteur \u00e0 rebours\" _builder_version=\"4.0.11\" background_color=\"#e09900\"][\/et_pb_countdown_timer][\/et_pb_column][\/et_pb_row][\/et_pb_section]<\/p>","_et_gb_content_width":"","footnotes":""},"categories":[432],"tags":[],"class_list":["post-4256","post","type-post","status-publish","format-standard","has-post-thumbnail","hentry","category-concours-2020"],"_links":{"self":[{"href":"https:\/\/photofri.ch\/pcfwp\/wp-json\/wp\/v2\/posts\/4256","targetHints":{"allow":["GET"]}}],"collection":[{"href":"https:\/\/photofri.ch\/pcfwp\/wp-json\/wp\/v2\/posts"}],"about":[{"href":"https:\/\/photofri.ch\/pcfwp\/wp-json\/wp\/v2\/types\/post"}],"author":[{"embeddable":true,"href":"https:\/\/photofri.ch\/pcfwp\/wp-json\/wp\/v2\/users\/206"}],"replies":[{"embeddable":true,"href":"https:\/\/photofri.ch\/pcfwp\/wp-json\/wp\/v2\/comments?post=4256"}],"version-history":[{"count":29,"href":"https:\/\/photofri.ch\/pcfwp\/wp-json\/wp\/v2\/posts\/4256\/revisions"}],"predecessor-version":[{"id":5019,"href":"https:\/\/photofri.ch\/pcfwp\/wp-json\/wp\/v2\/posts\/4256\/revisions\/5019"}],"wp:featuredmedia":[{"embeddable":true,"href":"https:\/\/photofri.ch\/pcfwp\/wp-json\/wp\/v2\/media\/5012"}],"wp:attachment":[{"href":"https:\/\/photofri.ch\/pcfwp\/wp-json\/wp\/v2\/media?parent=4256"}],"wp:term":[{"taxonomy":"category","embeddable":true,"href":"https:\/\/photofri.ch\/pcfwp\/wp-json\/wp\/v2\/categories?post=4256"},{"taxonomy":"post_tag","embeddable":true,"href":"https:\/\/photofri.ch\/pcfwp\/wp-json\/wp\/v2\/tags?post=4256"}],"curies":[{"name":"wp","href":"https:\/\/api.w.org\/{rel}","templated":true}]}}