{"id":4270,"date":"2020-11-02T10:02:08","date_gmt":"2020-11-02T09:02:08","guid":{"rendered":"https:\/\/photofri.ch\/pcfwp\/?p=4270"},"modified":"2021-11-18T19:32:08","modified_gmt":"2021-11-18T18:32:08","slug":"rallye-4-2020","status":"publish","type":"post","link":"https:\/\/photofri.ch\/pcfwp\/rallye-4-2020\/","title":{"rendered":"Rallye (4\/2020) &#8211; r\u00e9sultats"},"content":{"rendered":"<p>[et_pb_section fb_built=\u00a0\u00bb1&Prime; _builder_version=\u00a0\u00bb3.22&Prime; min_height=\u00a0\u00bb724px\u00a0\u00bb][et_pb_row _builder_version=\u00a0\u00bb3.25&Prime; background_size=\u00a0\u00bbinitial\u00a0\u00bb background_position=\u00a0\u00bbtop_left\u00a0\u00bb background_repeat=\u00a0\u00bbrepeat\u00a0\u00bb][et_pb_column type=\u00a0\u00bb4_4&Prime; _builder_version=\u00a0\u00bb3.25&Prime; custom_padding=\u00a0\u00bb|||\u00a0\u00bb custom_padding__hover=\u00a0\u00bb|||\u00a0\u00bb][et_pb_text admin_label=\u00a0\u00bbTexte\u00a0\u00bb _builder_version=\u00a0\u00bb4.9.2&Prime; background_size=\u00a0\u00bbinitial\u00a0\u00bb background_position=\u00a0\u00bbtop_left\u00a0\u00bb background_repeat=\u00a0\u00bbrepeat\u00a0\u00bb]<\/p>\n<p>&nbsp;<\/p>\n<table class=\" aligncenter\" style=\"width: 858px; height: 578px;\">\n<tbody>\n<tr style=\"height: 214px;\">\n<td style=\"width: 836px; height: 214px;\" colspan=\"2\">\n<p><strong>Concours 4 2020 &#8211; Rallye<\/strong><\/p>\n<p>Vallorbe en 4 cartes postales<\/p>\n<p>Pas de fil conducteur, 4 images format cartes postales, illustrant Vallorbe, en toute libert\u00e9<\/p>\n<p>&nbsp;<\/p>\n<\/td>\n<\/tr>\n<tr style=\"height: 23px;\">\n<td style=\"width: 276px; height: 23px;\">Date du rendu:<\/td>\n<td style=\"width: 554px; height: 23px;\"><strong>Lundi 02 novembre 2020<\/strong><\/td>\n<\/tr>\n<tr style=\"height: 23px;\">\n<td style=\"width: 276px; height: 23px;\">Date du jugement:<\/td>\n<td style=\"width: 554px; height: 23px;\"><strong>Lundi 09 novembre 2020<\/strong><\/td>\n<\/tr>\n<tr style=\"height: 27px;\">\n<td style=\"width: 276px; height: 27px;\">Date du r\u00e9sultat:<\/td>\n<td style=\"width: 554px; height: 27px;\"><strong>Lundi 22 mars 2021 (r\u00e9union par vid\u00e9oconf\u00e9rence)<\/strong><\/td>\n<\/tr>\n<tr style=\"height: 95px;\">\n<td style=\"width: 276px; height: 95px;\">\u00c9l\u00e9ments \u00e0 rendre:<\/td>\n<td style=\"width: 554px; height: 95px;\">\n<p style=\"font-weight: 400;\">4 images papier\u00a0format carte postale*, couleur ou noir\/blanc,<br \/>pr\u00e9sentation selon r\u00e8glement concours<\/p>\n<p style=\"font-weight: 400;\">*si elle est affranchie avec\u00a0un timbre de 85 cts et qu&rsquo;on la poste, elle arrive au destinataire. Selon conditions et grille tarifaire de La Poste\u00a0:<\/p>\n<p style=\"font-weight: 400;\"><em>\u00a0\u00bb Lettre jusqu\u2019au format B5\u00a0<\/em><\/p>\n<p style=\"font-weight: 400;\"><em>Jusqu\u2019\u00e0 25 \u00d7 17,6 cm, 2 cm\u00a0d\u2019\u00e9paisseur \u00ab\u00a0<\/em><\/p>\n<\/td>\n<\/tr>\n<\/tbody>\n<\/table>\n<p>&nbsp;<\/p>\n<p>[\/et_pb_text][\/et_pb_column][\/et_pb_row][\/et_pb_section][et_pb_section fb_built=\u00a0\u00bb1&Prime; _builder_version=\u00a0\u00bb4.4.6&Prime; global_module=\u00a0\u00bb5486&Prime; collapsed=\u00a0\u00bboff\u00a0\u00bb][et_pb_row column_structure=\u00a0\u00bb1_2,1_2&Prime; _builder_version=\u00a0\u00bb4.4.6&Prime;][et_pb_column type=\u00a0\u00bb1_2&Prime; _builder_version=\u00a0\u00bb4.4.6&Prime;][et_pb_gallery gallery_ids=\u00a0\u00bb5501,5500,5499,5498&Prime; show_pagination=\u00a0\u00bboff\u00a0\u00bb _builder_version=\u00a0\u00bb4.9.2&Prime; width=\u00a0\u00bb100%\u00a0\u00bb animation_style=\u00a0\u00bbfade\u00a0\u00bb][\/et_pb_gallery][et_pb_gallery gallery_ids=\u00a0\u00bb5521,5520,5519,5516&Prime; show_pagination=\u00a0\u00bboff\u00a0\u00bb _builder_version=\u00a0\u00bb4.9.2&Prime; width=\u00a0\u00bb100%\u00a0\u00bb animation_style=\u00a0\u00bbfade\u00a0\u00bb][\/et_pb_gallery][et_pb_gallery gallery_ids=\u00a0\u00bb5630,5627,5645,5644&Prime; show_pagination=\u00a0\u00bboff\u00a0\u00bb _builder_version=\u00a0\u00bb4.9.2&Prime; width=\u00a0\u00bb100%\u00a0\u00bb animation_style=\u00a0\u00bbfade\u00a0\u00bb][\/et_pb_gallery][et_pb_gallery gallery_ids=\u00a0\u00bb5523,5522,5518,5517&Prime; show_pagination=\u00a0\u00bboff\u00a0\u00bb _builder_version=\u00a0\u00bb4.9.2&Prime; width=\u00a0\u00bb100%\u00a0\u00bb animation_style=\u00a0\u00bbfade\u00a0\u00bb][\/et_pb_gallery][\/et_pb_column][et_pb_column type=\u00a0\u00bb1_2&Prime; _builder_version=\u00a0\u00bb4.4.6&Prime;][et_pb_gallery gallery_ids=\u00a0\u00bb5515,5514,5513,5512&Prime; show_pagination=\u00a0\u00bboff\u00a0\u00bb _builder_version=\u00a0\u00bb4.9.2&Prime; width=\u00a0\u00bb100%\u00a0\u00bb animation_style=\u00a0\u00bbfade\u00a0\u00bb][\/et_pb_gallery][et_pb_gallery gallery_ids=\u00a0\u00bb5525,5506,5505,5504&Prime; show_pagination=\u00a0\u00bboff\u00a0\u00bb _builder_version=\u00a0\u00bb4.9.2&Prime; width=\u00a0\u00bb100%\u00a0\u00bb animation_style=\u00a0\u00bbfade\u00a0\u00bb][\/et_pb_gallery][et_pb_gallery gallery_ids=\u00a0\u00bb5511,5510,5509,5508&Prime; show_pagination=\u00a0\u00bboff\u00a0\u00bb _builder_version=\u00a0\u00bb4.9.2&Prime; width=\u00a0\u00bb100%\u00a0\u00bb animation_style=\u00a0\u00bbfade\u00a0\u00bb][\/et_pb_gallery][\/et_pb_column][\/et_pb_row][et_pb_row _builder_version=\u00a0\u00bb4.9.2&Prime; _module_preset=\u00a0\u00bbdefault\u00a0\u00bb][et_pb_column type=\u00a0\u00bb4_4&Prime; _builder_version=\u00a0\u00bb4.9.2&Prime; _module_preset=\u00a0\u00bbdefault\u00a0\u00bb][et_pb_text _builder_version=\u00a0\u00bb4.9.2&Prime; _module_preset=\u00a0\u00bbdefault\u00a0\u00bb]<\/p>\n<table width=\"397\">\n<tbody>\n<tr>\n<td width=\"88\">Pr\u00e9nom<\/td>\n<td width=\"111\">Nom<\/td>\n<td width=\"66\">n\u00b0<\/td>\n<td width=\"66\">Points<\/td>\n<td width=\"66\">Rang<\/td>\n<\/tr>\n<tr>\n<td>Jacques<\/td>\n<td>Hostettler<\/td>\n<td>461<\/td>\n<td>96<\/td>\n<td>1<\/td>\n<\/tr>\n<tr>\n<td>Pierre\u00a0<\/td>\n<td>Joye<\/td>\n<td>883<\/td>\n<td>92<\/td>\n<td>2<\/td>\n<\/tr>\n<tr>\n<td>Susanna<\/td>\n<td>Lussi<\/td>\n<td>1367<\/td>\n<td>90<\/td>\n<td>3<\/td>\n<\/tr>\n<tr>\n<td>Lucienne<\/td>\n<td>Mauron<\/td>\n<td>1337<\/td>\n<td>80<\/td>\n<td>4<\/td>\n<\/tr>\n<tr>\n<td>Christian<\/td>\n<td>Renz<\/td>\n<td>1500<\/td>\n<td>79<\/td>\n<td>5<\/td>\n<\/tr>\n<tr>\n<td>Monique<\/td>\n<td>Loup<\/td>\n<td>2501<\/td>\n<td>73<\/td>\n<td>6<\/td>\n<\/tr>\n<tr>\n<td>Pierre-Alain<\/td>\n<td>Carrel<\/td>\n<td>1060<\/td>\n<td>71<\/td>\n<td>7<\/td>\n<\/tr>\n<\/tbody>\n<\/table>\n<p>[\/et_pb_text][\/et_pb_column][\/et_pb_row][\/et_pb_section]<\/p>\n","protected":false},"excerpt":{"rendered":"<p>Concours 4 2020 &#8211; Rallye, Vallorbe en 4 cartes postales. Pas de fil conducteur, 4 images format cartes postales, illustrant Vallorbe, en toute libert\u00e9<\/p>\n","protected":false},"author":206,"featured_media":5582,"comment_status":"closed","ping_status":"closed","sticky":false,"template":"","format":"standard","meta":{"_et_pb_use_builder":"on","_et_pb_old_content":"","_et_gb_content_width":"","footnotes":""},"categories":[432],"tags":[],"class_list":["post-4270","post","type-post","status-publish","format-standard","has-post-thumbnail","hentry","category-concours-2020"],"_links":{"self":[{"href":"https:\/\/photofri.ch\/pcfwp\/wp-json\/wp\/v2\/posts\/4270","targetHints":{"allow":["GET"]}}],"collection":[{"href":"https:\/\/photofri.ch\/pcfwp\/wp-json\/wp\/v2\/posts"}],"about":[{"href":"https:\/\/photofri.ch\/pcfwp\/wp-json\/wp\/v2\/types\/post"}],"author":[{"embeddable":true,"href":"https:\/\/photofri.ch\/pcfwp\/wp-json\/wp\/v2\/users\/206"}],"replies":[{"embeddable":true,"href":"https:\/\/photofri.ch\/pcfwp\/wp-json\/wp\/v2\/comments?post=4270"}],"version-history":[{"count":16,"href":"https:\/\/photofri.ch\/pcfwp\/wp-json\/wp\/v2\/posts\/4270\/revisions"}],"predecessor-version":[{"id":5660,"href":"https:\/\/photofri.ch\/pcfwp\/wp-json\/wp\/v2\/posts\/4270\/revisions\/5660"}],"wp:featuredmedia":[{"embeddable":true,"href":"https:\/\/photofri.ch\/pcfwp\/wp-json\/wp\/v2\/media\/5582"}],"wp:attachment":[{"href":"https:\/\/photofri.ch\/pcfwp\/wp-json\/wp\/v2\/media?parent=4270"}],"wp:term":[{"taxonomy":"category","embeddable":true,"href":"https:\/\/photofri.ch\/pcfwp\/wp-json\/wp\/v2\/categories?post=4270"},{"taxonomy":"post_tag","embeddable":true,"href":"https:\/\/photofri.ch\/pcfwp\/wp-json\/wp\/v2\/tags?post=4270"}],"curies":[{"name":"wp","href":"https:\/\/api.w.org\/{rel}","templated":true}]}}