{"id":5292,"date":"2021-01-06T13:50:55","date_gmt":"2021-01-06T12:50:55","guid":{"rendered":"https:\/\/photofri.ch\/pcfwp\/?p=5292"},"modified":"2021-09-16T19:22:30","modified_gmt":"2021-09-16T17:22:30","slug":"rallye-3-2021","status":"publish","type":"post","link":"https:\/\/photofri.ch\/pcfwp\/rallye-3-2021\/","title":{"rendered":"Rallye (3\/2021)"},"content":{"rendered":"<p>[et_pb_section fb_built=\u00a0\u00bb1&Prime; _builder_version=\u00a0\u00bb3.22&Prime; global_colors_info=\u00a0\u00bb{}\u00a0\u00bb][et_pb_row _builder_version=\u00a0\u00bb4.10.6&Prime; background_size=\u00a0\u00bbinitial\u00a0\u00bb background_position=\u00a0\u00bbtop_left\u00a0\u00bb background_repeat=\u00a0\u00bbrepeat\u00a0\u00bb global_colors_info=\u00a0\u00bb{}\u00a0\u00bb][et_pb_column type=\u00a0\u00bb4_4&Prime; _builder_version=\u00a0\u00bb3.25&Prime; custom_padding=\u00a0\u00bb|||\u00a0\u00bb global_colors_info=\u00a0\u00bb{}\u00a0\u00bb custom_padding__hover=\u00a0\u00bb|||\u00a0\u00bb][et_pb_text _builder_version=\u00a0\u00bb4.10.7&Prime; hover_enabled=\u00a0\u00bb0&Prime; global_colors_info=\u00a0\u00bb{}\u00a0\u00bb sticky_enabled=\u00a0\u00bb0&Prime;]<\/p>\n<p><strong>Concours 3 2021 &#8211; Rallye les arts du feu \u00e0 Gruy\u00e8re<\/strong><a id=\"toppage\"><\/a><\/p>\n<p>Les artisans des 5\u00e8me Arts du Feu vous attendent \u00e0 Gruy\u00e8res. Manifestation gratuite.<br \/>A vous de sublimer leur savoir-faire et leurs cr\u00e9ations.<\/p>\n<p>&nbsp;<\/p>\n<p>INFORMATIONS IMPORTANTES<\/p>\n<p>Les informations ci-dessous permettent d\u00e9j\u00e0 de commencer votre travail, la CA reste disponible pour des questions et\/ou remarques\u00a0<a href=\"mailto:ca@photofri.ch\" target=\"_blank\" rel=\"noopener\">ca@photofri.ch<\/a><\/p>\n<table>\n<tbody>\n<tr>\n<td>\u00a0<\/td>\n<td>\u00a0<\/td>\n<\/tr>\n<tr>\n<td>Date du rendu:<\/td>\n<td><strong>Lundi 11 octobre 2021<\/strong><\/td>\n<\/tr>\n<tr>\n<td>\u00a0<\/td>\n<td>\u00a0<\/td>\n<\/tr>\n<tr>\n<td>Date du Jugement et des r\u00e9sultats:<\/td>\n<td>Lundi 8 novembre 2021 (jugement collectif des membres pr\u00e9sents \u00e0 cette soir\u00e9e)<\/td>\n<\/tr>\n<tr>\n<td>\u00c9l\u00e9ments \u00e0 rendre:<\/td>\n<td>Portfolio de 5 \u00e0 7 images papier couleur ou noir\/blanc qui devra raconter une \u00ab\u00a0histoire\u00a0\u00bb via les artisans, l\u2019ambiance, le public, les musiciens\u2026.libre cours \u00e0 votre imagination&#8230;<br \/>Seule obligation, les photos pr\u00e9sent\u00e9es auront \u00e9t\u00e9 faites durant cette journ\u00e9e !<\/td>\n<\/tr>\n<\/tbody>\n<\/table>\n<p>&nbsp;<\/p>\n<p>&nbsp;<\/p>\n<p>[\/et_pb_text][\/et_pb_column][\/et_pb_row][\/et_pb_section]<\/p>\n","protected":false},"excerpt":{"rendered":"<p>Concours 3 2021 &#8211; Rallye les arts du feu \u00e0 Gruy\u00e8re Les artisans des 5\u00e8me Arts du Feu vous attendent \u00e0 Gruy\u00e8res. Manifestation gratuite.A vous de sublimer leur savoir-faire et leurs cr\u00e9ations. &nbsp; INFORMATIONS IMPORTANTES Les informations ci-dessous permettent d\u00e9j\u00e0 de commencer votre travail, la CA reste disponible pour des questions et\/ou remarques\u00a0ca@photofri.ch \u00a0 \u00a0 [&hellip;]<\/p>\n","protected":false},"author":206,"featured_media":5528,"comment_status":"closed","ping_status":"closed","sticky":false,"template":"","format":"standard","meta":{"_et_pb_use_builder":"on","_et_pb_old_content":"","_et_gb_content_width":"","footnotes":""},"categories":[490],"tags":[],"class_list":["post-5292","post","type-post","status-publish","format-standard","has-post-thumbnail","hentry","category-concours-2021"],"_links":{"self":[{"href":"https:\/\/photofri.ch\/pcfwp\/wp-json\/wp\/v2\/posts\/5292","targetHints":{"allow":["GET"]}}],"collection":[{"href":"https:\/\/photofri.ch\/pcfwp\/wp-json\/wp\/v2\/posts"}],"about":[{"href":"https:\/\/photofri.ch\/pcfwp\/wp-json\/wp\/v2\/types\/post"}],"author":[{"embeddable":true,"href":"https:\/\/photofri.ch\/pcfwp\/wp-json\/wp\/v2\/users\/206"}],"replies":[{"embeddable":true,"href":"https:\/\/photofri.ch\/pcfwp\/wp-json\/wp\/v2\/comments?post=5292"}],"version-history":[{"count":13,"href":"https:\/\/photofri.ch\/pcfwp\/wp-json\/wp\/v2\/posts\/5292\/revisions"}],"predecessor-version":[{"id":6059,"href":"https:\/\/photofri.ch\/pcfwp\/wp-json\/wp\/v2\/posts\/5292\/revisions\/6059"}],"wp:featuredmedia":[{"embeddable":true,"href":"https:\/\/photofri.ch\/pcfwp\/wp-json\/wp\/v2\/media\/5528"}],"wp:attachment":[{"href":"https:\/\/photofri.ch\/pcfwp\/wp-json\/wp\/v2\/media?parent=5292"}],"wp:term":[{"taxonomy":"category","embeddable":true,"href":"https:\/\/photofri.ch\/pcfwp\/wp-json\/wp\/v2\/categories?post=5292"},{"taxonomy":"post_tag","embeddable":true,"href":"https:\/\/photofri.ch\/pcfwp\/wp-json\/wp\/v2\/tags?post=5292"}],"curies":[{"name":"wp","href":"https:\/\/api.w.org\/{rel}","templated":true}]}}