{"id":6197,"date":"2021-12-11T08:09:57","date_gmt":"2021-12-11T07:09:57","guid":{"rendered":"https:\/\/photofri.ch\/pcfwp\/?p=6197"},"modified":"2022-09-26T13:57:49","modified_gmt":"2022-09-26T11:57:49","slug":"concours-1-2022","status":"publish","type":"post","link":"https:\/\/photofri.ch\/pcfwp\/concours-1-2022\/","title":{"rendered":"Silhouette(s) (1\/2022)"},"content":{"rendered":"<p>[et_pb_section fb_built=\u00a0\u00bb1&Prime; _builder_version=\u00a0\u00bb4.16&Prime; global_colors_info=\u00a0\u00bb{}\u00a0\u00bb][et_pb_row _builder_version=\u00a0\u00bb4.16&Prime; background_size=\u00a0\u00bbinitial\u00a0\u00bb background_position=\u00a0\u00bbtop_left\u00a0\u00bb background_repeat=\u00a0\u00bbrepeat\u00a0\u00bb custom_padding=\u00a0\u00bb||0px|||\u00a0\u00bb global_colors_info=\u00a0\u00bb{}\u00a0\u00bb][et_pb_column type=\u00a0\u00bb4_4&Prime; _builder_version=\u00a0\u00bb4.16&Prime; custom_padding=\u00a0\u00bb|||\u00a0\u00bb global_colors_info=\u00a0\u00bb{}\u00a0\u00bb custom_padding__hover=\u00a0\u00bb|||\u00a0\u00bb][et_pb_text _builder_version=\u00a0\u00bb4.16&Prime; global_colors_info=\u00a0\u00bb{}\u00a0\u00bb]<\/p>\n<p><strong>Concours 1 \/ 2022 &#8211; Silhouette(s)<\/strong><a id=\"toppage\"><\/a><\/p>\n<div>\n<p>Une photo de silhouette(s) est donc une photo prise \u00e0 contre-jour?<br \/>Oui, mais\u2026. pas uniquement!<br \/>Selon le dictionnaire Larousse une silhouette se d\u00e9finit comme une image<br \/>dont les contours du sujet sont sch\u00e9matiques ou stylis\u00e9s,<br \/>une ombre projet\u00e9e de quelque chose ou de quelqu\u2019un dont la forme et les contours se d\u00e9tachent nettement sur un fond,<br \/>Ou encore une forme g\u00e9n\u00e9rale d\u2019un \u00eatre ou d\u2019une chose aux contours vagues (on distinguait deux silhouettes dans le brouillard)<\/p>\n<p>Laissez libre cours \u00e0 votre cr\u00e9ativit\u00e9 et montrez nous vos images de silhouette(s).<\/p>\n<\/div>\n<p>&nbsp;<\/p>\n<table style=\"height: 313px;\">\n<tbody>\n<tr style=\"height: 23px;\">\n<td style=\"height: 23px; width: 217px;\">\u00a0<\/td>\n<td style=\"height: 23px; width: 1070px;\">\u00a0<\/td>\n<\/tr>\n<tr style=\"height: 23px;\">\n<td style=\"height: 23px; width: 217px;\">Date du rendu:<\/td>\n<td style=\"height: 23px; width: 1070px;\"><strong>7 mars 2022<br \/><\/strong>Les images sont \u00e0 d\u00e9poser au local du photo club avant le 7.3.22 ou en cas d&#8217;emp\u00eachement veuillez contacter Susanna L\u00fcssi<\/td>\n<\/tr>\n<tr style=\"height: 198px;\">\n<td style=\"height: 198px; width: 217px;\">Date du Jugement et des r\u00e9sultats:<\/td>\n<td style=\"height: 198px; width: 1070px;\">\n<p><strong>Lundi 21 mars 2022<\/strong><\/p>\n<div>\n<div dir=\"auto\">Suite aux retours lors du premier test, le jugement du concours, qui fera office de deuxi\u00e8me test pour une \u00e9ventuelle nouvelle formule, s\u2019effectuera par tous les membres pr\u00e9sents, qu\u2019ils soient participants ou non, selon les deux crit\u00e8res, suivants :<\/div>\n<div dir=\"auto\">\n<ul>\n<li>10 points pour la cr\u00e9ativit\u00e9\u00a0qui comprend l\u2019originalit\u00e9, l\u2019interpr\u00e9tation et le traitement du th\u00e8me impos\u00e9, l\u2019\u00e9motion, la communication, le regard artistique de l\u2019auteur etc\u2026<\/li>\n<li>5 points pour la technique qui comprend la ma\u00eetrise de la lumi\u00e8re, le cadrage, l\u2019angle de prise de vue, la qualit\u00e9 du post-traitement, la ma\u00eetrise de son appareil et le choix de l\u2019objectif.<\/li>\n<\/ul>\n<p>soit un maximum de 15 points par image.<br \/>Seul le total sera donn\u00e9 au coordinateur du concours, pas le d\u00e9tail.<\/p>\n<p><b>Les participants au concours ne jugeront pas leur propres photos.<br \/><\/b>Le total des points par image sera ensuite divis\u00e9 par le nombre de personnes l&rsquo;ayant jug\u00e9e pour obtenir une moyenne par image.<\/p>\n<p><b>Il n\u2019y aura pas de photos hors concours<\/b>\u00a0; si un juge estime que les photos ne sont pas dans le th\u00e8me, il peut mettre 1 point par image.<br \/>Chaque participant peut donner anonymement un titre et\/ou un commentaire sur sa d\u00e9marche sur une feuille \u00e0 part.<br \/>Durant le jugement<b>, l\u2019anonymat du photographe est garanti.<\/b><\/p>\n<\/div>\n<\/div>\n<\/td>\n<\/tr>\n<tr style=\"height: 69px;\">\n<td style=\"height: 69px; width: 217px;\">\u00c9l\u00e9ments \u00e0 rendre:<\/td>\n<td style=\"height: 69px; width: 1070px;\">4 photos sur papier en couleur ou noir\/blanc avec num\u00e9rotation (xxxx) selon ordre de pr\u00e9f\u00e9rence (abcd).<span class=\" author-d-iz88z86z86za0dz67zz78zz78zz74zz68zjz80zz71z9iz90z95be5z122zz83zz83z9z81zyz81zz122zoaz70zz69zz66zruvz77zxm5hs1kz80zz90z\">\u00a0<\/span><\/td>\n<\/tr>\n<\/tbody>\n<\/table>\n<p>&nbsp;<\/p>\n<p>&nbsp;<\/p>\n<p>[\/et_pb_text][\/et_pb_column][\/et_pb_row][\/et_pb_section][et_pb_section fb_built=\u00a0\u00bb1&Prime; _builder_version=\u00a0\u00bb4.16&Prime; _module_preset=\u00a0\u00bbdefault\u00a0\u00bb global_colors_info=\u00a0\u00bb{}\u00a0\u00bb][et_pb_row _builder_version=\u00a0\u00bb4.18.0&Prime; _module_preset=\u00a0\u00bbdefault\u00a0\u00bb global_colors_info=\u00a0\u00bb{}\u00a0\u00bb][et_pb_column type=\u00a0\u00bb4_4&Prime; _builder_version=\u00a0\u00bb4.16&Prime; _module_preset=\u00a0\u00bbdefault\u00a0\u00bb global_colors_info=\u00a0\u00bb{}\u00a0\u00bb][et_pb_gallery gallery_ids=\u00a0\u00bb6809,6808,6807,6806,6805,6804,6803,6802,6801,6800,6799,6798,6796,6795,6794,6793,6792,6791,6790,6789,6788,6787,6786,6785,6784,6783,6782,6781,6780,6779,6778,6777,6776,6775,6774,6773,6772,6771,6770,6769,6853,6852,6851,6850,6860&Prime; posts_number=\u00a0\u00bb50&Prime; _builder_version=\u00a0\u00bb4.18.0&Prime; _module_preset=\u00a0\u00bbdefault\u00a0\u00bb hover_enabled=\u00a0\u00bb0&Prime; global_colors_info=\u00a0\u00bb{}\u00a0\u00bb sticky_enabled=\u00a0\u00bb0&Prime;][\/et_pb_gallery][\/et_pb_column][\/et_pb_row][et_pb_row _builder_version=\u00a0\u00bb4.16&Prime; _module_preset=\u00a0\u00bbdefault\u00a0\u00bb global_colors_info=\u00a0\u00bb{}\u00a0\u00bb][et_pb_column type=\u00a0\u00bb4_4&Prime; _builder_version=\u00a0\u00bb4.16&Prime; _module_preset=\u00a0\u00bbdefault\u00a0\u00bb global_colors_info=\u00a0\u00bb{}\u00a0\u00bb][et_pb_text _builder_version=\u00a0\u00bb4.18.0&Prime; _module_preset=\u00a0\u00bbdefault\u00a0\u00bb global_colors_info=\u00a0\u00bb{}\u00a0\u00bb]<\/p>\n<h3>Classement selon jugement test<\/h3>\n<table width=\"677\">\n<tbody>\n<tr>\n<td width=\"88\">Rang<\/td>\n<td width=\"136\">Total des points<\/td>\n<td width=\"105\">Nombre Juges<\/td>\n<td width=\"87\">Moyenne<\/td>\n<td width=\"261\">Nom, Pr\u00e9nom<\/td>\n<\/tr>\n<tr>\n<td>1<\/td>\n<td>579,00<\/td>\n<td>13<\/td>\n<td>44,54<\/td>\n<td>Perriard Fr\u00e9d\u00e9ric<\/td>\n<\/tr>\n<tr>\n<td>2<\/td>\n<td>575,00<\/td>\n<td>13<\/td>\n<td>44,23<\/td>\n<td>D\u00fcss Ren\u00e9<\/td>\n<\/tr>\n<tr>\n<td>3<\/td>\n<td>540,00<\/td>\n<td>13<\/td>\n<td>41,54<\/td>\n<td>Joye Pierre<\/td>\n<\/tr>\n<tr>\n<td>4<\/td>\n<td>549,00<\/td>\n<td>14<\/td>\n<td>39,21<\/td>\n<td>Julmy Roland<\/td>\n<\/tr>\n<tr>\n<td>5<\/td>\n<td>503,00<\/td>\n<td>13<\/td>\n<td>38,69<\/td>\n<td>Schoenenweid Andr\u00e9<\/td>\n<\/tr>\n<tr>\n<td>6<\/td>\n<td>520,00<\/td>\n<td>14<\/td>\n<td>37,14<\/td>\n<td>Julmy Marcel<\/td>\n<\/tr>\n<tr>\n<td>7<\/td>\n<td>506,00<\/td>\n<td>14<\/td>\n<td>36,14<\/td>\n<td>L\u00fcssi Susanna<\/td>\n<\/tr>\n<tr>\n<td>8<\/td>\n<td>459,00<\/td>\n<td>13<\/td>\n<td>35,31<\/td>\n<td>Aebischer Nicolas<\/td>\n<\/tr>\n<tr>\n<td>9<\/td>\n<td>493,00<\/td>\n<td>14<\/td>\n<td>35,21<\/td>\n<td>Perritaz Albert<\/td>\n<\/tr>\n<tr>\n<td>10<\/td>\n<td>483,00<\/td>\n<td>14<\/td>\n<td>34,50<\/td>\n<td>Piller Guy<\/td>\n<\/tr>\n<tr>\n<td>11<\/td>\n<td>479,00<\/td>\n<td>14<\/td>\n<td>34,21<\/td>\n<td>Curty Sylvia<\/td>\n<\/tr>\n<tr>\n<td>12<\/td>\n<td>413,00<\/td>\n<td>13<\/td>\n<td>31,77<\/td>\n<td>Mauron Lucienne<\/td>\n<\/tr>\n<tr>\n<td>13<\/td>\n<td>426,00<\/td>\n<td>14<\/td>\n<td>30,43<\/td>\n<td>Carrel Pierre-Alain<\/td>\n<\/tr>\n<tr>\n<td>14<\/td>\n<td>344,00<\/td>\n<td>13<\/td>\n<td>26,46<\/td>\n<td>Finger Laurent<\/td>\n<\/tr>\n<\/tbody>\n<\/table>\n<p>[\/et_pb_text][\/et_pb_column][\/et_pb_row][\/et_pb_section]<\/p>\n","protected":false},"excerpt":{"rendered":"<p>Concours 1 \/ 2022 &#8211; Silhouette(s) Une photo de silhouette(s) est donc une photo prise \u00e0 contre-jour?Oui, mais\u2026. pas uniquement!Selon le dictionnaire Larousse une silhouette se d\u00e9finit comme une imagedont les contours du sujet sont sch\u00e9matiques ou stylis\u00e9s,une ombre projet\u00e9e de quelque chose ou de quelqu\u2019un dont la forme et les contours se d\u00e9tachent nettement [&hellip;]<\/p>\n","protected":false},"author":206,"featured_media":6244,"comment_status":"closed","ping_status":"closed","sticky":false,"template":"","format":"standard","meta":{"_et_pb_use_builder":"on","_et_pb_old_content":"","_et_gb_content_width":"","footnotes":""},"categories":[532],"tags":[],"class_list":["post-6197","post","type-post","status-publish","format-standard","has-post-thumbnail","hentry","category-concours-2022"],"_links":{"self":[{"href":"https:\/\/photofri.ch\/pcfwp\/wp-json\/wp\/v2\/posts\/6197","targetHints":{"allow":["GET"]}}],"collection":[{"href":"https:\/\/photofri.ch\/pcfwp\/wp-json\/wp\/v2\/posts"}],"about":[{"href":"https:\/\/photofri.ch\/pcfwp\/wp-json\/wp\/v2\/types\/post"}],"author":[{"embeddable":true,"href":"https:\/\/photofri.ch\/pcfwp\/wp-json\/wp\/v2\/users\/206"}],"replies":[{"embeddable":true,"href":"https:\/\/photofri.ch\/pcfwp\/wp-json\/wp\/v2\/comments?post=6197"}],"version-history":[{"count":22,"href":"https:\/\/photofri.ch\/pcfwp\/wp-json\/wp\/v2\/posts\/6197\/revisions"}],"predecessor-version":[{"id":6861,"href":"https:\/\/photofri.ch\/pcfwp\/wp-json\/wp\/v2\/posts\/6197\/revisions\/6861"}],"wp:featuredmedia":[{"embeddable":true,"href":"https:\/\/photofri.ch\/pcfwp\/wp-json\/wp\/v2\/media\/6244"}],"wp:attachment":[{"href":"https:\/\/photofri.ch\/pcfwp\/wp-json\/wp\/v2\/media?parent=6197"}],"wp:term":[{"taxonomy":"category","embeddable":true,"href":"https:\/\/photofri.ch\/pcfwp\/wp-json\/wp\/v2\/categories?post=6197"},{"taxonomy":"post_tag","embeddable":true,"href":"https:\/\/photofri.ch\/pcfwp\/wp-json\/wp\/v2\/tags?post=6197"}],"curies":[{"name":"wp","href":"https:\/\/api.w.org\/{rel}","templated":true}]}}