{"id":6208,"date":"2021-12-11T07:16:44","date_gmt":"2021-12-11T06:16:44","guid":{"rendered":"https:\/\/photofri.ch\/pcfwp\/?p=6208"},"modified":"2022-09-14T17:14:45","modified_gmt":"2022-09-14T15:14:45","slug":"les-joies-de-la-vie-2-2022","status":"publish","type":"post","link":"https:\/\/photofri.ch\/pcfwp\/les-joies-de-la-vie-2-2022\/","title":{"rendered":"Les joies de la vie (2\/2022)"},"content":{"rendered":"<p>[et_pb_section fb_built=\u00a0\u00bb1&Prime; _builder_version=\u00a0\u00bb4.16&Prime; global_colors_info=\u00a0\u00bb{}\u00a0\u00bb][et_pb_row _builder_version=\u00a0\u00bb4.16&Prime; background_size=\u00a0\u00bbinitial\u00a0\u00bb background_position=\u00a0\u00bbtop_left\u00a0\u00bb background_repeat=\u00a0\u00bbrepeat\u00a0\u00bb custom_padding=\u00a0\u00bb||0px|||\u00a0\u00bb global_colors_info=\u00a0\u00bb{}\u00a0\u00bb][et_pb_column type=\u00a0\u00bb4_4&Prime; _builder_version=\u00a0\u00bb4.16&Prime; custom_padding=\u00a0\u00bb|||\u00a0\u00bb global_colors_info=\u00a0\u00bb{}\u00a0\u00bb custom_padding__hover=\u00a0\u00bb|||\u00a0\u00bb][et_pb_text _builder_version=\u00a0\u00bb4.16&Prime; global_colors_info=\u00a0\u00bb{}\u00a0\u00bb]<\/p>\n<p><strong>Concours 2 \/ 2022 &#8211; Les joies de la vie<\/strong><a id=\"toppage\"><\/a><\/p>\n<div>\n<p>Les joies de la vie! Oublions pour un temps les soucis d\u00fb \u00e0 ce personnage peu sympathique et intrusif nomm\u00e9 COVID. Mettons en sc\u00e8ne ou \u201ccapturons\u201d nos proches, nos amis, voir m\u00eame des inconnus dans une ambiance joyeuse.<br \/>Chaque image devra contenir au moins une personne et nous faire sourire ou ressentir \u201cLa joie de vivre\u201d!<\/p>\n<p><strong>Le jugement se fera par un coll\u00e8ge de 3 juges selon le r\u00e8glement en vigueur.<\/strong><\/p>\n<\/div>\n<p>&nbsp;<\/p>\n<table>\n<tbody>\n<tr>\n<td>Date du rendu:<strong><\/strong><\/td>\n<td><strong>9 mai 2022<\/strong> <span style=\"text-decoration: underline;\">via SwissTransfer\/WETransfer<\/span> \u00e0\u00a0<strong><a href=\"mailto:susanna-lussi@bluewin.ch\">susanna-lussi@bluewin.ch<\/a><\/strong><\/td>\n<\/tr>\n<tr>\n<td>Date du jugement:<\/td>\n<td><strong>16 mai 2022<\/strong><\/td>\n<\/tr>\n<tr>\n<td>Date des r\u00e9sultats:<\/td>\n<td><strong>23 mai 2022<\/strong><\/td>\n<\/tr>\n<tr>\n<td>\n<p>\u00c9l\u00e9ments \u00e0 rendre:<\/p>\n<\/td>\n<td>\n<p>4 photos num\u00e9riques en couleur ou noir\/blanc avec num\u00e9rotation (xxxx) selon ordre de pr\u00e9f\u00e9rence (abcd).\u00a0<\/p>\n<p>Veuillez \u00e9galement indiquer laquelle des photos sera \u00e0 commenter.<\/p>\n<p>Dimensions : <strong>3240 x 2160 pixels pour le rapport 3:2 (ou 3840 x 2160 pixels pour le rapport 4:3<\/strong>)\u00a0\u00a0\u00a0\u00a0<\/p>\n<\/td>\n<\/tr>\n<\/tbody>\n<\/table>\n<p>&nbsp;<\/p>\n<p>&nbsp;<\/p>\n<p>[\/et_pb_text][\/et_pb_column][\/et_pb_row][\/et_pb_section][et_pb_section fb_built=\u00a0\u00bb1&Prime; _builder_version=\u00a0\u00bb4.16&Prime; _module_preset=\u00a0\u00bbdefault\u00a0\u00bb global_colors_info=\u00a0\u00bb{}\u00a0\u00bb][et_pb_row _builder_version=\u00a0\u00bb4.18.0&Prime; _module_preset=\u00a0\u00bbdefault\u00a0\u00bb global_colors_info=\u00a0\u00bb{}\u00a0\u00bb][et_pb_column type=\u00a0\u00bb4_4&Prime; _builder_version=\u00a0\u00bb4.16&Prime; _module_preset=\u00a0\u00bbdefault\u00a0\u00bb global_colors_info=\u00a0\u00bb{}\u00a0\u00bb][et_pb_text _builder_version=\u00a0\u00bb4.18.0&Prime; _module_preset=\u00a0\u00bbdefault\u00a0\u00bb text_text_color=\u00a0\u00bb#000000&Prime; hover_enabled=\u00a0\u00bb0&Prime; global_colors_info=\u00a0\u00bb{}\u00a0\u00bb sticky_enabled=\u00a0\u00bb0&Prime;]<\/p>\n<h3><span style=\"color: #ff0000;\"><em>Par respect au droit \u00e0 l\u2019image le Photoclub renonce \u00e0 la publication des images car la plupart des personnes figurant sur les images ont \u00e9t\u00e9 photographi\u00e9es \u00e0 leur insu.<\/em><\/span><\/h3>\n<p><span style=\"color: #ff0000;\"><em><\/em><\/span><\/p>\n<p><span style=\"color: #ff0000;\"><em><\/em><\/span><\/p>\n<p><span style=\"color: #ff0000;\"><em><\/em><\/span><\/p>\n<h3><span style=\"font-size: large;\">Classement selon re\u0300glement en vigueur<\/span><\/h3>\n<table width=\"509\">\n<tbody>\n<tr>\n<td width=\"88\">Rang<\/td>\n<td width=\"105\">Points<\/td>\n<td width=\"88\">no.<\/td>\n<td width=\"110\">Pr\u00e9nom<\/td>\n<td width=\"118\">Nom<\/td>\n<\/tr>\n<tr>\n<td>1<\/td>\n<td>92<\/td>\n<td>2525<\/td>\n<td>Nicolas<\/td>\n<td>Aebischer<\/td>\n<\/tr>\n<tr>\n<td>2 ex aequo<\/td>\n<td>84<\/td>\n<td>2108<\/td>\n<td>Fr\u00e9d\u00e9ric<\/td>\n<td>Perriard<\/td>\n<\/tr>\n<tr>\n<td>2 ex aequo<\/td>\n<td>84<\/td>\n<td>5287<\/td>\n<td>Susanna<\/td>\n<td>L\u00fcssi<\/td>\n<\/tr>\n<tr>\n<td>4<\/td>\n<td>80<\/td>\n<td>3013<\/td>\n<td>Pierre<\/td>\n<td>Joye<\/td>\n<\/tr>\n<tr>\n<td>5<\/td>\n<td>79<\/td>\n<td>7622<\/td>\n<td>Gis\u00e8le<\/td>\n<td>Cotting<\/td>\n<\/tr>\n<tr>\n<td>6<\/td>\n<td>67<\/td>\n<td>1077<\/td>\n<td>Lucienne<\/td>\n<td>Mauron<\/td>\n<\/tr>\n<\/tbody>\n<\/table>\n<p>[\/et_pb_text][\/et_pb_column][\/et_pb_row][et_pb_row _builder_version=\u00a0\u00bb4.16&Prime; _module_preset=\u00a0\u00bbdefault\u00a0\u00bb global_colors_info=\u00a0\u00bb{}\u00a0\u00bb][et_pb_column type=\u00a0\u00bb4_4&Prime; _builder_version=\u00a0\u00bb4.16&Prime; _module_preset=\u00a0\u00bbdefault\u00a0\u00bb global_colors_info=\u00a0\u00bb{}\u00a0\u00bb][\/et_pb_column][\/et_pb_row][\/et_pb_section]<\/p>\n","protected":false},"excerpt":{"rendered":"<p>Concours 2 \/ 2022 &#8211; Les joies de la vie Les joies de la vie! Oublions pour un temps les soucis d\u00fb \u00e0 ce personnage peu sympathique et intrusif nomm\u00e9 COVID. Mettons en sc\u00e8ne ou \u201ccapturons\u201d nos proches, nos amis, voir m\u00eame des inconnus dans une ambiance joyeuse.Chaque image devra contenir au moins une personne [&hellip;]<\/p>\n","protected":false},"author":206,"featured_media":6250,"comment_status":"closed","ping_status":"closed","sticky":false,"template":"","format":"standard","meta":{"_et_pb_use_builder":"on","_et_pb_old_content":"","_et_gb_content_width":"","footnotes":""},"categories":[532],"tags":[],"class_list":["post-6208","post","type-post","status-publish","format-standard","has-post-thumbnail","hentry","category-concours-2022"],"_links":{"self":[{"href":"https:\/\/photofri.ch\/pcfwp\/wp-json\/wp\/v2\/posts\/6208","targetHints":{"allow":["GET"]}}],"collection":[{"href":"https:\/\/photofri.ch\/pcfwp\/wp-json\/wp\/v2\/posts"}],"about":[{"href":"https:\/\/photofri.ch\/pcfwp\/wp-json\/wp\/v2\/types\/post"}],"author":[{"embeddable":true,"href":"https:\/\/photofri.ch\/pcfwp\/wp-json\/wp\/v2\/users\/206"}],"replies":[{"embeddable":true,"href":"https:\/\/photofri.ch\/pcfwp\/wp-json\/wp\/v2\/comments?post=6208"}],"version-history":[{"count":10,"href":"https:\/\/photofri.ch\/pcfwp\/wp-json\/wp\/v2\/posts\/6208\/revisions"}],"predecessor-version":[{"id":6838,"href":"https:\/\/photofri.ch\/pcfwp\/wp-json\/wp\/v2\/posts\/6208\/revisions\/6838"}],"wp:featuredmedia":[{"embeddable":true,"href":"https:\/\/photofri.ch\/pcfwp\/wp-json\/wp\/v2\/media\/6250"}],"wp:attachment":[{"href":"https:\/\/photofri.ch\/pcfwp\/wp-json\/wp\/v2\/media?parent=6208"}],"wp:term":[{"taxonomy":"category","embeddable":true,"href":"https:\/\/photofri.ch\/pcfwp\/wp-json\/wp\/v2\/categories?post=6208"},{"taxonomy":"post_tag","embeddable":true,"href":"https:\/\/photofri.ch\/pcfwp\/wp-json\/wp\/v2\/tags?post=6208"}],"curies":[{"name":"wp","href":"https:\/\/api.w.org\/{rel}","templated":true}]}}