{"id":6214,"date":"2021-12-11T06:20:43","date_gmt":"2021-12-11T05:20:43","guid":{"rendered":"https:\/\/photofri.ch\/pcfwp\/?p=6214"},"modified":"2022-11-29T19:57:45","modified_gmt":"2022-11-29T18:57:45","slug":"le-sport-dans-tous-ses-etats-3-2022","status":"publish","type":"post","link":"https:\/\/photofri.ch\/pcfwp\/le-sport-dans-tous-ses-etats-3-2022\/","title":{"rendered":"Le sport dans tous ses \u00e9tats (3\/2022)"},"content":{"rendered":"<p>[et_pb_section fb_built=\u00a0\u00bb1&Prime; _builder_version=\u00a0\u00bb4.16&Prime; global_colors_info=\u00a0\u00bb{}\u00a0\u00bb custom_margin=\u00a0\u00bb||-46px|||\u00a0\u00bb][et_pb_row _builder_version=\u00a0\u00bb4.16&Prime; background_size=\u00a0\u00bbinitial\u00a0\u00bb background_position=\u00a0\u00bbtop_left\u00a0\u00bb background_repeat=\u00a0\u00bbrepeat\u00a0\u00bb custom_padding=\u00a0\u00bb||0px|||\u00a0\u00bb global_colors_info=\u00a0\u00bb{}\u00a0\u00bb custom_margin=\u00a0\u00bb|auto|-52px|auto||\u00a0\u00bb][et_pb_column type=\u00a0\u00bb4_4&Prime; _builder_version=\u00a0\u00bb4.16&Prime; custom_padding=\u00a0\u00bb|||\u00a0\u00bb global_colors_info=\u00a0\u00bb{}\u00a0\u00bb custom_padding__hover=\u00a0\u00bb|||\u00a0\u00bb][et_pb_text _builder_version=\u00a0\u00bb4.17.4&Prime; global_colors_info=\u00a0\u00bb{}\u00a0\u00bb]<\/p>\n<p><strong>Concours 3 \/ 2022 &#8211; Le sport dans tous ses \u00e9tats<\/strong><a id=\"toppage\"><\/a><\/p>\n<div>\n<p>\u00ab Citius, Altius, Fortius \u00bb ou \u00ab plus vite, plus haut, plus fort \u00ab<br \/>Telle est la devise des jeux olympiques que nous vous proposons de transposer en images.<br \/>A vous de vous d\u00e9passer et nous montrer vos plus belles r\u00e9alisations.<br \/>Toutes les photos de sports individuels ou en \u00e9quipes sont accept\u00e9es.<br \/>Alors pr\u00eats\u2026, partez et faites-nous vibrer!<\/p>\n<\/div>\n<p>&nbsp;<\/p>\n<table width=\"991\" height=\"206\">\n<tbody>\n<tr>\n<td style=\"width: 221px;\">Date du rendu:<\/td>\n<td style=\"width: 754px;\"><strong>12 septembre 2022 <\/strong>via SwissTransfer\/WeTransfer \u00e0 <a href=\"mailto:jacqueshostettler@bluewin.ch\">jacqueshostettler@bluewin.ch<\/a><\/td>\n<\/tr>\n<tr>\n<td style=\"width: 221px;\">Jugement:<\/td>\n<td style=\"width: 754px;\">selon le r\u00e8glement en vigueur<\/td>\n<\/tr>\n<tr>\n<td style=\"width: 221px;\">Date des r\u00e9sultats:<\/td>\n<td style=\"width: 754px;\"><strong>26 septembre 202<\/strong><strong><\/strong><\/td>\n<\/tr>\n<tr>\n<td style=\"width: 221px;\">\u00c9l\u00e9ments \u00e0 rendre:<\/td>\n<td style=\"width: 754px;\">4 photos num\u00e9riques en couleur ou noir\/blanc avec num\u00e9rotation (xxx) suivi de (abcd) selon ordre de pr\u00e9f\u00e9rence.<br \/><span style=\"font-family: inherit; font-size: inherit;\">Dimensions: 3240 x 2160 pixels pour le format 3:2 (ou 3840 x 2160 pour le rapport 4:3)<\/span><\/td>\n<\/tr>\n<\/tbody>\n<\/table>\n<p>&nbsp;<\/p>\n<p>&nbsp;<\/p>\n<p>[\/et_pb_text][\/et_pb_column][\/et_pb_row][\/et_pb_section][et_pb_section fb_built=\u00a0\u00bb1&Prime; _builder_version=\u00a0\u00bb4.16&Prime; _module_preset=\u00a0\u00bbdefault\u00a0\u00bb global_colors_info=\u00a0\u00bb{}\u00a0\u00bb][et_pb_row _builder_version=\u00a0\u00bb4.18.0&Prime; _module_preset=\u00a0\u00bbdefault\u00a0\u00bb global_colors_info=\u00a0\u00bb{}\u00a0\u00bb custom_padding=\u00a0\u00bb0px|||||\u00a0\u00bb][et_pb_column type=\u00a0\u00bb4_4&Prime; _builder_version=\u00a0\u00bb4.18.0&Prime; _module_preset=\u00a0\u00bbdefault\u00a0\u00bb global_colors_info=\u00a0\u00bb{}\u00a0\u00bb][et_pb_gallery gallery_ids=\u00a0\u00bb6950,6951,6952,6953,6954,6955,6956,6957,6958,6959,6960,6961,6962,6963,6964,6965,6966,6967,6968,6969,6970,6971,6972,6973,6974,6975,6976,6977,6978,6979,6980,6981,6982,6983,6984,6985&Prime; posts_number=\u00a0\u00bb40&Prime; _builder_version=\u00a0\u00bb4.18.0&Prime; _module_preset=\u00a0\u00bbdefault\u00a0\u00bb global_colors_info=\u00a0\u00bb{}\u00a0\u00bb][\/et_pb_gallery][\/et_pb_column][\/et_pb_row][et_pb_row _builder_version=\u00a0\u00bb4.16&Prime; _module_preset=\u00a0\u00bbdefault\u00a0\u00bb global_colors_info=\u00a0\u00bb{}\u00a0\u00bb][et_pb_column type=\u00a0\u00bb4_4&Prime; _builder_version=\u00a0\u00bb4.16&Prime; _module_preset=\u00a0\u00bbdefault\u00a0\u00bb global_colors_info=\u00a0\u00bb{}\u00a0\u00bb][et_pb_text _builder_version=\u00a0\u00bb4.19.1&Prime; _module_preset=\u00a0\u00bbdefault\u00a0\u00bb text_text_color=\u00a0\u00bb#000000&Prime; link_option_url=\u00a0\u00bbhttps:\/\/photofri.ch\/pcfwp\/wp-content\/uploads\/2022\/11\/resultats-concours-PCF-3-2022-1.pdf\u00a0\u00bb global_colors_info=\u00a0\u00bb{}\u00a0\u00bb]<\/p>\n<h1><span style=\"color: #ff0000;\"><a href=\"https:\/\/photofri.ch\/pcfwp\/wp-content\/uploads\/2022\/11\/resultats-concours-PCF-3-2022.pdf\" rel=\"attachment wp-att-7180\">-&gt; r\u00e9sultats du<\/a><a href=\"https:\/\/photofri.ch\/pcfwp\/wp-content\/uploads\/2022\/11\/resultats-concours-PCF-3-2022.pdf\" rel=\"attachment wp-att-7180\"> concou<\/a><a href=\"https:\/\/photofri.ch\/pcfwp\/wp-content\/uploads\/2022\/11\/resultats-concours-PCF-3-2022.pdf\" rel=\"attachment wp-att-7180\">rs<\/a><\/span><\/h1>\n<p>[\/et_pb_text][\/et_pb_column][\/et_pb_row][\/et_pb_section]<\/p>\n","protected":false},"excerpt":{"rendered":"<p>Concours 3 \/ 2022 &#8211; Le sport dans tous ses \u00e9tats \u00ab Citius, Altius, Fortius \u00bb ou \u00ab plus vite, plus haut, plus fort \u00abTelle est la devise des jeux olympiques que nous vous proposons de transposer en images.A vous de vous d\u00e9passer et nous montrer vos plus belles r\u00e9alisations.Toutes les photos de sports individuels [&hellip;]<\/p>\n","protected":false},"author":206,"featured_media":6253,"comment_status":"closed","ping_status":"closed","sticky":false,"template":"","format":"standard","meta":{"_et_pb_use_builder":"on","_et_pb_old_content":"","_et_gb_content_width":"","footnotes":""},"categories":[532],"tags":[],"class_list":["post-6214","post","type-post","status-publish","format-standard","has-post-thumbnail","hentry","category-concours-2022"],"_links":{"self":[{"href":"https:\/\/photofri.ch\/pcfwp\/wp-json\/wp\/v2\/posts\/6214","targetHints":{"allow":["GET"]}}],"collection":[{"href":"https:\/\/photofri.ch\/pcfwp\/wp-json\/wp\/v2\/posts"}],"about":[{"href":"https:\/\/photofri.ch\/pcfwp\/wp-json\/wp\/v2\/types\/post"}],"author":[{"embeddable":true,"href":"https:\/\/photofri.ch\/pcfwp\/wp-json\/wp\/v2\/users\/206"}],"replies":[{"embeddable":true,"href":"https:\/\/photofri.ch\/pcfwp\/wp-json\/wp\/v2\/comments?post=6214"}],"version-history":[{"count":24,"href":"https:\/\/photofri.ch\/pcfwp\/wp-json\/wp\/v2\/posts\/6214\/revisions"}],"predecessor-version":[{"id":7191,"href":"https:\/\/photofri.ch\/pcfwp\/wp-json\/wp\/v2\/posts\/6214\/revisions\/7191"}],"wp:featuredmedia":[{"embeddable":true,"href":"https:\/\/photofri.ch\/pcfwp\/wp-json\/wp\/v2\/media\/6253"}],"wp:attachment":[{"href":"https:\/\/photofri.ch\/pcfwp\/wp-json\/wp\/v2\/media?parent=6214"}],"wp:term":[{"taxonomy":"category","embeddable":true,"href":"https:\/\/photofri.ch\/pcfwp\/wp-json\/wp\/v2\/categories?post=6214"},{"taxonomy":"post_tag","embeddable":true,"href":"https:\/\/photofri.ch\/pcfwp\/wp-json\/wp\/v2\/tags?post=6214"}],"curies":[{"name":"wp","href":"https:\/\/api.w.org\/{rel}","templated":true}]}}