{"id":6219,"date":"2021-12-11T05:25:29","date_gmt":"2021-12-11T04:25:29","guid":{"rendered":"https:\/\/photofri.ch\/pcfwp\/?p=6219"},"modified":"2023-01-25T17:53:20","modified_gmt":"2023-01-25T16:53:20","slug":"rallye-4-2022","status":"publish","type":"post","link":"https:\/\/photofri.ch\/pcfwp\/rallye-4-2022\/","title":{"rendered":"Rallye  (4\/2022)"},"content":{"rendered":"<p>[et_pb_section fb_built=\u00a0\u00bb1&Prime; _builder_version=\u00a0\u00bb4.16&Prime; custom_padding=\u00a0\u00bb||1px|||\u00a0\u00bb global_colors_info=\u00a0\u00bb{}\u00a0\u00bb][et_pb_row _builder_version=\u00a0\u00bb4.16&Prime; background_size=\u00a0\u00bbinitial\u00a0\u00bb background_position=\u00a0\u00bbtop_left\u00a0\u00bb background_repeat=\u00a0\u00bbrepeat\u00a0\u00bb custom_padding=\u00a0\u00bb||0px|||\u00a0\u00bb global_colors_info=\u00a0\u00bb{}\u00a0\u00bb][et_pb_column type=\u00a0\u00bb4_4&Prime; _builder_version=\u00a0\u00bb4.16&Prime; custom_padding=\u00a0\u00bb|||\u00a0\u00bb global_colors_info=\u00a0\u00bb{}\u00a0\u00bb custom_padding__hover=\u00a0\u00bb|||\u00a0\u00bb][et_pb_text _builder_version=\u00a0\u00bb4.17.4&Prime; custom_margin=\u00a0\u00bb||-27px|||\u00a0\u00bb custom_padding=\u00a0\u00bb||0px|||\u00a0\u00bb global_colors_info=\u00a0\u00bb{}\u00a0\u00bb]<\/p>\n<p><strong>Concours 4 \/ 2022 &#8211; Rallye<\/strong><a id=\"toppage\"><\/a><\/p>\n<div>\n<p>Le rallye: sortie du 3 au 4 septembre 2022<\/p>\n<p>Le PCF se rend au pays du vin jaune, le temps d\u2019un week-end. A Arbois, dans le Jura fran\u00e7ais, pr\u00e9cis\u00e9ment, o\u00f9 la F\u00eate du Biou est traditionnellement c\u00e9l\u00e9br\u00e9e le premier dimanche de septembre, moment proche des vendanges. Les vignerons des alentours s\u00e9lectionnent les premi\u00e8res plus belles grappes de leurs vignes et ils les assemblent pour en former une g\u00e9ante. Cette sortie aura lieu le week-end du 3 au 4 septembre 2022.<br \/>Le th\u00e8me du rallye sera communiqu\u00e9 sur place<\/p>\n<\/div>\n<p>&nbsp;<\/p>\n<table style=\"height: 128px;\">\n<tbody>\n<tr style=\"height: 24px;\">\n<td style=\"height: 24px; width: 216.562px;\">Date du rendu:<\/td>\n<td style=\"height: 24px; width: 709.594px;\"><strong><strong>31 octobre 2022 <\/strong><\/strong>\u00e0 d\u00e9poser dans une enveloppe qui contient vos photos et une petite enveloppe ferm\u00e9e contenant votre num\u00e9ro et nom au local du club<\/td>\n<\/tr>\n<tr style=\"height: 24px;\">\n<td style=\"height: 24px; width: 216.562px;\">Jugement:<\/td>\n<td style=\"height: 24px; width: 709.594px;\">selon le r\u00e8glement en vigueur<\/td>\n<\/tr>\n<tr>\n<td style=\"width: 216.562px;\">Date des r\u00e9sultats:<\/td>\n<td style=\"width: 709.594px;\"><strong>14 novembre 2022<\/strong><\/td>\n<\/tr>\n<tr style=\"height: 24px;\">\n<td style=\"height: 24px; width: 216.562px;\">\u00c9l\u00e9ments \u00e0 rendre:<\/td>\n<td style=\"height: 24px; width: 709.594px;\">S\u00e9rie de 5 \u00e0 7 images sur papier en couleur ou noir\/blanc avec num\u00e9rotation (xxxx) et suite (abcde..)<span class=\" author-d-iz88z86z86za0dz67zz78zz78zz74zz68zjz80zz71z9iz90z95be5z122zz83zz83z9z81zyz81zz122zoaz70zz69zz66zruvz77zxm5hs1kz80zz90z\">\u00a0<\/span><\/td>\n<\/tr>\n<\/tbody>\n<\/table>\n<p>&nbsp;<\/p>\n<p>&nbsp;<\/p>\n<p>[\/et_pb_text][\/et_pb_column][\/et_pb_row][\/et_pb_section][et_pb_section fb_built=\u00a0\u00bb1&Prime; _builder_version=\u00a0\u00bb4.16&Prime; _module_preset=\u00a0\u00bbdefault\u00a0\u00bb global_colors_info=\u00a0\u00bb{}\u00a0\u00bb][et_pb_row _builder_version=\u00a0\u00bb4.16&Prime; _module_preset=\u00a0\u00bbdefault\u00a0\u00bb custom_padding=\u00a0\u00bb0px|||||\u00a0\u00bb global_colors_info=\u00a0\u00bb{}\u00a0\u00bb][et_pb_column type=\u00a0\u00bb4_4&Prime; _builder_version=\u00a0\u00bb4.16&Prime; _module_preset=\u00a0\u00bbdefault\u00a0\u00bb global_colors_info=\u00a0\u00bb{}\u00a0\u00bb][et_pb_gallery gallery_ids=\u00a0\u00bb7174,7173,7172,7171,7170,7169,7168,7167,7166,7165,7164,7163,7162,7161,7160,7159,7158,7157,7156,7155,7154,7153,7152,7151,7150,7149&Prime; posts_number=\u00a0\u00bb50&Prime; _builder_version=\u00a0\u00bb4.19.1&Prime; _module_preset=\u00a0\u00bbdefault\u00a0\u00bb global_colors_info=\u00a0\u00bb{}\u00a0\u00bb][\/et_pb_gallery][\/et_pb_column][\/et_pb_row][et_pb_row _builder_version=\u00a0\u00bb4.19.1&Prime; _module_preset=\u00a0\u00bbdefault\u00a0\u00bb global_colors_info=\u00a0\u00bb{}\u00a0\u00bb][et_pb_column type=\u00a0\u00bb4_4&Prime; _builder_version=\u00a0\u00bb4.19.1&Prime; _module_preset=\u00a0\u00bbdefault\u00a0\u00bb global_colors_info=\u00a0\u00bb{}\u00a0\u00bb][et_pb_text _builder_version=\u00a0\u00bb4.19.1&Prime; _module_preset=\u00a0\u00bbdefault\u00a0\u00bb global_colors_info=\u00a0\u00bb{}\u00a0\u00bb]<\/p>\n<h1><span style=\"color: #ff0000;\"><a href=\"https:\/\/photofri.ch\/pcfwp\/wp-content\/uploads\/2022\/11\/2022_resultats-concours-4_participants.pdf\" rel=\"attachment wp-att-7148\" style=\"color: #ff0000;\">-&gt; r\u00e9sultats du concours<\/a><\/span><\/h1>\n<p>[\/et_pb_text][\/et_pb_column][\/et_pb_row][\/et_pb_section]<\/p>\n","protected":false},"excerpt":{"rendered":"<p>Concours 4 \/ 2022 &#8211; Rallye Le rallye: sortie du 3 au 4 septembre 2022 Le PCF se rend au pays du vin jaune, le temps d\u2019un week-end. A Arbois, dans le Jura fran\u00e7ais, pr\u00e9cis\u00e9ment, o\u00f9 la F\u00eate du Biou est traditionnellement c\u00e9l\u00e9br\u00e9e le premier dimanche de septembre, moment proche des vendanges. Les vignerons des [&hellip;]<\/p>\n","protected":false},"author":206,"featured_media":6259,"comment_status":"closed","ping_status":"closed","sticky":false,"template":"","format":"standard","meta":{"_et_pb_use_builder":"on","_et_pb_old_content":"","_et_gb_content_width":"","footnotes":""},"categories":[532],"tags":[],"class_list":["post-6219","post","type-post","status-publish","format-standard","has-post-thumbnail","hentry","category-concours-2022"],"_links":{"self":[{"href":"https:\/\/photofri.ch\/pcfwp\/wp-json\/wp\/v2\/posts\/6219","targetHints":{"allow":["GET"]}}],"collection":[{"href":"https:\/\/photofri.ch\/pcfwp\/wp-json\/wp\/v2\/posts"}],"about":[{"href":"https:\/\/photofri.ch\/pcfwp\/wp-json\/wp\/v2\/types\/post"}],"author":[{"embeddable":true,"href":"https:\/\/photofri.ch\/pcfwp\/wp-json\/wp\/v2\/users\/206"}],"replies":[{"embeddable":true,"href":"https:\/\/photofri.ch\/pcfwp\/wp-json\/wp\/v2\/comments?post=6219"}],"version-history":[{"count":15,"href":"https:\/\/photofri.ch\/pcfwp\/wp-json\/wp\/v2\/posts\/6219\/revisions"}],"predecessor-version":[{"id":7312,"href":"https:\/\/photofri.ch\/pcfwp\/wp-json\/wp\/v2\/posts\/6219\/revisions\/7312"}],"wp:featuredmedia":[{"embeddable":true,"href":"https:\/\/photofri.ch\/pcfwp\/wp-json\/wp\/v2\/media\/6259"}],"wp:attachment":[{"href":"https:\/\/photofri.ch\/pcfwp\/wp-json\/wp\/v2\/media?parent=6219"}],"wp:term":[{"taxonomy":"category","embeddable":true,"href":"https:\/\/photofri.ch\/pcfwp\/wp-json\/wp\/v2\/categories?post=6219"},{"taxonomy":"post_tag","embeddable":true,"href":"https:\/\/photofri.ch\/pcfwp\/wp-json\/wp\/v2\/tags?post=6219"}],"curies":[{"name":"wp","href":"https:\/\/api.w.org\/{rel}","templated":true}]}}