{"id":7293,"date":"2023-01-25T18:18:58","date_gmt":"2023-01-25T17:18:58","guid":{"rendered":"https:\/\/photofri.ch\/pcfwp\/?p=7293"},"modified":"2024-05-30T15:25:37","modified_gmt":"2024-05-30T13:25:37","slug":"themes-imposes-2023-1","status":"publish","type":"post","link":"https:\/\/photofri.ch\/pcfwp\/themes-imposes-2023-1\/","title":{"rendered":"Th\u00e8me 1 &#8211; Emotions"},"content":{"rendered":"<p>[et_pb_section fb_built=\u00a0\u00bb1&Prime; _builder_version=\u00a0\u00bb4.16&Prime; min_height=\u00a0\u00bb232px\u00a0\u00bb custom_padding=\u00a0\u00bb||0px|||\u00a0\u00bb global_colors_info=\u00a0\u00bb{}\u00a0\u00bb][et_pb_row _builder_version=\u00a0\u00bb4.20.0&Prime; _module_preset=\u00a0\u00bbdefault\u00a0\u00bb custom_margin=\u00a0\u00bb-61px|auto||auto||\u00a0\u00bb global_colors_info=\u00a0\u00bb{}\u00a0\u00bb][et_pb_column type=\u00a0\u00bb4_4&Prime; _builder_version=\u00a0\u00bb4.20.0&Prime; _module_preset=\u00a0\u00bbdefault\u00a0\u00bb global_colors_info=\u00a0\u00bb{}\u00a0\u00bb][et_pb_text _builder_version=\u00a0\u00bb4.20.2&Prime; _module_preset=\u00a0\u00bbdefault\u00a0\u00bb global_colors_info=\u00a0\u00bb{}\u00a0\u00bb]<\/p>\n<p><strong>El\u00e9ments \u00e0 rendre<\/strong><em> : <\/em>4 images imprim\u00e9es sur papier sans passe-partout munies de votre nom, pr\u00e9nom suivi des lettres A,B,C,D. Veuillez marquer la photo \u00e0 commenter. Veuillez \u00e9galement envoyer vos fichiers num\u00e9riques en JPEG muni de votre nom, pr\u00e9nom suivi des lettres A,B,C,D \u00e0 l\u2019adresse indiqu\u00e9e ci-dessous.<\/p>\n<p><strong>Rendu : 13 mars 2023<\/strong> au local du PCF pour les photos imprim\u00e9es et \u00e0 <a href=\"mailto:susanna-lussi@bluewin.ch\">susanna-lussi@bluewin.ch<\/a> pour les versions num\u00e9riques via site de transfert (<a href=\"http:\/\/www.swisstransfer.com\">www.swisstransfer.com<\/a> ou <a href=\"http:\/\/www.wetransfer.com)\">www.wetransfer.com)<\/a>.<\/p>\n<p><strong>Discussions : 27 mars 2023<\/strong><\/p>\n<p>&nbsp;<\/p>\n<p><a href=\"https:\/\/photofri.ch\/pcfwp\/wp-content\/uploads\/2023\/04\/Soirees-a-theme.pdf\">Prod\u00e9cure pour les soir\u00e9es \u00e0 th\u00e8me impos\u00e9<\/a>\u00a0<\/p>\n<p>[\/et_pb_text][\/et_pb_column][\/et_pb_row][\/et_pb_section][et_pb_section fb_built=\u00a0\u00bb1&Prime; _builder_version=\u00a0\u00bb4.20.0&Prime; _module_preset=\u00a0\u00bbdefault\u00a0\u00bb min_height=\u00a0\u00bb67px\u00a0\u00bb custom_padding=\u00a0\u00bb0px||0px|||\u00a0\u00bb global_colors_info=\u00a0\u00bb{}\u00a0\u00bb][et_pb_row _builder_version=\u00a0\u00bb4.20.0&Prime; _module_preset=\u00a0\u00bbdefault\u00a0\u00bb min_height=\u00a0\u00bb344.2px\u00a0\u00bb custom_margin=\u00a0\u00bb|auto|-1px|auto||\u00a0\u00bb global_colors_info=\u00a0\u00bb{}\u00a0\u00bb][et_pb_column type=\u00a0\u00bb4_4&Prime; _builder_version=\u00a0\u00bb4.20.0&Prime; _module_preset=\u00a0\u00bbdefault\u00a0\u00bb global_colors_info=\u00a0\u00bb{}\u00a0\u00bb][et_pb_text _builder_version=\u00a0\u00bb4.25.1&Prime; _module_preset=\u00a0\u00bbdefault\u00a0\u00bb custom_padding=\u00a0\u00bb||0px|||\u00a0\u00bb hover_enabled=\u00a0\u00bb0&Prime; global_colors_info=\u00a0\u00bb{}\u00a0\u00bb sticky_enabled=\u00a0\u00bb0&Prime;]<\/p>\n<h4>Sur les 24 photos soumises voici l&rsquo;image qui a totalis\u00e9 le plus de coups de coeur par les membres pr\u00e9sents \u00e0 la soir\u00e9e du 27 mars 2023 &#8230;<\/h4>\n<p>[\/et_pb_text][et_pb_gallery gallery_ids=\u00a0\u00bb7399&Prime; posts_number=\u00a0\u00bb1&Prime; _builder_version=\u00a0\u00bb4.20.4&Prime; _module_preset=\u00a0\u00bbdefault\u00a0\u00bb min_height=\u00a0\u00bb93px\u00a0\u00bb custom_padding=\u00a0\u00bb0px|||||\u00a0\u00bb global_colors_info=\u00a0\u00bb{}\u00a0\u00bb][\/et_pb_gallery][\/et_pb_column][\/et_pb_row][\/et_pb_section][et_pb_section fb_built=\u00a0\u00bb1&Prime; _builder_version=\u00a0\u00bb4.20.4&Prime; _module_preset=\u00a0\u00bbdefault\u00a0\u00bb custom_margin=\u00a0\u00bb||-1016px|||\u00a0\u00bb custom_padding=\u00a0\u00bb0px||0px|||\u00a0\u00bb global_colors_info=\u00a0\u00bb{}\u00a0\u00bb][et_pb_row _builder_version=\u00a0\u00bb4.20.0&Prime; _module_preset=\u00a0\u00bbdefault\u00a0\u00bb global_colors_info=\u00a0\u00bb{}\u00a0\u00bb][et_pb_column type=\u00a0\u00bb4_4&Prime; _builder_version=\u00a0\u00bb4.20.0&Prime; _module_preset=\u00a0\u00bbdefault\u00a0\u00bb global_colors_info=\u00a0\u00bb{}\u00a0\u00bb][et_pb_text _builder_version=\u00a0\u00bb4.25.1&Prime; _module_preset=\u00a0\u00bbdefault\u00a0\u00bb min_height=\u00a0\u00bb5px\u00a0\u00bb custom_padding=\u00a0\u00bb||0px|||\u00a0\u00bb hover_enabled=\u00a0\u00bb0&Prime; global_colors_info=\u00a0\u00bb{}\u00a0\u00bb sticky_enabled=\u00a0\u00bb0&Prime;]<\/p>\n<h4>&#8230; et les images qui ont re\u00e7u plus de un coup de coeur (les photos ayant re\u00e7u un seul coup de coeur ne sont pas publi\u00e9es).<\/h4>\n<p>[\/et_pb_text][et_pb_gallery gallery_ids=\u00a0\u00bb7407,7405,7403,7402,7398&Prime; posts_number=\u00a0\u00bb5&Prime; _builder_version=\u00a0\u00bb4.20.4&Prime; _module_preset=\u00a0\u00bbdefault\u00a0\u00bb min_height=\u00a0\u00bb509px\u00a0\u00bb custom_margin=\u00a0\u00bb||-113px|||\u00a0\u00bb custom_padding=\u00a0\u00bb0px||0px|||\u00a0\u00bb global_colors_info=\u00a0\u00bb{}\u00a0\u00bb][\/et_pb_gallery][\/et_pb_column][\/et_pb_row][\/et_pb_section][et_pb_section fb_built=\u00a0\u00bb1&Prime; _builder_version=\u00a0\u00bb4.20.4&Prime; _module_preset=\u00a0\u00bbdefault\u00a0\u00bb custom_margin=\u00a0\u00bb||-3px|||\u00a0\u00bb global_colors_info=\u00a0\u00bb{}\u00a0\u00bb][et_pb_row _builder_version=\u00a0\u00bb4.20.4&Prime; _module_preset=\u00a0\u00bbdefault\u00a0\u00bb custom_margin=\u00a0\u00bb|auto|-39px|auto||\u00a0\u00bb global_colors_info=\u00a0\u00bb{}\u00a0\u00bb][et_pb_column type=\u00a0\u00bb4_4&Prime; _builder_version=\u00a0\u00bb4.20.4&Prime; _module_preset=\u00a0\u00bbdefault\u00a0\u00bb global_colors_info=\u00a0\u00bb{}\u00a0\u00bb][\/et_pb_column][\/et_pb_row][\/et_pb_section]<\/p>\n","protected":false},"excerpt":{"rendered":"<p>El\u00e9ments \u00e0 rendre : 4 images imprim\u00e9es sur papier sans passe-partout munies de votre nom, pr\u00e9nom suivi des lettres A,B,C,D. Veuillez marquer la photo \u00e0 commenter. Veuillez \u00e9galement envoyer vos fichiers num\u00e9riques en JPEG muni de votre nom, pr\u00e9nom suivi des lettres A,B,C,D \u00e0 l\u2019adresse indiqu\u00e9e ci-dessous. Rendu : 13 mars 2023 au local du [&hellip;]<\/p>\n","protected":false},"author":517,"featured_media":0,"comment_status":"closed","ping_status":"closed","sticky":false,"template":"","format":"standard","meta":{"_et_pb_use_builder":"on","_et_pb_old_content":"<h3>Vos images captent une ou plusieurs \u00e9motions !<\/h3>\r\n\u00a0\r\n\r\n<strong>El\u00e9ments \u00e0 rendre<\/strong><em> : <\/em>4 images imprim\u00e9es sur papier sans passe-partout munies de votre nom, pr\u00e9nom suivi des lettres A,B,C,D. Veuillez marquer la photo \u00e0 commenter. Veuillez \u00e9galement envoyer vos fichiers num\u00e9riques en JPEG muni de votre nom, pr\u00e9nom suivi des lettres A,B,C,D \u00e0 l\u2019adresse indiqu\u00e9e ci-dessous.\r\n\r\n<strong>Rendu : 13 mars 2023<\/strong> au local du PCF pour les photos imprim\u00e9es et \u00e0 <a href=\"mailto:susanna-lussi@bluewin.ch\">susanna-lussi@bluewin.ch<\/a> pour les versions num\u00e9riques via site de transfert (<a href=\"http:\/\/www.swisstransfer.com\">www.swisstransfer.com<\/a> ou www.wetransfer.com).\r\n\r\n<strong>Discussions : 27 mars 2023<\/strong>","_et_gb_content_width":"","footnotes":""},"categories":[550],"tags":[],"class_list":["post-7293","post","type-post","status-publish","format-standard","hentry","category-themes-imposes-2023"],"_links":{"self":[{"href":"https:\/\/photofri.ch\/pcfwp\/wp-json\/wp\/v2\/posts\/7293","targetHints":{"allow":["GET"]}}],"collection":[{"href":"https:\/\/photofri.ch\/pcfwp\/wp-json\/wp\/v2\/posts"}],"about":[{"href":"https:\/\/photofri.ch\/pcfwp\/wp-json\/wp\/v2\/types\/post"}],"author":[{"embeddable":true,"href":"https:\/\/photofri.ch\/pcfwp\/wp-json\/wp\/v2\/users\/517"}],"replies":[{"embeddable":true,"href":"https:\/\/photofri.ch\/pcfwp\/wp-json\/wp\/v2\/comments?post=7293"}],"version-history":[{"count":37,"href":"https:\/\/photofri.ch\/pcfwp\/wp-json\/wp\/v2\/posts\/7293\/revisions"}],"predecessor-version":[{"id":8404,"href":"https:\/\/photofri.ch\/pcfwp\/wp-json\/wp\/v2\/posts\/7293\/revisions\/8404"}],"wp:attachment":[{"href":"https:\/\/photofri.ch\/pcfwp\/wp-json\/wp\/v2\/media?parent=7293"}],"wp:term":[{"taxonomy":"category","embeddable":true,"href":"https:\/\/photofri.ch\/pcfwp\/wp-json\/wp\/v2\/categories?post=7293"},{"taxonomy":"post_tag","embeddable":true,"href":"https:\/\/photofri.ch\/pcfwp\/wp-json\/wp\/v2\/tags?post=7293"}],"curies":[{"name":"wp","href":"https:\/\/api.w.org\/{rel}","templated":true}]}}