{"id":7296,"date":"2023-01-25T18:17:24","date_gmt":"2023-01-25T17:17:24","guid":{"rendered":"https:\/\/photofri.ch\/pcfwp\/?p=7296"},"modified":"2024-05-30T15:26:28","modified_gmt":"2024-05-30T13:26:28","slug":"theme-2-mon-village-ou-mon-quartier","status":"publish","type":"post","link":"https:\/\/photofri.ch\/pcfwp\/theme-2-mon-village-ou-mon-quartier\/","title":{"rendered":"Th\u00e8me 2 &#8211; Mon village ou mon quartier"},"content":{"rendered":"<p>[et_pb_section fb_built=\u00a0\u00bb1&Prime; _builder_version=\u00a0\u00bb4.16&Prime; min_height=\u00a0\u00bb232px\u00a0\u00bb custom_padding=\u00a0\u00bb||0px|||\u00a0\u00bb global_colors_info=\u00a0\u00bb{}\u00a0\u00bb][et_pb_row _builder_version=\u00a0\u00bb4.20.0&Prime; _module_preset=\u00a0\u00bbdefault\u00a0\u00bb custom_margin=\u00a0\u00bb-61px|auto||auto||\u00a0\u00bb global_colors_info=\u00a0\u00bb{}\u00a0\u00bb][et_pb_column type=\u00a0\u00bb4_4&Prime; _builder_version=\u00a0\u00bb4.20.0&Prime; _module_preset=\u00a0\u00bbdefault\u00a0\u00bb global_colors_info=\u00a0\u00bb{}\u00a0\u00bb][et_pb_text _builder_version=\u00a0\u00bb4.20.2&Prime; _module_preset=\u00a0\u00bbdefault\u00a0\u00bb global_colors_info=\u00a0\u00bb{}\u00a0\u00bb]<\/p>\n<div class=\"et_post_meta_wrapper\">\n<div class=\"et_post_meta_wrapper\">\n<h1 class=\"entry-title\"><span style=\"font-size: 16px;\">Faites-nous d\u00e9couvrir votre endroit de vie : ses habitants, ses particularit\u00e9s, ses coins insolites, etc\u2026<\/span><\/h1>\n<\/div>\n<\/div>\n<div class=\"entry-content\">\n<div class=\"et-l et-l--post\">\n<div class=\"et_builder_inner_content et_pb_gutters3\">\n<p><strong>El\u00e9ments \u00e0 rendre<\/strong><span>\u00a0<\/span>: 4 images imprim\u00e9es sur papier sans passe-partout munies de votre nom, pr\u00e9nom suivi des lettres A,B,C,D. Veuillez marquer la photo \u00e0 commenter.<br \/>Veuillez \u00e9galement envoyer vos fichiers num\u00e9riques en JPEG muni de votre nom, pr\u00e9nom suivi des lettres A,B,C,D \u00e0 l\u2019adresse indiqu\u00e9e ci-dessous.<\/p>\n<p><strong>Rendu\u00a0<\/strong>:<span>\u00a0<\/span><strong>8 mai 2023<\/strong><span>\u00a0<\/span>au local du PCF pour les photos imprim\u00e9es et\u00a0\u00e0<span>\u00a0<\/span><a data-enc-email=\"flyivn.phegl[at]tznvy.pbz\" class=\"mailto-link\" data-wpel-link=\"ignore\"><span id=\"eeb-638954-255323\">sylvia.curty@gmail.com<\/span><\/a><i class=\"eeb-encoded dashicons-before dashicons-lock\" title=\"Email encoded successfully!\"><\/i><span>\u00a0<\/span>pour les versions num\u00e9riques via site de transfert (<a href=\"http:\/\/www.swisstransfer.com\/\">www.swisstransfer.com<\/a><span>\u00a0<\/span>ou www.wetransfer.com).<\/p>\n<p><strong>Discussions : 22 mai 2023<\/strong><\/p>\n<p><strong><\/strong><\/p>\n<p><a href=\"https:\/\/photofri.ch\/pcfwp\/wp-content\/uploads\/2023\/04\/Soirees-a-theme.pdf\">Proc\u00e9dure pour les soir\u00e9es \u00e0 th\u00e8me impos\u00e9<\/a><\/p>\n<\/div>\n<\/div>\n<\/div>\n<p>[\/et_pb_text][\/et_pb_column][\/et_pb_row][\/et_pb_section][et_pb_section fb_built=\u00a0\u00bb1&Prime; _builder_version=\u00a0\u00bb4.20.4&Prime; _module_preset=\u00a0\u00bbdefault\u00a0\u00bb custom_padding=\u00a0\u00bb0px|||||\u00a0\u00bb global_colors_info=\u00a0\u00bb{}\u00a0\u00bb][et_pb_row _builder_version=\u00a0\u00bb4.20.4&Prime; _module_preset=\u00a0\u00bbdefault\u00a0\u00bb min_height=\u00a0\u00bb494.6px\u00a0\u00bb global_colors_info=\u00a0\u00bb{}\u00a0\u00bb][et_pb_column type=\u00a0\u00bb4_4&Prime; _builder_version=\u00a0\u00bb4.20.4&Prime; _module_preset=\u00a0\u00bbdefault\u00a0\u00bb global_colors_info=\u00a0\u00bb{}\u00a0\u00bb][et_pb_text _builder_version=\u00a0\u00bb4.25.1&Prime; _module_preset=\u00a0\u00bbdefault\u00a0\u00bb text_text_color=\u00a0\u00bb#000000&Prime; hover_enabled=\u00a0\u00bb0&Prime; global_colors_info=\u00a0\u00bb{}\u00a0\u00bb sticky_enabled=\u00a0\u00bb0&Prime;]<\/p>\n<h4>Sur les 40 photos soumises voici l\u2019image qui a totalis\u00e9 le plus de coups de coeur par les membres pr\u00e9sents \u00e0 la soir\u00e9e du 22 mai 2023 \u2026<\/h4>\n<h5 style=\"text-align: left;\"><span style=\"color: #ff0000;\"><\/span><\/h5>\n<h5 style=\"text-align: left;\"><span style=\"color: #ff0000;\"><a href=\"https:\/\/photofri.ch\/pcfwp\/wp-content\/uploads\/2023\/05\/Sylvia-Curty-C-scaled.jpg\" style=\"color: #ff0000;\">Sylvia Curty<\/a><\/span><\/h5>\n<p><a href=\"https:\/\/photofri.ch\/pcfwp\/wp-content\/uploads\/2023\/05\/Sylvia-Curty-C-scaled.jpg\"><\/a><a href=\"https:\/\/photofri.ch\/pcfwp\/wp-content\/uploads\/2023\/05\/Sylvia-Curty-C-scaled.jpg\"><img loading=\"lazy\" decoding=\"async\" src=\"https:\/\/photofri.ch\/pcfwp\/wp-content\/uploads\/2023\/05\/Sylvia-Curty-C-300x240.jpg\" width=\"300\" height=\"240\" alt=\"\" class=\"wp-image-7603 alignnone size-medium\" \/><\/a><a href=\"https:\/\/photofri.ch\/pcfwp\/wp-content\/uploads\/2023\/05\/Sylvia-Curty-C-scaled.jpg\"><\/a><\/p>\n<p>&nbsp;<\/p>\n<h4><\/h4>\n<h4><\/h4>\n<p>&nbsp;<\/p>\n<p>&nbsp;<\/p>\n<h4><\/h4>\n<h4><\/h4>\n<p>&nbsp;<\/p>\n<h4>&#8230; et les images qui ont re\u00e7u plus de un coup de coeur (les photos ayant re\u00e7u un seul coup de coeur ne sont pas publi\u00e9es).<\/h4>\n<h5><span style=\"color: #ff0000;\"><\/span><\/h5>\n<h5><a href=\"https:\/\/photofri.ch\/pcfwp\/wp-content\/uploads\/2023\/05\/Pierre-Alain_Dunand_B-scaled.jpg\"><span style=\"color: #ff0000;\">P<\/span><span style=\"color: #ff0000;\">ierre-Alain Du<\/span><\/a><span style=\"color: #ff0000;\"><a href=\"https:\/\/photofri.ch\/pcfwp\/wp-content\/uploads\/2023\/05\/Pierre-Alain_Dunand_B-scaled.jpg\" style=\"color: #ff0000;\"><\/a><a href=\"https:\/\/photofri.ch\/pcfwp\/wp-content\/uploads\/2023\/05\/Pierre-Alain_Dunand_B-scaled.jpg\" style=\"color: #ff0000;\">nand<\/a><\/span><\/h5>\n<h5><a href=\"https:\/\/photofri.ch\/pcfwp\/wp-content\/uploads\/2023\/05\/Pierre-Alain_Dunand_A-scaled.jpg\"><img loading=\"lazy\" decoding=\"async\" src=\"https:\/\/photofri.ch\/pcfwp\/wp-content\/uploads\/2023\/05\/Pierre-Alain_Dunand_A-300x212.jpg\" width=\"300\" height=\"212\" alt=\"\" class=\"wp-image-7602 alignnone size-medium\" \/><\/a> <a href=\"https:\/\/photofri.ch\/pcfwp\/wp-content\/uploads\/2023\/05\/Pierre-Alain_Dunand_B-scaled.jpg\"><img loading=\"lazy\" decoding=\"async\" src=\"https:\/\/photofri.ch\/pcfwp\/wp-content\/uploads\/2023\/05\/Pierre-Alain_Dunand_B-300x212.jpg\" width=\"299\" height=\"211\" alt=\"\" class=\"wp-image-7601 alignnone size-medium\" \/> \u00a0\u00a0\u00a0<\/a><\/h5>\n<p>&nbsp;<\/p>\n<p>&nbsp;<\/p>\n<p>&nbsp;<\/p>\n<p>&nbsp;<\/p>\n<h5><a href=\"https:\/\/photofri.ch\/pcfwp\/wp-content\/uploads\/2023\/05\/Olivier-Studer_B-scaled.jpg\"><span style=\"color: #ff0000;\">Olivier Studer<\/span><\/a><\/h5>\n<h5><a href=\"https:\/\/photofri.ch\/pcfwp\/wp-content\/uploads\/2023\/05\/Olivier-Studer_B-scaled.jpg\"><img loading=\"lazy\" decoding=\"async\" src=\"https:\/\/photofri.ch\/pcfwp\/wp-content\/uploads\/2023\/05\/Olivier-Studer_B-300x216.jpg\" width=\"300\" height=\"216\" alt=\"\" class=\"wp-image-7600 size-medium\" \/>\u00a0 \u00a0\u00a0<\/a><\/h5>\n<p>[\/et_pb_text][\/et_pb_column][\/et_pb_row][\/et_pb_section]<\/p>\n","protected":false},"excerpt":{"rendered":"<p>Faites-nous d\u00e9couvrir votre endroit de vie : ses habitants, ses particularit\u00e9s, ses coins insolites, etc\u2026 El\u00e9ments \u00e0 rendre\u00a0: 4 images imprim\u00e9es sur papier sans passe-partout munies de votre nom, pr\u00e9nom suivi des lettres A,B,C,D. Veuillez marquer la photo \u00e0 commenter.Veuillez \u00e9galement envoyer vos fichiers num\u00e9riques en JPEG muni de votre nom, pr\u00e9nom suivi des lettres [&hellip;]<\/p>\n","protected":false},"author":517,"featured_media":0,"comment_status":"closed","ping_status":"closed","sticky":false,"template":"","format":"standard","meta":{"_et_pb_use_builder":"on","_et_pb_old_content":"<h3>Faites-nous d\u00e9couvrir votre endroit de vie\u00a0: ses habitants, ses particularit\u00e9s, ses coins insolites, etc\u2026<\/h3>\r\n\u00a0\r\n\r\n<strong>El\u00e9ments \u00e0 rendre<\/strong> : 4 images imprim\u00e9es sur papier sans passe-partout munies de votre nom, pr\u00e9nom suivi des lettres A,B,C,D. Veuillez marquer la photo \u00e0 commenter.\r\nVeuillez \u00e9galement envoyer vos fichiers num\u00e9riques en JPEG muni de votre nom, pr\u00e9nom suivi des lettres A,B,C,D \u00e0 l\u2019adresse indiqu\u00e9e ci-dessous.\r\n\r\n<strong>Rendu\u00a0<\/strong>: <strong>8 mai 2023<\/strong> au local du PCF pour les photos imprim\u00e9es et\u00a0\u00e0 <a href=\"mailto:sylvia.curty@gmail.com\">sylvia.curty@gmail.com<\/a> pour les versions num\u00e9riques via site de transfert (<a href=\"http:\/\/www.swisstransfer.com\">www.swisstransfer.com<\/a> ou www.wetransfer.com).\r\n\r\n<strong>Discussions : 22 mai 2023<\/strong>","_et_gb_content_width":"","footnotes":""},"categories":[550],"tags":[],"class_list":["post-7296","post","type-post","status-publish","format-standard","hentry","category-themes-imposes-2023"],"_links":{"self":[{"href":"https:\/\/photofri.ch\/pcfwp\/wp-json\/wp\/v2\/posts\/7296","targetHints":{"allow":["GET"]}}],"collection":[{"href":"https:\/\/photofri.ch\/pcfwp\/wp-json\/wp\/v2\/posts"}],"about":[{"href":"https:\/\/photofri.ch\/pcfwp\/wp-json\/wp\/v2\/types\/post"}],"author":[{"embeddable":true,"href":"https:\/\/photofri.ch\/pcfwp\/wp-json\/wp\/v2\/users\/517"}],"replies":[{"embeddable":true,"href":"https:\/\/photofri.ch\/pcfwp\/wp-json\/wp\/v2\/comments?post=7296"}],"version-history":[{"count":19,"href":"https:\/\/photofri.ch\/pcfwp\/wp-json\/wp\/v2\/posts\/7296\/revisions"}],"predecessor-version":[{"id":8405,"href":"https:\/\/photofri.ch\/pcfwp\/wp-json\/wp\/v2\/posts\/7296\/revisions\/8405"}],"wp:attachment":[{"href":"https:\/\/photofri.ch\/pcfwp\/wp-json\/wp\/v2\/media?parent=7296"}],"wp:term":[{"taxonomy":"category","embeddable":true,"href":"https:\/\/photofri.ch\/pcfwp\/wp-json\/wp\/v2\/categories?post=7296"},{"taxonomy":"post_tag","embeddable":true,"href":"https:\/\/photofri.ch\/pcfwp\/wp-json\/wp\/v2\/tags?post=7296"}],"curies":[{"name":"wp","href":"https:\/\/api.w.org\/{rel}","templated":true}]}}