{"id":7300,"date":"2023-01-25T18:15:23","date_gmt":"2023-01-25T17:15:23","guid":{"rendered":"https:\/\/photofri.ch\/pcfwp\/?p=7300"},"modified":"2024-05-30T15:29:35","modified_gmt":"2024-05-30T13:29:35","slug":"theme-4-rallye","status":"publish","type":"post","link":"https:\/\/photofri.ch\/pcfwp\/theme-4-rallye\/","title":{"rendered":"Th\u00e8me 4 &#8211; Rallye"},"content":{"rendered":"<p>[et_pb_section fb_built=\u00a0\u00bb1&Prime; _builder_version=\u00a0\u00bb4.16&Prime; min_height=\u00a0\u00bb232px\u00a0\u00bb custom_padding=\u00a0\u00bb||0px|||\u00a0\u00bb global_colors_info=\u00a0\u00bb{}\u00a0\u00bb][et_pb_row _builder_version=\u00a0\u00bb4.20.0&Prime; _module_preset=\u00a0\u00bbdefault\u00a0\u00bb custom_margin=\u00a0\u00bb-61px|auto||auto||\u00a0\u00bb global_colors_info=\u00a0\u00bb{}\u00a0\u00bb][et_pb_column type=\u00a0\u00bb4_4&Prime; _builder_version=\u00a0\u00bb4.20.0&Prime; _module_preset=\u00a0\u00bbdefault\u00a0\u00bb global_colors_info=\u00a0\u00bb{}\u00a0\u00bb][et_pb_text _builder_version=\u00a0\u00bb4.20.2&Prime; _module_preset=\u00a0\u00bbdefault\u00a0\u00bb global_colors_info=\u00a0\u00bb{}\u00a0\u00bb]<\/p>\n<div class=\"et_post_meta_wrapper\">\n<p class=\"entry-title\"><strong><span style=\"font-size: 16px;\">Ce samedi 2 septembre 2023 le rallye nous am\u00e8ne dans une magnifique petite ville Suisse \u00e0 une heure de route depuis Fribourg. Apr\u00e8s une visite guid\u00e9e d\u2019environ une heure on vous d\u00e9voilera le th\u00e8me de ce concours qui se voudra ludique afin que vous puissiez partir \u00e0 la chasse d\u2019images avec le sourire.<\/span><\/strong><\/p>\n<\/div>\n<div class=\"entry-content\">\n<p>&nbsp;<\/p>\n<p>\u2013 Repas du midi : soit pic-nic soit dans un restaurant.<br \/>\u2013 D\u00e9part de Fribourg 8h15 du parking CO d\u2019Avry en co-voiturage.<br \/>\u2013 2<sup>\u00e8me<\/sup><span>\u00a0<\/span>rendez-vous sur place vous sera communiqu\u00e9 ult\u00e9rieurement.<br \/>\u2013 Retour vers 17h00.<\/p>\n<p><strong>A rendre<\/strong><span>\u00a0<\/span>: 4 images imprim\u00e9es sur papier sans passe-partout munies de votre nom, pr\u00e9nom suivi des lettres A,B,C,D. Veuillez marquer la photo \u00e0 commenter.\u00a0Veuillez \u00e9galement envoyer vos fichiers num\u00e9riques en JPEG muni de votre nom, pr\u00e9nom suivi des lettres A,B,C,D \u00e0 l\u2019adresse indiqu\u00e9e ci-dessous.<\/p>\n<p><strong>Rendu\u00a0: 30 octobre 2023<\/strong><span>\u00a0<\/span>au local du PCF pour les photos imprim\u00e9es et\u00a0\u00e0<span>\u00a0<\/span><a data-enc-email=\"fhfnaan-yhffv[at]oyhrjva.pu\" class=\"mailto-link\" data-wpel-link=\"ignore\"><span id=\"eeb-681160-567775\">susanna-lussi@bluewin.ch<\/span><\/a><i class=\"eeb-encoded dashicons-before dashicons-lock\" title=\"Email encoded successfully!\"><\/i><span>\u00a0<\/span>pour les versions num\u00e9riques.<\/p>\n<p><strong>Discussions : 13 novembre 2023<\/strong><\/p>\n<p><strong><\/strong><\/p>\n<p><a href=\"https:\/\/photofri.ch\/pcfwp\/wp-content\/uploads\/2023\/04\/Soirees-a-theme.pdf\">Proc\u00e9dure pour les soir\u00e9es \u00e0 th\u00e8me impos\u00e9<\/a><\/p>\n<\/div>\n<p>[\/et_pb_text][\/et_pb_column][\/et_pb_row][\/et_pb_section][et_pb_section fb_built=\u00a0\u00bb1&Prime; _builder_version=\u00a0\u00bb4.23&Prime; _module_preset=\u00a0\u00bbdefault\u00a0\u00bb min_height=\u00a0\u00bb2474.4px\u00a0\u00bb global_colors_info=\u00a0\u00bb{}\u00a0\u00bb][et_pb_row _builder_version=\u00a0\u00bb4.23&Prime; _module_preset=\u00a0\u00bbdefault\u00a0\u00bb min_height=\u00a0\u00bb2507.4px\u00a0\u00bb custom_padding=\u00a0\u00bb0px|||0px||\u00a0\u00bb global_colors_info=\u00a0\u00bb{}\u00a0\u00bb][et_pb_column type=\u00a0\u00bb4_4&Prime; _builder_version=\u00a0\u00bb4.23&Prime; _module_preset=\u00a0\u00bbdefault\u00a0\u00bb global_colors_info=\u00a0\u00bb{}\u00a0\u00bb][et_pb_text _builder_version=\u00a0\u00bb4.25.1&Prime; _module_preset=\u00a0\u00bbdefault\u00a0\u00bb hover_enabled=\u00a0\u00bb0&Prime; global_colors_info=\u00a0\u00bb{}\u00a0\u00bb sticky_enabled=\u00a0\u00bb0&Prime;]<\/p>\n<p>Le rallye 2023 s\u2019est d\u00e9roul\u00e9 \u00e0 Soleure, ville baroque par excellence et qui a un lien magique avec le chiffre onze. Les participants ont d\u00fb se frotter \u00e0 4 th\u00e8mes impos\u00e9s et d\u00e9livrer une photo par th\u00e8me.<\/p>\n<p>Ci-apr\u00e8s nous mettons en \u00e9vidence la photo qui a re\u00e7u le plus de coups de c\u0153ur par les membres pr\u00e9sents lors de la soir\u00e9e du 13 novembre 2023<\/p>\n<p>Puis nous publions les photos qui ont re\u00e7u au moins 2 coups de c\u0153ur.<\/p>\n<p>&nbsp;<\/p>\n<h3><strong>Th\u00e8me 1\u00a0\u00a0\u00ab\u00a0Mon Soleure carte postale\u00a0\u00bb<\/strong><\/h3>\n<p>Voici la photo qui a totalis\u00e9 le plus de coups de coeur<\/p>\n<h4><span style=\"color: #ff0000;\">Emmanuel Meuwly<\/span><\/h4>\n<p><a href=\"https:\/\/photofri.ch\/pcfwp\/wp-content\/uploads\/2023\/11\/Emmanuel-Meuwli-carte-postale-scaled.jpg\"><img loading=\"lazy\" decoding=\"async\" src=\"https:\/\/photofri.ch\/pcfwp\/wp-content\/uploads\/2023\/11\/Emmanuel-Meuwli-carte-postale-300x200.jpg\" width=\"300\" height=\"200\" alt=\"\" class=\"wp-image-7797 alignnone size-medium\" \/><\/a><\/p>\n<p>&nbsp;<\/p>\n<p>&nbsp;<\/p>\n<p>&nbsp;<\/p>\n<p>&nbsp;<\/p>\n<p>Voici les photos qui ont re\u00e7u au moins deux coups de c\u0153ur<\/p>\n<h4><span style=\"color: #ff0000;\">Nicolas Aebischer\u00a0 \u00a0 \u00a0 \u00a0 \u00a0 \u00a0 \u00a0 \u00a0 \u00a0 \u00a0 Marcel Julmy\u00a0 \u00a0 \u00a0 \u00a0 \u00a0 \u00a0 \u00a0 \u00a0 \u00a0 \u00a0 \u00a0 \u00a0 \u00a0 \u00a0 \u00a0<\/span><span style=\"color: #ff0000;\">Christian Renz<\/span><\/h4>\n<p><a href=\"https:\/\/photofri.ch\/pcfwp\/wp-content\/uploads\/2023\/11\/Nicolas-Aebischer-carte_postale-scaled.jpg\"><img loading=\"lazy\" decoding=\"async\" src=\"https:\/\/photofri.ch\/pcfwp\/wp-content\/uploads\/2023\/11\/Nicolas-Aebischer-carte_postale-300x84.jpg\" width=\"300\" height=\"84\" alt=\"\" class=\"wp-image-7798 alignnone size-medium\" \/><\/a> <a href=\"https:\/\/photofri.ch\/pcfwp\/wp-content\/uploads\/2023\/11\/7-Marcel-Julmy-Carte-postale.png\"><img loading=\"lazy\" decoding=\"async\" src=\"https:\/\/photofri.ch\/pcfwp\/wp-content\/uploads\/2023\/11\/7-Marcel-Julmy-Carte-postale-300x217.png\" width=\"300\" height=\"217\" alt=\"\" class=\"wp-image-7795 alignnone size-medium\" \/><\/a> <span style=\"font-size: 14px;\"> <a href=\"https:\/\/photofri.ch\/pcfwp\/wp-content\/uploads\/2023\/11\/Christian-Renz-Carte-postale-2023-2-scaled.jpg\"><img loading=\"lazy\" decoding=\"async\" src=\"https:\/\/photofri.ch\/pcfwp\/wp-content\/uploads\/2023\/11\/Christian-Renz-Carte-postale-2023-2-300x200.jpg\" width=\"300\" height=\"200\" alt=\"\" class=\"wp-image-7810 alignnone size-medium\" \/><\/a><\/span><\/p>\n<p><span style=\"font-size: 14px;\"><\/span><\/p>\n<p><span style=\"font-size: 14px;\"><\/span><\/p>\n<p><span style=\"font-size: 14px;\"><\/span><\/p>\n<p>&nbsp;<\/p>\n<p><strong><\/strong><\/p>\n<p><strong><\/strong><\/p>\n<p><strong><\/strong><\/p>\n<p><strong><\/strong><\/p>\n<p><strong><\/strong><\/p>\n<p><strong><\/strong><\/p>\n<h3><strong><\/strong><\/h3>\n<h3><strong><\/strong><\/h3>\n<h3><strong>Th\u00e8me 2 \u00ab Baroque ou Onze \u00bb<\/strong><\/h3>\n<p>Voici la photo qui a re\u00e7u le plus de coups de coeur<\/p>\n<h4><span style=\"color: #ff0000;\">Nicolas Aebischer<\/span><\/h4>\n<p><strong>\u00a0<\/strong><a href=\"https:\/\/photofri.ch\/pcfwp\/wp-content\/uploads\/2023\/11\/Nicolas-Aebsicher-baroque.jpg\"><img loading=\"lazy\" decoding=\"async\" src=\"https:\/\/photofri.ch\/pcfwp\/wp-content\/uploads\/2023\/11\/Nicolas-Aebsicher-baroque-300x200.jpg\" width=\"300\" height=\"200\" alt=\"\" class=\"wp-image-7800 alignnone size-medium\" \/><\/a><\/p>\n<p><strong><\/strong><\/p>\n<p><strong><\/strong><\/p>\n<p><strong><\/strong><\/p>\n<p>&nbsp;<\/p>\n<p>&nbsp;<\/p>\n<p>&nbsp;<\/p>\n<p>Voici les photos qui ont re\u00e7u au moins deux coups de c\u0153ur<\/p>\n<h4><span style=\"color: #ff0000;\">Sylvia Curty\u00a0 \u00a0 \u00a0 \u00a0 \u00a0 \u00a0 \u00a0 \u00a0 \u00a0 \u00a0 \u00a0 \u00a0 \u00a0 \u00a0 \u00a0 Gis\u00e8le Cotting<\/span><\/h4>\n<p><a href=\"https:\/\/photofri.ch\/pcfwp\/wp-content\/uploads\/2023\/11\/Sylvia-Curty-Baroque.png\"><img loading=\"lazy\" decoding=\"async\" src=\"https:\/\/photofri.ch\/pcfwp\/wp-content\/uploads\/2023\/11\/Sylvia-Curty-Baroque-300x169.png\" width=\"300\" height=\"169\" alt=\"\" class=\"wp-image-7801 alignnone size-medium\" \/><\/a> <a href=\"https:\/\/photofri.ch\/pcfwp\/wp-content\/uploads\/2023\/11\/Gisele-Cotting-Baroque-scaled.jpg\"><img loading=\"lazy\" decoding=\"async\" src=\"https:\/\/photofri.ch\/pcfwp\/wp-content\/uploads\/2023\/11\/Gisele-Cotting-Baroque-300x200.jpg\" width=\"300\" height=\"200\" alt=\"\" class=\"wp-image-7799 alignnone size-medium\" \/><\/a><\/p>\n<p>&nbsp;<\/p>\n<p>&nbsp;<\/p>\n<p><strong><\/strong><\/p>\n<p><strong><\/strong><\/p>\n<p><strong><\/strong><\/p>\n<p><strong><\/strong><\/p>\n<p><strong><\/strong><\/p>\n<p><strong><\/strong><\/p>\n<h3><strong><\/strong><\/h3>\n<h3><strong><\/strong><\/h3>\n<h3><strong><\/strong><\/h3>\n<h3><strong>Th\u00e8me 3 \u00ab\u00a0 La dolce vita\u00a0\u00bb<\/strong><\/h3>\n<p>Voici la photo qui a re\u00e7u le plus de coups de c\u0153ur<\/p>\n<h4><span style=\"color: #ff0000;\">Christian Renz<\/span><\/h4>\n<p><span style=\"color: #ff0000;\"><a href=\"https:\/\/photofri.ch\/pcfwp\/wp-content\/uploads\/2023\/11\/Christian-RenzDolce-Vita-scaled.jpg\"><img loading=\"lazy\" decoding=\"async\" src=\"https:\/\/photofri.ch\/pcfwp\/wp-content\/uploads\/2023\/11\/Christian-RenzDolce-Vita-300x203.jpg\" width=\"300\" height=\"203\" alt=\"\" class=\"wp-image-7811 alignnone size-medium\" \/><\/a><\/span><\/p>\n<p>&nbsp;<\/p>\n<p>&nbsp;<\/p>\n<p>&nbsp;<\/p>\n<p>&nbsp;<\/p>\n<p>&nbsp;<\/p>\n<p>Voici la photo qui a re\u00e7u au moins deux coups de c\u0153ur<\/p>\n<h4><span style=\"color: #ff0000;\">Gis\u00e8le Cotting<\/span><\/h4>\n<p><a href=\"https:\/\/photofri.ch\/pcfwp\/wp-content\/uploads\/2023\/11\/Gisele-Cotting-Dolce-vita-scaled.jpg\"><img loading=\"lazy\" decoding=\"async\" src=\"https:\/\/photofri.ch\/pcfwp\/wp-content\/uploads\/2023\/11\/Gisele-Cotting-Dolce-vita-200x300.jpg\" width=\"200\" height=\"300\" alt=\"\" class=\"wp-image-7803 alignnone size-medium\" \/><\/a><\/p>\n<p>&nbsp;<\/p>\n<p>&nbsp;<\/p>\n<p><strong><\/strong><\/p>\n<p><strong><\/strong><\/p>\n<p><strong><\/strong><\/p>\n<p><strong><\/strong><\/p>\n<p><strong><\/strong><\/p>\n<p><strong><\/strong><\/p>\n<p><strong><\/strong><\/p>\n<p><strong><\/strong><\/p>\n<p><strong><\/strong><\/p>\n<p><strong><\/strong><\/p>\n<p><strong><\/strong><\/p>\n<p><strong><\/strong><\/p>\n<p><strong><\/strong><\/p>\n<p><strong><\/strong><\/p>\n<p><strong><\/strong><\/p>\n<p><strong><\/strong><\/p>\n<p><strong><\/strong><\/p>\n<p><strong><\/strong><\/p>\n<p><strong><\/strong><\/p>\n<p><strong><\/strong><\/p>\n<h3><strong>Th\u00e8me 4 \u00ab\u00a0Rouge et blanc\u00a0\u00bb<\/strong><\/h3>\n<p>Voici la photo qui a re\u00e7u le plus de coups de c\u0153ur<\/p>\n<h4><span style=\"color: #ff0000;\">Nicolas Aebischer<\/span><\/h4>\n<p><a href=\"https:\/\/photofri.ch\/pcfwp\/wp-content\/uploads\/2023\/11\/Nicolas-Aebischer-rouge_et_blanc-scaled.jpg\"><img loading=\"lazy\" decoding=\"async\" src=\"https:\/\/photofri.ch\/pcfwp\/wp-content\/uploads\/2023\/11\/Nicolas-Aebischer-rouge_et_blanc-198x300.jpg\" width=\"198\" height=\"300\" alt=\"\" class=\"wp-image-7805 alignnone size-medium\" \/><\/a><\/p>\n<p>&nbsp;<\/p>\n<p>&nbsp;<\/p>\n<p>&nbsp;<\/p>\n<p>&nbsp;<\/p>\n<p>&nbsp;<\/p>\n<p>&nbsp;<\/p>\n<p>&nbsp;<\/p>\n<p>&nbsp;<\/p>\n<p>&nbsp;<\/p>\n<p>Voici la photo qui a re\u00e7u au moins deux coups de c\u0153ur<\/p>\n<h4><span style=\"color: #ff0000;\">Lucienne Mauron<\/span><\/h4>\n<p><a href=\"https:\/\/photofri.ch\/pcfwp\/wp-content\/uploads\/2023\/11\/Lucienne-Mauron-Rouge-et-blanc-scaled.jpg\"><img loading=\"lazy\" decoding=\"async\" src=\"https:\/\/photofri.ch\/pcfwp\/wp-content\/uploads\/2023\/11\/Lucienne-Mauron-Rouge-et-blanc-300x200.jpg\" width=\"300\" height=\"200\" alt=\"\" class=\"wp-image-7804 alignnone size-medium\" \/><\/a><\/p>\n<p>[\/et_pb_text][\/et_pb_column][\/et_pb_row][\/et_pb_section]<\/p>\n","protected":false},"excerpt":{"rendered":"<p>Ce samedi 2 septembre 2023 le rallye nous am\u00e8ne dans une magnifique petite ville Suisse \u00e0 une heure de route depuis Fribourg. Apr\u00e8s une visite guid\u00e9e d\u2019environ une heure on vous d\u00e9voilera le th\u00e8me de ce concours qui se voudra ludique afin que vous puissiez partir \u00e0 la chasse d\u2019images avec le sourire. &nbsp; \u2013 [&hellip;]<\/p>\n","protected":false},"author":517,"featured_media":0,"comment_status":"closed","ping_status":"closed","sticky":false,"template":"","format":"standard","meta":{"_et_pb_use_builder":"on","_et_pb_old_content":"<h5>Ce samedi 2 septembre 2023 le rallye nous am\u00e8ne dans une magnifique petite ville Suisse \u00e0 une heure de route depuis Fribourg. Apr\u00e8s une visite guid\u00e9e d\u2019environ une heure on vous d\u00e9voilera le th\u00e8me de ce concours qui se voudra ludique afin que vous puissiez partir \u00e0 la chasse d\u2019images avec le sourire.<\/h5>\r\n&nbsp;\r\n\r\n- Repas du midi : soit pic-nic soit dans un restaurant.\r\n- D\u00e9part de Fribourg 8h15 du parking CO d\u2019Avry en co-voiturage.\r\n- 2<sup>\u00e8me<\/sup> rendez-vous sur place vous sera communiqu\u00e9 ult\u00e9rieurement.\r\n- Retour vers 17h00.\r\n\r\n<strong>A rendre<\/strong> : 4 images imprim\u00e9es sur papier sans passe-partout munies de votre nom, pr\u00e9nom suivi des lettres A,B,C,D. Veuillez marquer la photo \u00e0 commenter.\u00a0Veuillez \u00e9galement envoyer vos fichiers num\u00e9riques en JPEG muni de votre nom, pr\u00e9nom suivi des lettres A,B,C,D \u00e0 l\u2019adresse indiqu\u00e9e ci-dessous.\r\n\r\n<strong>Rendu\u00a0: 30 octobre 2023<\/strong> au local du PCF pour les photos imprim\u00e9es et\u00a0\u00e0 <a href=\"mailto:susanna-lussi@bluewin.ch\">susanna-lussi@bluewin.ch<\/a> pour les versions num\u00e9riques.\r\n\r\n<strong>Discussions : 13 novembre 2023<\/strong>","_et_gb_content_width":"","footnotes":""},"categories":[550],"tags":[],"class_list":["post-7300","post","type-post","status-publish","format-standard","hentry","category-themes-imposes-2023"],"_links":{"self":[{"href":"https:\/\/photofri.ch\/pcfwp\/wp-json\/wp\/v2\/posts\/7300","targetHints":{"allow":["GET"]}}],"collection":[{"href":"https:\/\/photofri.ch\/pcfwp\/wp-json\/wp\/v2\/posts"}],"about":[{"href":"https:\/\/photofri.ch\/pcfwp\/wp-json\/wp\/v2\/types\/post"}],"author":[{"embeddable":true,"href":"https:\/\/photofri.ch\/pcfwp\/wp-json\/wp\/v2\/users\/517"}],"replies":[{"embeddable":true,"href":"https:\/\/photofri.ch\/pcfwp\/wp-json\/wp\/v2\/comments?post=7300"}],"version-history":[{"count":24,"href":"https:\/\/photofri.ch\/pcfwp\/wp-json\/wp\/v2\/posts\/7300\/revisions"}],"predecessor-version":[{"id":8408,"href":"https:\/\/photofri.ch\/pcfwp\/wp-json\/wp\/v2\/posts\/7300\/revisions\/8408"}],"wp:attachment":[{"href":"https:\/\/photofri.ch\/pcfwp\/wp-json\/wp\/v2\/media?parent=7300"}],"wp:term":[{"taxonomy":"category","embeddable":true,"href":"https:\/\/photofri.ch\/pcfwp\/wp-json\/wp\/v2\/categories?post=7300"},{"taxonomy":"post_tag","embeddable":true,"href":"https:\/\/photofri.ch\/pcfwp\/wp-json\/wp\/v2\/tags?post=7300"}],"curies":[{"name":"wp","href":"https:\/\/api.w.org\/{rel}","templated":true}]}}