{"id":7309,"date":"2023-01-25T18:16:49","date_gmt":"2023-01-25T17:16:49","guid":{"rendered":"https:\/\/photofri.ch\/pcfwp\/?p=7309"},"modified":"2024-05-30T15:27:26","modified_gmt":"2024-05-30T13:27:26","slug":"theme-3-planche-bd","status":"publish","type":"post","link":"https:\/\/photofri.ch\/pcfwp\/theme-3-planche-bd\/","title":{"rendered":"Th\u00e8me 3 &#8211; Planche BD"},"content":{"rendered":"<p>[et_pb_section fb_built=\u00a0\u00bb1&Prime; _builder_version=\u00a0\u00bb4.16&Prime; min_height=\u00a0\u00bb232px\u00a0\u00bb custom_padding=\u00a0\u00bb||0px|||\u00a0\u00bb global_colors_info=\u00a0\u00bb{}\u00a0\u00bb][et_pb_row _builder_version=\u00a0\u00bb4.20.0&Prime; _module_preset=\u00a0\u00bbdefault\u00a0\u00bb custom_margin=\u00a0\u00bb-61px|auto||auto||\u00a0\u00bb global_colors_info=\u00a0\u00bb{}\u00a0\u00bb][et_pb_column type=\u00a0\u00bb4_4&Prime; _builder_version=\u00a0\u00bb4.20.0&Prime; _module_preset=\u00a0\u00bbdefault\u00a0\u00bb global_colors_info=\u00a0\u00bb{}\u00a0\u00bb][et_pb_text _builder_version=\u00a0\u00bb4.20.4&Prime; _module_preset=\u00a0\u00bbdefault\u00a0\u00bb global_colors_info=\u00a0\u00bb{}\u00a0\u00bb]<\/p>\n<div class=\"et_post_meta_wrapper\">\n<h1 class=\"entry-title\"><span style=\"font-size: 16px;\">C\u2019est un th\u00e8me impos\u00e9 \u00e0 r\u00e9aliser en \u00e9quipe !<br \/>Mettez-vous \u00e0 2 pour revisiter le roman photo et nous raconter une histoire en 5 \u00e0 7 images sous forme d\u2019une planche BD !<\/span><\/h1>\n<\/div>\n<div class=\"entry-content\">\n<p>&nbsp;<\/p>\n<p><strong>El\u00e9ments \u00e0 rendre<\/strong><span>\u00a0<\/span>: une planche imprim\u00e9e sur papier Format A3 ou 30x40cm sans passe-partout munie de vos noms et pr\u00e9noms.<br \/>Veuillez \u00e9galement envoyer votre fichier num\u00e9rique en JPEG muni de vos 2 noms \u00e0 l\u2019adresse indiqu\u00e9e ci-dessous<\/p>\n<p><strong>Rendu : lundi 11 septembre 2023<\/strong> \u00e0 un membre de la CA pr\u00e9sent \u00e0 la sortie \u00ab\u00a0Stress Photo\u00a0\u00bb ou durant toute la semaine du 11 septembre 2023 au Bureau de Sylvia Curty\u00a0: SD Ing\u00e9nierie Fribourg SA, 21 Route des Daillettes, (2<sup>\u00e8me<\/sup> \u00e9tage), 1700 Fribourg.<br \/>Vos photos num\u00e9riques (indiquer la suite) sont \u00e0 adresser \u00e0 <a href=\"mailto:susanna-lussi@bluewin.ch\">susanna-lussi@bluewin.ch<\/a> via SwissTransfer (<a href=\"http:\/\/www.swisstransfer.com\/\">www.swisstransfer.com<\/a>).<\/p>\n<p><strong>Discussions : 25 septembre 2023<\/strong><\/p>\n<p><strong><\/strong><\/p>\n<p><a href=\"https:\/\/photofri.ch\/pcfwp\/wp-content\/uploads\/2023\/04\/Soirees-a-theme.pdf\">Proc\u00e9dure pour les soir\u00e9es \u00e0 th\u00e8me impos\u00e9<\/a><\/p>\n<\/div>\n<p>[\/et_pb_text][\/et_pb_column][\/et_pb_row][et_pb_row _builder_version=\u00a0\u00bb4.22.1&Prime; _module_preset=\u00a0\u00bbdefault\u00a0\u00bb min_height=\u00a0\u00bb366.8px\u00a0\u00bb global_colors_info=\u00a0\u00bb{}\u00a0\u00bb][et_pb_column type=\u00a0\u00bb4_4&Prime; _builder_version=\u00a0\u00bb4.22.1&Prime; _module_preset=\u00a0\u00bbdefault\u00a0\u00bb global_colors_info=\u00a0\u00bb{}\u00a0\u00bb][et_pb_text _builder_version=\u00a0\u00bb4.25.1&Prime; _module_preset=\u00a0\u00bbdefault\u00a0\u00bb hover_enabled=\u00a0\u00bb0&Prime; global_colors_info=\u00a0\u00bb{}\u00a0\u00bb sticky_enabled=\u00a0\u00bb0&Prime;]<\/p>\n<h4>Sur les 3 travaux soumis voici l\u2019image qui a totalis\u00e9 le plus de coups de coeur par les membres pr\u00e9sents \u00e0 la soir\u00e9e du 25 septembre 2023 \u2026<\/h4>\n<h4><span style=\"color: #ff0000;\">Nicolas Aebischer &amp; Pierre-Alain Dunand<\/span><\/h4>\n<p><strong><span style=\"color: #ff0000;\"><\/span><\/strong><\/p>\n<p><a href=\"https:\/\/photofri.ch\/pcfwp\/wp-content\/uploads\/2023\/09\/Planche-BD-Nicolas-et-Pierre-Alain-Departs-scaled.jpg\"><img loading=\"lazy\" decoding=\"async\" src=\"https:\/\/photofri.ch\/pcfwp\/wp-content\/uploads\/2023\/09\/Planche-BD-Nicolas-et-Pierre-Alain-Departs-212x300.jpg\" width=\"212\" height=\"300\" alt=\"\" class=\"wp-image-7674 alignnone size-medium\" \/><\/a><\/p>\n<p>[\/et_pb_text][\/et_pb_column][\/et_pb_row][\/et_pb_section][et_pb_section fb_built=\u00a0\u00bb1&Prime; _builder_version=\u00a0\u00bb4.22.1&Prime; _module_preset=\u00a0\u00bbdefault\u00a0\u00bb min_height=\u00a0\u00bb793.1px\u00a0\u00bb global_colors_info=\u00a0\u00bb{}\u00a0\u00bb][et_pb_row _builder_version=\u00a0\u00bb4.22.1&Prime; _module_preset=\u00a0\u00bbdefault\u00a0\u00bb custom_margin=\u00a0\u00bb-56px|auto||auto||\u00a0\u00bb custom_padding=\u00a0\u00bb0px|||||\u00a0\u00bb global_colors_info=\u00a0\u00bb{}\u00a0\u00bb][et_pb_column type=\u00a0\u00bb4_4&Prime; _builder_version=\u00a0\u00bb4.22.1&Prime; _module_preset=\u00a0\u00bbdefault\u00a0\u00bb global_colors_info=\u00a0\u00bb{}\u00a0\u00bb][et_pb_text _builder_version=\u00a0\u00bb4.25.1&Prime; _module_preset=\u00a0\u00bbdefault\u00a0\u00bb custom_padding=\u00a0\u00bb22px|||||\u00a0\u00bb hover_enabled=\u00a0\u00bb0&Prime; global_colors_info=\u00a0\u00bb{}\u00a0\u00bb sticky_enabled=\u00a0\u00bb0&Prime;]<\/p>\n<h4>\u2026 et les images qui ont re\u00e7u plus de un coup de coeur (les photos ayant re\u00e7u un seul coup de coeur ne sont pas publi\u00e9es).<\/h4>\n<h4><span style=\"color: #ff0000;\">Sylvia Curty<\/span><span style=\"color: #ff0000;\">\u00a0&amp; <\/span><span style=\"color: #ff0000;\">Lucienne Mauron<\/span><\/h4>\n<h4><\/h4>\n<p><a href=\"https:\/\/photofri.ch\/pcfwp\/wp-content\/uploads\/2023\/09\/planche-BD-Lucienne-et-Sylvia-scaled.jpg\"><img loading=\"lazy\" decoding=\"async\" src=\"https:\/\/photofri.ch\/pcfwp\/wp-content\/uploads\/2023\/09\/planche-BD-Lucienne-et-Sylvia-212x300.jpg\" width=\"212\" height=\"300\" alt=\"\" class=\"wp-image-7675 alignnone size-medium\" \/><\/a><\/p>\n<p>&nbsp;<\/p>\n<p>&nbsp;<\/p>\n<p>&nbsp;<\/p>\n<p>&nbsp;<\/p>\n<p>&nbsp;<\/p>\n<p>&nbsp;<\/p>\n<p>&nbsp;<\/p>\n<p>&nbsp;<\/p>\n<h4><span style=\"color: #ff0000;\">Susanna L\u00fcssi\u00a0<\/span><span style=\"color: #ff0000;\"><\/span><span style=\"color: #ff0000;\">&amp; <\/span><span style=\"color: #ff0000;\">Laurent Finger<\/span><\/h4>\n<p><a href=\"https:\/\/photofri.ch\/pcfwp\/wp-content\/uploads\/2023\/09\/planche3-Laurent-et-Susanna-scaled.jpg\"><img loading=\"lazy\" decoding=\"async\" src=\"https:\/\/photofri.ch\/pcfwp\/wp-content\/uploads\/2023\/09\/planche3-Laurent-et-Susanna-212x300.jpg\" width=\"212\" height=\"300\" alt=\"\" class=\"wp-image-7677 alignnone size-medium\" \/><\/a><\/p>\n<p>[\/et_pb_text][\/et_pb_column][\/et_pb_row][\/et_pb_section][et_pb_section fb_built=\u00a0\u00bb1&Prime; _builder_version=\u00a0\u00bb4.22.1&Prime; _module_preset=\u00a0\u00bbdefault\u00a0\u00bb global_colors_info=\u00a0\u00bb{}\u00a0\u00bb][\/et_pb_section]<\/p>\n","protected":false},"excerpt":{"rendered":"<p>C\u2019est un th\u00e8me impos\u00e9 \u00e0 r\u00e9aliser en \u00e9quipe !Mettez-vous \u00e0 2 pour revisiter le roman photo et nous raconter une histoire en 5 \u00e0 7 images sous forme d\u2019une planche BD ! &nbsp; El\u00e9ments \u00e0 rendre\u00a0: une planche imprim\u00e9e sur papier Format A3 ou 30x40cm sans passe-partout munie de vos noms et pr\u00e9noms.Veuillez \u00e9galement envoyer [&hellip;]<\/p>\n","protected":false},"author":517,"featured_media":0,"comment_status":"closed","ping_status":"closed","sticky":false,"template":"","format":"standard","meta":{"_et_pb_use_builder":"on","_et_pb_old_content":"<h3>C\u2019est un concours d\u2019\u00e9quipe\u00a0! Mettez-vous \u00e0 2 pour revisiter le roman photo et nous raconter une histoire en 5 \u00e0 7 images sous forme d\u2019une planche BD\u00a0!<\/h3>\r\n\u00a0\r\n\r\n<strong>El\u00e9ments \u00e0 rendre<\/strong> : une planche imprim\u00e9e sur papier Format A3 ou 30x40cm sans passe-partout munie de vos noms et pr\u00e9noms.\r\nVeuillez \u00e9galement envoyer votre fichier num\u00e9rique en JPEG muni de vos 2 noms \u00e0 l\u2019adresse indiqu\u00e9e ci-dessous\r\n\r\n<strong>Rendu : 11 septembre 2023<\/strong> au local du PCF pour la planche imprim\u00e9e et\u00a0\u00e0 <a href=\"mailto:olivier@famille-studer.ch\">olivier@famille-studer.ch<\/a> pour la version num\u00e9rique.\r\n\r\n<strong>Discussions : 25 septembre 2023<\/strong>","_et_gb_content_width":"","footnotes":""},"categories":[550],"tags":[],"class_list":["post-7309","post","type-post","status-publish","format-standard","hentry","category-themes-imposes-2023"],"_links":{"self":[{"href":"https:\/\/photofri.ch\/pcfwp\/wp-json\/wp\/v2\/posts\/7309","targetHints":{"allow":["GET"]}}],"collection":[{"href":"https:\/\/photofri.ch\/pcfwp\/wp-json\/wp\/v2\/posts"}],"about":[{"href":"https:\/\/photofri.ch\/pcfwp\/wp-json\/wp\/v2\/types\/post"}],"author":[{"embeddable":true,"href":"https:\/\/photofri.ch\/pcfwp\/wp-json\/wp\/v2\/users\/517"}],"replies":[{"embeddable":true,"href":"https:\/\/photofri.ch\/pcfwp\/wp-json\/wp\/v2\/comments?post=7309"}],"version-history":[{"count":21,"href":"https:\/\/photofri.ch\/pcfwp\/wp-json\/wp\/v2\/posts\/7309\/revisions"}],"predecessor-version":[{"id":8406,"href":"https:\/\/photofri.ch\/pcfwp\/wp-json\/wp\/v2\/posts\/7309\/revisions\/8406"}],"wp:attachment":[{"href":"https:\/\/photofri.ch\/pcfwp\/wp-json\/wp\/v2\/media?parent=7309"}],"wp:term":[{"taxonomy":"category","embeddable":true,"href":"https:\/\/photofri.ch\/pcfwp\/wp-json\/wp\/v2\/categories?post=7309"},{"taxonomy":"post_tag","embeddable":true,"href":"https:\/\/photofri.ch\/pcfwp\/wp-json\/wp\/v2\/tags?post=7309"}],"curies":[{"name":"wp","href":"https:\/\/api.w.org\/{rel}","templated":true}]}}