{"id":7936,"date":"2023-12-05T18:10:28","date_gmt":"2023-12-05T17:10:28","guid":{"rendered":"https:\/\/photofri.ch\/pcfwp\/?p=7936"},"modified":"2026-01-22T11:31:37","modified_gmt":"2026-01-22T10:31:37","slug":"theme-3","status":"publish","type":"post","link":"https:\/\/photofri.ch\/pcfwp\/theme-3\/","title":{"rendered":"Th\u00e8me 2 &#8211; Flou"},"content":{"rendered":"<p>[et_pb_section fb_built=\u00a0\u00bb1&Prime; admin_label=\u00a0\u00bbsection\u00a0\u00bb _builder_version=\u00a0\u00bb4.16&Prime; global_colors_info=\u00a0\u00bb{}\u00a0\u00bb][et_pb_row admin_label=\u00a0\u00bbrow\u00a0\u00bb _builder_version=\u00a0\u00bb4.16&Prime; background_size=\u00a0\u00bbinitial\u00a0\u00bb background_position=\u00a0\u00bbtop_left\u00a0\u00bb background_repeat=\u00a0\u00bbrepeat\u00a0\u00bb global_colors_info=\u00a0\u00bb{}\u00a0\u00bb][et_pb_column type=\u00a0\u00bb4_4&Prime; _builder_version=\u00a0\u00bb4.16&Prime; custom_padding=\u00a0\u00bb|||\u00a0\u00bb global_colors_info=\u00a0\u00bb{}\u00a0\u00bb custom_padding__hover=\u00a0\u00bb|||\u00a0\u00bb][et_pb_text admin_label=\u00a0\u00bbText\u00a0\u00bb _builder_version=\u00a0\u00bb4.16&Prime; background_size=\u00a0\u00bbinitial\u00a0\u00bb background_position=\u00a0\u00bbtop_left\u00a0\u00bb background_repeat=\u00a0\u00bbrepeat\u00a0\u00bb global_colors_info=\u00a0\u00bb{}\u00a0\u00bb]Faites-nous r\u00eaver avec 4 photos floues\u00a0!<\/p>\n<p><strong>A rendre<\/strong> :\u00a0 4 photos imprim\u00e9es sans passe-partout et la version num\u00e9rique \u00e0\u00a0envoyer par Swisstransfer ou Wetransfer \u00e0 Sylvia Curty\u00a0(<a href=\"mailto:sylvia.curty@gmail.com\">sylvia.curty@gmail.com<\/a>)<\/p>\n<p><strong>Date du rendu : 6 mai 2024<\/strong><br \/>\n<strong>Analyse\/Discussion : 27 mai 2024<\/strong>[\/et_pb_text][\/et_pb_column][\/et_pb_row][\/et_pb_section][et_pb_section fb_built=\u00a0\u00bb1&Prime; _builder_version=\u00a0\u00bb4.25.1&Prime; _module_preset=\u00a0\u00bbdefault\u00a0\u00bb global_colors_info=\u00a0\u00bb{}\u00a0\u00bb][et_pb_row _builder_version=\u00a0\u00bb4.25.1&Prime; _module_preset=\u00a0\u00bbdefault\u00a0\u00bb custom_padding=\u00a0\u00bb0px|||||\u00a0\u00bb global_colors_info=\u00a0\u00bb{}\u00a0\u00bb][et_pb_column type=\u00a0\u00bb4_4&Prime; _builder_version=\u00a0\u00bb4.25.1&Prime; _module_preset=\u00a0\u00bbdefault\u00a0\u00bb global_colors_info=\u00a0\u00bb{}\u00a0\u00bb][et_pb_text _builder_version=\u00a0\u00bb4.25.1&Prime; _module_preset=\u00a0\u00bbdefault\u00a0\u00bb global_colors_info=\u00a0\u00bb{}\u00a0\u00bb]<\/p>\n<h4>Voici l\u2019image qui a totalis\u00e9 le plus de coups de c\u0153ur par les membres pr\u00e9sents lors de la soir\u00e9e du 27 mai 2024 \u2026<\/h4>\n<h5><span style=\"color: #ff0000;\"><br \/>\nEric Nussbaumer<\/span><\/h5>\n<p><a href=\"https:\/\/photofri.ch\/pcfwp\/wp-content\/uploads\/2024\/05\/Nussbaumer-Eric-4-bouchons-scaled.jpg\"><img loading=\"lazy\" decoding=\"async\" class=\"wp-image-8383 alignnone size-medium\" src=\"https:\/\/photofri.ch\/pcfwp\/wp-content\/uploads\/2024\/05\/Nussbaumer-Eric-4-bouchons-300x200.jpg\" alt=\"\" width=\"300\" height=\"200\" \/><\/a><\/p>\n<p>&nbsp;<\/p>\n<h4><\/h4>\n<h4><\/h4>\n<h4><\/h4>\n<h4><\/h4>\n<h4><\/h4>\n<h4><\/h4>\n<h4><\/h4>\n<h4><\/h4>\n<h4><\/h4>\n<h4><\/h4>\n<p>&nbsp;<\/p>\n<h4><\/h4>\n<h4>\u2026 et les images qui ont re\u00e7u un coup de c\u0153ur et plus.<\/h4>\n<h5><\/h5>\n<h5><span style=\"color: #ff0000;\">Ren\u00e9 Carrel<\/span><\/h5>\n<p><a href=\"https:\/\/photofri.ch\/pcfwp\/wp-content\/uploads\/2024\/05\/Carrel-Rene-1.1-bouchon-scaled.jpg\"><img loading=\"lazy\" decoding=\"async\" class=\"wp-image-8388 alignnone size-medium\" src=\"https:\/\/photofri.ch\/pcfwp\/wp-content\/uploads\/2024\/05\/Carrel-Rene-1.1-bouchon-300x200.jpg\" alt=\"\" width=\"300\" height=\"200\" \/><\/a> <a href=\"https:\/\/photofri.ch\/pcfwp\/wp-content\/uploads\/2024\/05\/Carrel-Rene-3-bouchons-scaled.jpg\"><img loading=\"lazy\" decoding=\"async\" class=\"wp-image-8387 alignnone size-medium\" src=\"https:\/\/photofri.ch\/pcfwp\/wp-content\/uploads\/2024\/05\/Carrel-Rene-3-bouchons-300x200.jpg\" alt=\"\" width=\"300\" height=\"200\" \/><\/a> <a href=\"https:\/\/photofri.ch\/pcfwp\/wp-content\/uploads\/2024\/05\/Carrel-Rene-2-bouchons-scaled.jpg\"><img loading=\"lazy\" decoding=\"async\" class=\"wp-image-8386 alignnone size-medium\" src=\"https:\/\/photofri.ch\/pcfwp\/wp-content\/uploads\/2024\/05\/Carrel-Rene-2-bouchons-300x200.jpg\" alt=\"\" width=\"300\" height=\"200\" \/><\/a> <a href=\"https:\/\/photofri.ch\/pcfwp\/wp-content\/uploads\/2024\/05\/Carrel-Rene-1.2-bouchon-scaled.jpg\"><img loading=\"lazy\" decoding=\"async\" class=\"wp-image-8385 alignnone size-medium\" src=\"https:\/\/photofri.ch\/pcfwp\/wp-content\/uploads\/2024\/05\/Carrel-Rene-1.2-bouchon-300x200.jpg\" alt=\"\" width=\"300\" height=\"200\" \/><\/a><\/p>\n<h5><\/h5>\n<h5><\/h5>\n<h5><\/h5>\n<h5><\/h5>\n<h5><\/h5>\n<h5><\/h5>\n<h5><\/h5>\n<h5><\/h5>\n<h5><\/h5>\n<h5><\/h5>\n<h5><\/h5>\n<h5><\/h5>\n<h5><\/h5>\n<h5><\/h5>\n<p>&nbsp;<\/p>\n<h5><span style=\"color: #ff0000;\">Sylvia Curty<\/span><\/h5>\n<p><a href=\"https:\/\/photofri.ch\/pcfwp\/wp-content\/uploads\/2024\/05\/Sylvia-Curty-1.4-bouchon-scaled.jpg\"><img loading=\"lazy\" decoding=\"async\" class=\"wp-image-8395 alignnone size-medium\" src=\"https:\/\/photofri.ch\/pcfwp\/wp-content\/uploads\/2024\/05\/Sylvia-Curty-1.4-bouchon-200x300.jpg\" alt=\"\" width=\"200\" height=\"300\" \/><\/a> <a href=\"https:\/\/photofri.ch\/pcfwp\/wp-content\/uploads\/2024\/05\/Sylvia-Curty-1.3-bouchon.jpg\"><img loading=\"lazy\" decoding=\"async\" class=\"wp-image-8396 alignnone size-medium\" src=\"https:\/\/photofri.ch\/pcfwp\/wp-content\/uploads\/2024\/05\/Sylvia-Curty-1.3-bouchon-232x300.jpg\" alt=\"\" width=\"232\" height=\"300\" \/><\/a> <a href=\"https:\/\/photofri.ch\/pcfwp\/wp-content\/uploads\/2024\/05\/Sylvia-Curty-1.2-bouchon-scaled.jpg\"><img loading=\"lazy\" decoding=\"async\" class=\"wp-image-8397 alignnone size-medium\" src=\"https:\/\/photofri.ch\/pcfwp\/wp-content\/uploads\/2024\/05\/Sylvia-Curty-1.2-bouchon-300x200.jpg\" alt=\"\" width=\"300\" height=\"200\" \/><\/a> <a href=\"https:\/\/photofri.ch\/pcfwp\/wp-content\/uploads\/2024\/05\/Sylvia-Curty-1.1-bouchon-scaled.jpg\"><img loading=\"lazy\" decoding=\"async\" class=\"wp-image-8398 alignnone size-medium\" src=\"https:\/\/photofri.ch\/pcfwp\/wp-content\/uploads\/2024\/05\/Sylvia-Curty-1.1-bouchon-300x200.jpg\" alt=\"\" width=\"300\" height=\"200\" \/><\/a><\/p>\n<h5><\/h5>\n<h5><\/h5>\n<h5><\/h5>\n<h5><\/h5>\n<h5><\/h5>\n<h5><\/h5>\n<h5><\/h5>\n<h5><\/h5>\n<h5><\/h5>\n<h5><\/h5>\n<h5><\/h5>\n<h5><\/h5>\n<h5><\/h5>\n<h5><\/h5>\n<h5><\/h5>\n<h5><\/h5>\n<h5><\/h5>\n<h5><\/h5>\n<h5><\/h5>\n<h5><\/h5>\n<h5><\/h5>\n<h5><\/h5>\n<h5><\/h5>\n<h5><\/h5>\n<h5><\/h5>\n<h5><\/h5>\n<h5><\/h5>\n<h5><\/h5>\n<h5><\/h5>\n<h5><\/h5>\n<h5><\/h5>\n<h5><\/h5>\n<h5><span style=\"color: #ff0000;\">Eric Nussbaumer<\/span><\/h5>\n<p><span style=\"color: #ff0000;\"><a href=\"https:\/\/photofri.ch\/pcfwp\/wp-content\/uploads\/2024\/05\/Nussbaumer-Eric-1.2-bouchon-scaled.jpg\"><img loading=\"lazy\" decoding=\"async\" class=\"wp-image-8394 alignnone size-medium\" src=\"https:\/\/photofri.ch\/pcfwp\/wp-content\/uploads\/2024\/05\/Nussbaumer-Eric-1.2-bouchon-300x200.jpg\" alt=\"\" width=\"300\" height=\"200\" \/><\/a> <a href=\"https:\/\/photofri.ch\/pcfwp\/wp-content\/uploads\/2024\/05\/Nussbaumer-Eric-1.1-bouchon-scaled.jpg\"><img loading=\"lazy\" decoding=\"async\" class=\"wp-image-8393 alignnone size-medium\" src=\"https:\/\/photofri.ch\/pcfwp\/wp-content\/uploads\/2024\/05\/Nussbaumer-Eric-1.1-bouchon-300x200.jpg\" alt=\"\" width=\"300\" height=\"200\" \/><\/a><\/span><\/p>\n<p>[\/et_pb_text][\/et_pb_column][\/et_pb_row][\/et_pb_section]<\/p>\n","protected":false},"excerpt":{"rendered":"<p>Faites-nous r\u00eaver avec 4 photos floues\u00a0! A rendre :\u00a0 4 photos imprim\u00e9es sans passe-partout et la version num\u00e9rique \u00e0\u00a0envoyer par Swisstransfer ou Wetransfer \u00e0 Sylvia Curty\u00a0(sylvia.curty@gmail.com) Date du rendu : 6 mai 2024 Analyse\/Discussion : 27 mai 2024 Voici l\u2019image qui a totalis\u00e9 le plus de coups de c\u0153ur par les membres pr\u00e9sents lors de [&hellip;]<\/p>\n","protected":false},"author":517,"featured_media":0,"comment_status":"closed","ping_status":"closed","sticky":false,"template":"","format":"standard","meta":{"_et_pb_use_builder":"on","_et_pb_old_content":"Faites-nous r\u00eaver avec 4 photos floues\u00a0!\r\n\r\n<strong>A rendre<\/strong> :\u00a0 4 photos imprim\u00e9es sans passe-partout et la version num\u00e9rique \u00e0\u00a0envoyer par Swisstransfer ou Wetransfer \u00e0 Sylvia Curty\u00a0(<a href=\"mailto:sylvia.curty@gmail.com\">sylvia.curty@gmail.com<\/a>)\r\n\r\n<strong>Date du rendu : 6 mai 2024<\/strong>\r\n<strong>Analyse\/Discussion : 27 mai 2024<\/strong>","_et_gb_content_width":"","footnotes":""},"categories":[613],"tags":[],"class_list":["post-7936","post","type-post","status-publish","format-standard","hentry","category-themes-imposes-2024"],"_links":{"self":[{"href":"https:\/\/photofri.ch\/pcfwp\/wp-json\/wp\/v2\/posts\/7936","targetHints":{"allow":["GET"]}}],"collection":[{"href":"https:\/\/photofri.ch\/pcfwp\/wp-json\/wp\/v2\/posts"}],"about":[{"href":"https:\/\/photofri.ch\/pcfwp\/wp-json\/wp\/v2\/types\/post"}],"author":[{"embeddable":true,"href":"https:\/\/photofri.ch\/pcfwp\/wp-json\/wp\/v2\/users\/517"}],"replies":[{"embeddable":true,"href":"https:\/\/photofri.ch\/pcfwp\/wp-json\/wp\/v2\/comments?post=7936"}],"version-history":[{"count":15,"href":"https:\/\/photofri.ch\/pcfwp\/wp-json\/wp\/v2\/posts\/7936\/revisions"}],"predecessor-version":[{"id":9702,"href":"https:\/\/photofri.ch\/pcfwp\/wp-json\/wp\/v2\/posts\/7936\/revisions\/9702"}],"wp:attachment":[{"href":"https:\/\/photofri.ch\/pcfwp\/wp-json\/wp\/v2\/media?parent=7936"}],"wp:term":[{"taxonomy":"category","embeddable":true,"href":"https:\/\/photofri.ch\/pcfwp\/wp-json\/wp\/v2\/categories?post=7936"},{"taxonomy":"post_tag","embeddable":true,"href":"https:\/\/photofri.ch\/pcfwp\/wp-json\/wp\/v2\/tags?post=7936"}],"curies":[{"name":"wp","href":"https:\/\/api.w.org\/{rel}","templated":true}]}}