{"id":7938,"date":"2023-12-05T18:10:49","date_gmt":"2023-12-05T17:10:49","guid":{"rendered":"https:\/\/photofri.ch\/pcfwp\/?p=7938"},"modified":"2026-01-22T17:13:37","modified_gmt":"2026-01-22T16:13:37","slug":"theme-4","status":"publish","type":"post","link":"https:\/\/photofri.ch\/pcfwp\/theme-4\/","title":{"rendered":"Th\u00e8me 1 &#8211; Skyline"},"content":{"rendered":"<p>[et_pb_section fb_built=\u00a0\u00bb1&Prime; _builder_version=\u00a0\u00bb4.16&Prime; global_colors_info=\u00a0\u00bb{}\u00a0\u00bb min_height=\u00a0\u00bb319.4px\u00a0\u00bb][et_pb_row _builder_version=\u00a0\u00bb4.16&Prime; background_size=\u00a0\u00bbinitial\u00a0\u00bb background_position=\u00a0\u00bbtop_left\u00a0\u00bb background_repeat=\u00a0\u00bbrepeat\u00a0\u00bb global_colors_info=\u00a0\u00bb{}\u00a0\u00bb custom_margin=\u00a0\u00bb|auto|-25px|auto||\u00a0\u00bb][et_pb_column type=\u00a0\u00bb4_4&Prime; _builder_version=\u00a0\u00bb4.16&Prime; custom_padding=\u00a0\u00bb|||\u00a0\u00bb global_colors_info=\u00a0\u00bb{}\u00a0\u00bb custom_padding__hover=\u00a0\u00bb|||\u00a0\u00bb][et_pb_text _builder_version=\u00a0\u00bb4.27.4&Prime; background_size=\u00a0\u00bbinitial\u00a0\u00bb background_position=\u00a0\u00bbtop_left\u00a0\u00bb background_repeat=\u00a0\u00bbrepeat\u00a0\u00bb global_colors_info=\u00a0\u00bb{}\u00a0\u00bb]<\/p>\n<p>La skyline \u2013 litt\u00e9ralement ligne de ciel \u2013 est associ\u00e9 \u00e0 la silhouette urbaine dessin\u00e9e sur l\u2019horizon par les constructions d\u2019une ville. Nous avons tous en t\u00eate la skyline de New York avec ses gratte-ciels de Manhattan qui se d\u00e9marquent du ciel.<br \/>Nous \u00e9largissons la d\u00e9finition aux paysages, mais attention\u00a0: la skyline est le sujet principal et pas la jolie fontaine de votre village au premier plan\u00a0! Cette ligne d\u2019horizon se veut bien d\u00e9marqu\u00e9e et traverse toute votre image\u00a0! Un plus si elle met en \u00e9vidence un b\u00e2timent ou une montagne embl\u00e9matique.<\/p>\n<p><strong>A rendre : <\/strong>4 photos imprim\u00e9es sans passe-partout et la version num\u00e9rique par Swisstransfer ou Wetransfer \u00e0 Mathieu Ziegenhagen (<a href=\"mailto:info@mathieu.ziegenhagen.ch\">info@mathieu.ziegenhagen.ch<\/a>)<\/p>\n<p><strong>Date du rendu : 4 mars 2024<\/strong><br \/><strong>Analyse\/Discussion : 18 mars 2024<\/strong><\/p>\n<p>[\/et_pb_text][\/et_pb_column][\/et_pb_row][\/et_pb_section][et_pb_section fb_built=\u00a0\u00bb1&Prime; _builder_version=\u00a0\u00bb4.16&Prime; global_colors_info=\u00a0\u00bb{}\u00a0\u00bb min_height=\u00a0\u00bb1842.3px\u00a0\u00bb][et_pb_row _builder_version=\u00a0\u00bb4.16&Prime; background_size=\u00a0\u00bbinitial\u00a0\u00bb background_position=\u00a0\u00bbtop_left\u00a0\u00bb background_repeat=\u00a0\u00bbrepeat\u00a0\u00bb global_colors_info=\u00a0\u00bb{}\u00a0\u00bb custom_padding=\u00a0\u00bb0px|||||\u00a0\u00bb][et_pb_column type=\u00a0\u00bb4_4&Prime; _builder_version=\u00a0\u00bb4.16&Prime; custom_padding=\u00a0\u00bb|||\u00a0\u00bb global_colors_info=\u00a0\u00bb{}\u00a0\u00bb custom_padding__hover=\u00a0\u00bb|||\u00a0\u00bb][et_pb_text _builder_version=\u00a0\u00bb4.27.4&Prime; _module_preset=\u00a0\u00bbdefault\u00a0\u00bb min_height=\u00a0\u00bb1638.3px\u00a0\u00bb global_colors_info=\u00a0\u00bb{}\u00a0\u00bb]<\/p>\n<p><span style=\"color: #ff6600;\"><strong>Pierre Joye<br \/><\/strong><\/span><a href=\"https:\/\/photofri.ch\/pcfwp\/wp-content\/uploads\/2023\/12\/Pierre-Joye-01_De-lOberrugg-4-janvier-2021-copie-scaled.jpg\"><img loading=\"lazy\" decoding=\"async\" class=\"alignnone wp-image-9677 size-medium\" src=\"https:\/\/photofri.ch\/pcfwp\/wp-content\/uploads\/2023\/12\/Pierre-Joye-01_De-lOberrugg-4-janvier-2021-copie-300x131.jpg\" alt=\"\" width=\"300\" height=\"131\" \/><\/a> <a href=\"https:\/\/photofri.ch\/pcfwp\/wp-content\/uploads\/2023\/12\/Pierre-Joye-04_Gastlosen-lever-soleil-20.8.2023-6h05-scaled.jpg\"><img loading=\"lazy\" decoding=\"async\" class=\"alignnone wp-image-9676 size-medium\" src=\"https:\/\/photofri.ch\/pcfwp\/wp-content\/uploads\/2023\/12\/Pierre-Joye-04_Gastlosen-lever-soleil-20.8.2023-6h05-300x80.jpg\" alt=\"\" width=\"300\" height=\"80\" \/><\/a> <a href=\"https:\/\/photofri.ch\/pcfwp\/wp-content\/uploads\/2023\/12\/Pierre-Joye-03_Fribourg-de-nuit-2-scaled.jpg\"><img loading=\"lazy\" decoding=\"async\" class=\"alignnone wp-image-9675 size-medium\" src=\"https:\/\/photofri.ch\/pcfwp\/wp-content\/uploads\/2023\/12\/Pierre-Joye-03_Fribourg-de-nuit-2-300x57.jpg\" alt=\"\" width=\"300\" height=\"57\" \/><\/a> <a href=\"https:\/\/photofri.ch\/pcfwp\/wp-content\/uploads\/2023\/12\/Pierre-Joye-02_Fribourg-de-nuit-1-scaled.jpg\"><img loading=\"lazy\" decoding=\"async\" class=\"alignnone wp-image-9674 size-medium\" src=\"https:\/\/photofri.ch\/pcfwp\/wp-content\/uploads\/2023\/12\/Pierre-Joye-02_Fribourg-de-nuit-1-300x82.jpg\" alt=\"\" width=\"300\" height=\"82\" \/><\/a><\/p>\n<p>&nbsp;<\/p>\n<p>&nbsp;<\/p>\n<p>&nbsp;<\/p>\n<p><span style=\"color: #ff6600;\"><strong>Olivier Studer<br \/><\/strong><\/span><a href=\"https:\/\/photofri.ch\/pcfwp\/wp-content\/uploads\/2023\/12\/Olivier_Studer_4-1-scaled.jpg\"><img loading=\"lazy\" decoding=\"async\" class=\"alignnone wp-image-9673 size-medium\" src=\"https:\/\/photofri.ch\/pcfwp\/wp-content\/uploads\/2023\/12\/Olivier_Studer_4-1-300x200.jpg\" alt=\"\" width=\"300\" height=\"200\" \/><\/a><a href=\"https:\/\/photofri.ch\/pcfwp\/wp-content\/uploads\/2023\/12\/Olivier_Studer_3-1-scaled.jpg\"><img loading=\"lazy\" decoding=\"async\" class=\"alignnone wp-image-9672 size-medium\" src=\"https:\/\/photofri.ch\/pcfwp\/wp-content\/uploads\/2023\/12\/Olivier_Studer_3-1-300x200.jpg\" alt=\"\" width=\"300\" height=\"200\" \/><\/a> <a href=\"https:\/\/photofri.ch\/pcfwp\/wp-content\/uploads\/2023\/12\/Olivier_Studer_2-1-scaled.jpg\"><img loading=\"lazy\" decoding=\"async\" class=\"alignnone wp-image-9671 size-medium\" src=\"https:\/\/photofri.ch\/pcfwp\/wp-content\/uploads\/2023\/12\/Olivier_Studer_2-1-300x200.jpg\" alt=\"\" width=\"300\" height=\"200\" \/><\/a> <a href=\"https:\/\/photofri.ch\/pcfwp\/wp-content\/uploads\/2023\/12\/Olivier_Studer_1-1-scaled.jpg\"><img loading=\"lazy\" decoding=\"async\" class=\"alignnone wp-image-9670 size-medium\" src=\"https:\/\/photofri.ch\/pcfwp\/wp-content\/uploads\/2023\/12\/Olivier_Studer_1-1-300x201.jpg\" alt=\"\" width=\"300\" height=\"201\" \/><\/a><\/p>\n<p>&nbsp;<\/p>\n<p>&nbsp;<\/p>\n<p>&nbsp;<\/p>\n<p>&nbsp;<\/p>\n<p><span style=\"color: #ff6600;\"><strong>Matthieu Ziegenhagen<br \/><\/strong><\/span><a href=\"https:\/\/photofri.ch\/pcfwp\/wp-content\/uploads\/2023\/12\/Mathieu-Z_01-scaled.jpg\"><img loading=\"lazy\" decoding=\"async\" class=\"alignnone wp-image-9658 size-medium\" src=\"https:\/\/photofri.ch\/pcfwp\/wp-content\/uploads\/2023\/12\/Mathieu-Z_01-300x169.jpg\" alt=\"\" width=\"300\" height=\"169\" \/><\/a><a href=\"https:\/\/photofri.ch\/pcfwp\/wp-content\/uploads\/2023\/12\/Mathieu-Z_03-scaled.jpg\"><img loading=\"lazy\" decoding=\"async\" class=\"alignnone wp-image-9668 size-medium\" src=\"https:\/\/photofri.ch\/pcfwp\/wp-content\/uploads\/2023\/12\/Mathieu-Z_03-300x169.jpg\" alt=\"\" width=\"300\" height=\"169\" \/><\/a> <a href=\"https:\/\/photofri.ch\/pcfwp\/wp-content\/uploads\/2023\/12\/Mathieu-Z_02-scaled.jpg\"><img loading=\"lazy\" decoding=\"async\" class=\"alignnone wp-image-9667 size-medium\" src=\"https:\/\/photofri.ch\/pcfwp\/wp-content\/uploads\/2023\/12\/Mathieu-Z_02-300x169.jpg\" alt=\"\" width=\"300\" height=\"169\" \/><img loading=\"lazy\" decoding=\"async\" class=\"wp-image-9669 alignnone size-medium\" src=\"https:\/\/photofri.ch\/pcfwp\/wp-content\/uploads\/2023\/12\/Mathieu-Z_04-300x169.jpg\" alt=\"\" width=\"300\" height=\"169\" \/><\/a><\/p>\n<p>&nbsp;<\/p>\n<p>&nbsp;<\/p>\n<p>&nbsp;<\/p>\n<p><span style=\"color: #ff6600;\"><strong><br \/>Lucienne Mauron<br \/><\/strong><\/span><a href=\"https:\/\/photofri.ch\/pcfwp\/wp-content\/uploads\/2023\/12\/Lucienne_DSC7695_ac_2160-scaled.jpg\"><img loading=\"lazy\" decoding=\"async\" class=\"wp-image-9666 size-medium\" src=\"https:\/\/photofri.ch\/pcfwp\/wp-content\/uploads\/2023\/12\/Lucienne_DSC7695_ac_2160-300x200.jpg\" alt=\"\" width=\"300\" height=\"200\" \/><\/a><a href=\"https:\/\/photofri.ch\/pcfwp\/wp-content\/uploads\/2023\/12\/Lucienne_DSC6469_ac_2160-scaled.jpg\"><img loading=\"lazy\" decoding=\"async\" class=\"wp-image-9665 size-medium\" src=\"https:\/\/photofri.ch\/pcfwp\/wp-content\/uploads\/2023\/12\/Lucienne_DSC6469_ac_2160-300x200.jpg\" alt=\"\" width=\"300\" height=\"200\" \/><\/a><a href=\"https:\/\/photofri.ch\/pcfwp\/wp-content\/uploads\/2023\/12\/Lucienne_DSC4441_ac_2160-scaled.jpg\"><img loading=\"lazy\" decoding=\"async\" class=\"wp-image-9664 size-medium\" src=\"https:\/\/photofri.ch\/pcfwp\/wp-content\/uploads\/2023\/12\/Lucienne_DSC4441_ac_2160-300x200.jpg\" alt=\"\" width=\"300\" height=\"200\" \/><\/a><a href=\"https:\/\/photofri.ch\/pcfwp\/wp-content\/uploads\/2023\/12\/Lucienne_DSC1210_ac_2160-scaled.jpg\"><img loading=\"lazy\" decoding=\"async\" class=\"wp-image-9663 size-medium\" src=\"https:\/\/photofri.ch\/pcfwp\/wp-content\/uploads\/2023\/12\/Lucienne_DSC1210_ac_2160-300x200.jpg\" alt=\"\" width=\"300\" height=\"200\" \/><\/a><\/p>\n<p>&nbsp;<\/p>\n<p>&nbsp;<\/p>\n<p>&nbsp;<\/p>\n<p>&nbsp;<\/p>\n<p><strong><span style=\"color: #ff6600;\">Guy Piller<br \/><\/span><\/strong><a href=\"https:\/\/photofri.ch\/pcfwp\/wp-content\/uploads\/2023\/12\/4_Guy_IMG_1710-scaled.jpg\"><img loading=\"lazy\" decoding=\"async\" class=\"alignnone wp-image-9662 size-medium\" src=\"https:\/\/photofri.ch\/pcfwp\/wp-content\/uploads\/2023\/12\/4_Guy_IMG_1710-300x216.jpg\" alt=\"\" width=\"300\" height=\"216\" \/><\/a> <a href=\"https:\/\/photofri.ch\/pcfwp\/wp-content\/uploads\/2023\/12\/3_Guy_DSC_6816-scaled.jpg\"><img loading=\"lazy\" decoding=\"async\" class=\"alignnone wp-image-9661 size-medium\" src=\"https:\/\/photofri.ch\/pcfwp\/wp-content\/uploads\/2023\/12\/3_Guy_DSC_6816-300x199.jpg\" alt=\"\" width=\"300\" height=\"199\" \/><\/a> <a href=\"https:\/\/photofri.ch\/pcfwp\/wp-content\/uploads\/2023\/12\/2_Guy_DSC_7838-scaled.jpg\"><img loading=\"lazy\" decoding=\"async\" class=\"alignnone wp-image-9660 size-medium\" src=\"https:\/\/photofri.ch\/pcfwp\/wp-content\/uploads\/2023\/12\/2_Guy_DSC_7838-300x199.jpg\" alt=\"\" width=\"300\" height=\"199\" \/><\/a> <a href=\"https:\/\/photofri.ch\/pcfwp\/wp-content\/uploads\/2023\/12\/1_Guy_DSC_9479-scaled.jpg\"><img loading=\"lazy\" decoding=\"async\" class=\"alignnone wp-image-9659 size-medium\" src=\"https:\/\/photofri.ch\/pcfwp\/wp-content\/uploads\/2023\/12\/1_Guy_DSC_9479-300x201.jpg\" alt=\"\" width=\"300\" height=\"201\" \/><\/a><\/p>\n<p>[\/et_pb_text][\/et_pb_column][\/et_pb_row][\/et_pb_section]<\/p>\n","protected":false},"excerpt":{"rendered":"<p>La skyline \u2013 litt\u00e9ralement ligne de ciel \u2013 est associ\u00e9 \u00e0 la silhouette urbaine dessin\u00e9e sur l\u2019horizon par les constructions d\u2019une ville. Nous avons tous en t\u00eate la skyline de New York avec ses gratte-ciels de Manhattan qui se d\u00e9marquent du ciel.Nous \u00e9largissons la d\u00e9finition aux paysages, mais attention\u00a0: la skyline est le sujet principal [&hellip;]<\/p>\n","protected":false},"author":517,"featured_media":0,"comment_status":"closed","ping_status":"closed","sticky":false,"template":"","format":"standard","meta":{"_et_pb_use_builder":"on","_et_pb_old_content":"<p>La skyline \u2013 litt\u00e9ralement ligne de ciel \u2013 est associ\u00e9 \u00e0 la silhouette urbaine dessin\u00e9e sur l\u2019horizon par les constructions d\u2019une ville. Nous avons tous en t\u00eate la skyline de New York avec ses gratte-ciels de Manhattan qui se d\u00e9marquent du ciel.<br \/>Nous \u00e9largissons la d\u00e9finition aux paysages, mais attention\u00a0: la skyline est le sujet principal et pas la jolie fontaine de votre village au premier plan\u00a0! Cette ligne d\u2019horizon se veut bien d\u00e9marqu\u00e9e et traverse toute votre image\u00a0! Un plus si elle met en \u00e9vidence un b\u00e2timent ou une montagne embl\u00e9matique.<\/p><p><strong>A rendre : <\/strong>4 photos imprim\u00e9es sans passe-partout et la version num\u00e9rique par Swisstransfer ou Wetransfer \u00e0 Mathieu Ziegenhagen (<a href=\"mailto:info@mathieu.ziegenhagen.ch\">info@mathieu.ziegenhagen.ch<\/a>)<\/p><p><strong>Date du rendu : 4 mars 2024<\/strong><br \/><strong>Analyse\/Discussion : 18 mars 2024<\/strong><\/p><p>\u00a0<\/p><p>\u00a0<\/p><p><span style=\"color: #3366ff;\"><strong>Mathieu Ziegenhagen<\/strong><\/span><br \/><img class=\"alignnone size-medium wp-image-9667\" src=\"https:\/\/photofri.ch\/pcfwp\/wp-content\/uploads\/2023\/12\/Mathieu-Z_02-300x169.jpg\" alt=\"\" width=\"300\" height=\"169\" \/> <img class=\"alignnone size-medium wp-image-9669\" src=\"https:\/\/photofri.ch\/pcfwp\/wp-content\/uploads\/2023\/12\/Mathieu-Z_04-300x169.jpg\" alt=\"\" width=\"300\" height=\"169\" \/> <img class=\"alignnone size-medium wp-image-9659\" src=\"https:\/\/photofri.ch\/pcfwp\/wp-content\/uploads\/2023\/12\/1_Guy_DSC_9479-300x201.jpg\" alt=\"\" width=\"300\" height=\"201\" \/> <img class=\"alignnone size-medium wp-image-9660\" src=\"https:\/\/photofri.ch\/pcfwp\/wp-content\/uploads\/2023\/12\/2_Guy_DSC_7838-300x199.jpg\" alt=\"\" width=\"300\" height=\"199\" \/><\/p><p><strong><span style=\"color: #3366ff;\">Guy Piller<\/span><br \/><\/strong><img class=\"alignnone size-medium wp-image-9661\" src=\"https:\/\/photofri.ch\/pcfwp\/wp-content\/uploads\/2023\/12\/3_Guy_DSC_6816-300x199.jpg\" alt=\"\" width=\"300\" height=\"199\" \/> <img class=\"alignnone size-medium wp-image-9662\" src=\"https:\/\/photofri.ch\/pcfwp\/wp-content\/uploads\/2023\/12\/4_Guy_IMG_1710-300x216.jpg\" alt=\"\" width=\"300\" height=\"216\" \/><\/p><p><span style=\"color: #3366ff;\"><strong>Lucienne Mauron<\/strong><\/span><br \/><img class=\"size-medium wp-image-9663\" style=\"font-weight: bold;\" src=\"https:\/\/photofri.ch\/pcfwp\/wp-content\/uploads\/2023\/12\/Lucienne_DSC1210_ac_2160-300x200.jpg\" alt=\"\" width=\"300\" height=\"200\" \/> <img class=\"size-medium wp-image-9664\" style=\"font-weight: bold;\" src=\"https:\/\/photofri.ch\/pcfwp\/wp-content\/uploads\/2023\/12\/Lucienne_DSC4441_ac_2160-300x200.jpg\" alt=\"\" width=\"300\" height=\"200\" \/> <img class=\"size-medium wp-image-9665\" style=\"font-weight: bold;\" src=\"https:\/\/photofri.ch\/pcfwp\/wp-content\/uploads\/2023\/12\/Lucienne_DSC6469_ac_2160-300x200.jpg\" alt=\"\" width=\"300\" height=\"200\" \/> <img class=\"size-medium wp-image-9666\" style=\"font-weight: bold;\" src=\"https:\/\/photofri.ch\/pcfwp\/wp-content\/uploads\/2023\/12\/Lucienne_DSC7695_ac_2160-300x200.jpg\" alt=\"\" width=\"300\" height=\"200\" \/><\/p><p><span style=\"color: #3366ff;\"><strong>Olivier Studer<\/strong><\/span><br \/><img class=\"alignnone size-medium wp-image-9673\" src=\"https:\/\/photofri.ch\/pcfwp\/wp-content\/uploads\/2023\/12\/Olivier_Studer_4-1-300x200.jpg\" alt=\"\" width=\"300\" height=\"200\" \/> <img class=\"alignnone size-medium wp-image-9672\" src=\"https:\/\/photofri.ch\/pcfwp\/wp-content\/uploads\/2023\/12\/Olivier_Studer_3-1-300x200.jpg\" alt=\"\" width=\"300\" height=\"200\" \/> <img class=\"alignnone size-medium wp-image-9671\" src=\"https:\/\/photofri.ch\/pcfwp\/wp-content\/uploads\/2023\/12\/Olivier_Studer_2-1-300x200.jpg\" alt=\"\" width=\"300\" height=\"200\" \/> <img class=\"alignnone size-medium wp-image-9670\" src=\"https:\/\/photofri.ch\/pcfwp\/wp-content\/uploads\/2023\/12\/Olivier_Studer_1-1-300x201.jpg\" alt=\"\" width=\"300\" height=\"201\" \/><\/p><p><span style=\"color: #3366ff;\"><strong>Pierre Joye<\/strong><\/span><br \/><img class=\"alignnone size-medium wp-image-9674\" src=\"https:\/\/photofri.ch\/pcfwp\/wp-content\/uploads\/2023\/12\/Pierre-Joye-02_Fribourg-de-nuit-1-300x82.jpg\" alt=\"\" width=\"300\" height=\"82\" \/> <img class=\"alignnone size-medium wp-image-9675\" src=\"https:\/\/photofri.ch\/pcfwp\/wp-content\/uploads\/2023\/12\/Pierre-Joye-03_Fribourg-de-nuit-2-300x57.jpg\" alt=\"\" width=\"300\" height=\"57\" \/> <img class=\"alignnone size-medium wp-image-9676\" src=\"https:\/\/photofri.ch\/pcfwp\/wp-content\/uploads\/2023\/12\/Pierre-Joye-04_Gastlosen-lever-soleil-20.8.2023-6h05-300x80.jpg\" alt=\"\" width=\"300\" height=\"80\" \/> <img class=\"alignnone size-medium wp-image-9677\" src=\"https:\/\/photofri.ch\/pcfwp\/wp-content\/uploads\/2023\/12\/Pierre-Joye-01_De-lOberrugg-4-janvier-2021-copie-300x131.jpg\" alt=\"\" width=\"300\" height=\"131\" \/><\/p>","_et_gb_content_width":"","footnotes":""},"categories":[613],"tags":[],"class_list":["post-7938","post","type-post","status-publish","format-standard","hentry","category-themes-imposes-2024"],"_links":{"self":[{"href":"https:\/\/photofri.ch\/pcfwp\/wp-json\/wp\/v2\/posts\/7938","targetHints":{"allow":["GET"]}}],"collection":[{"href":"https:\/\/photofri.ch\/pcfwp\/wp-json\/wp\/v2\/posts"}],"about":[{"href":"https:\/\/photofri.ch\/pcfwp\/wp-json\/wp\/v2\/types\/post"}],"author":[{"embeddable":true,"href":"https:\/\/photofri.ch\/pcfwp\/wp-json\/wp\/v2\/users\/517"}],"replies":[{"embeddable":true,"href":"https:\/\/photofri.ch\/pcfwp\/wp-json\/wp\/v2\/comments?post=7938"}],"version-history":[{"count":26,"href":"https:\/\/photofri.ch\/pcfwp\/wp-json\/wp\/v2\/posts\/7938\/revisions"}],"predecessor-version":[{"id":9714,"href":"https:\/\/photofri.ch\/pcfwp\/wp-json\/wp\/v2\/posts\/7938\/revisions\/9714"}],"wp:attachment":[{"href":"https:\/\/photofri.ch\/pcfwp\/wp-json\/wp\/v2\/media?parent=7938"}],"wp:term":[{"taxonomy":"category","embeddable":true,"href":"https:\/\/photofri.ch\/pcfwp\/wp-json\/wp\/v2\/categories?post=7938"},{"taxonomy":"post_tag","embeddable":true,"href":"https:\/\/photofri.ch\/pcfwp\/wp-json\/wp\/v2\/tags?post=7938"}],"curies":[{"name":"wp","href":"https:\/\/api.w.org\/{rel}","templated":true}]}}