{"id":8849,"date":"2025-01-20T12:00:14","date_gmt":"2025-01-20T11:00:14","guid":{"rendered":"https:\/\/photofri.ch\/pcfwp\/?p=8849"},"modified":"2025-03-27T22:59:07","modified_gmt":"2025-03-27T21:59:07","slug":"theme-1-de-leau-sous-toutes-ses-formes","status":"publish","type":"post","link":"https:\/\/photofri.ch\/pcfwp\/theme-1-de-leau-sous-toutes-ses-formes\/","title":{"rendered":"Th\u00e8me 1 &#8211; De l\u2019eau sous toutes ses formes"},"content":{"rendered":"<p>[et_pb_section fb_built=\u00a0\u00bb1&Prime; admin_label=\u00a0\u00bbsection\u00a0\u00bb _builder_version=\u00a0\u00bb4.16&Prime; global_colors_info=\u00a0\u00bb{}\u00a0\u00bb][et_pb_row admin_label=\u00a0\u00bbrow\u00a0\u00bb _builder_version=\u00a0\u00bb4.16&Prime; background_size=\u00a0\u00bbinitial\u00a0\u00bb background_position=\u00a0\u00bbtop_left\u00a0\u00bb background_repeat=\u00a0\u00bbrepeat\u00a0\u00bb global_colors_info=\u00a0\u00bb{}\u00a0\u00bb][et_pb_column type=\u00a0\u00bb4_4&Prime; _builder_version=\u00a0\u00bb4.16&Prime; custom_padding=\u00a0\u00bb|||\u00a0\u00bb global_colors_info=\u00a0\u00bb{}\u00a0\u00bb custom_padding__hover=\u00a0\u00bb|||\u00a0\u00bb][et_pb_text admin_label=\u00a0\u00bbText\u00a0\u00bb _builder_version=\u00a0\u00bb4.16&Prime; background_size=\u00a0\u00bbinitial\u00a0\u00bb background_position=\u00a0\u00bbtop_left\u00a0\u00bb background_repeat=\u00a0\u00bbrepeat\u00a0\u00bb global_colors_info=\u00a0\u00bb{}\u00a0\u00bb]<\/p>\n<div>\n<p><span class=\" author-d-1gg9uz65z1iz85zgdz68zmqkz84zo2qowz81zz76zgz90zz86zln4z77zz90zz81zz72zz87zz122zz82z9fnc22ww3z79z3mz79zz76zz86zi\">Substance liquide, solide, gazeuse, vaporeuse\u2026 Le cycle de l\u2019eau se r\u00e9p\u00e8te \u00e0 perp\u00e9tuit\u00e9.<\/span><\/p>\n<\/div>\n<div>\n<p><span class=\" author-d-1gg9uz65z1iz85zgdz68zmqkz84zo2qowz81zz76zgz90zz86zln4z77zz90zz81zz72zz87zz122zz82z9fnc22ww3z79z3mz79zz76zz86zi\">Et vous, saurez-vous nous la fixer sur votre pellicule ?<\/span><\/p>\n<\/div>\n<div>\n<p><span class=\" author-d-1gg9uz65z1iz85zgdz68zmqkz84zo2qowz81zz76zgz90zz86zln4z77zz90zz81zz72zz87zz122zz82z9fnc22ww3z79z3mz79zz76zz86zi\">Partez \u00e0 sa d\u00e9couverte et assouvez notre soif d\u2019eau<\/span><\/p>\n<\/div>\n<div>\n<p><span class=\" author-d-1gg9uz65z1iz85zgdz68zmqkz84zo2qowz80ziz78zo2z69zz74zj79kz66zssz80zmz81zuz66z8bz79zz73z4ju1z122z5k4\"><b>A rendre :<\/b><\/span><span class=\" author-d-1gg9uz65z1iz85zgdz68zmqkz84zo2qowz80ziz78zo2z69zz74zj79kz66zssz80zmz81zuz66z8bz79zz73z4ju1z122z5k4\">\u00a04 photos imprim\u00e9es sans passe-partout et la version num\u00e9rique \u00e0 envoyer par Swisstransfer ou Wetransfer \u00e0 lucienne.mauron<\/span><span class=\" author-d-1gg9uz65z1iz85zgdz68zmqkz84zo2qowz81zz76zgz90zz86zln4z77zz90zz81zz72zz87zz122zz82z9fnc22ww3z79z3mz79zz76zz86zi\">[at]gmail.com<\/span><\/p>\n<p><strong>Date du rendu : 10 mars 2025<\/strong><\/p>\n<\/div>\n<p>[\/et_pb_text][\/et_pb_column][\/et_pb_row][\/et_pb_section][et_pb_section fb_built=\u00a0\u00bb1&Prime; _builder_version=\u00a0\u00bb4.27.4&Prime; _module_preset=\u00a0\u00bbdefault\u00a0\u00bb min_height=\u00a0\u00bb1827.4px\u00a0\u00bb global_colors_info=\u00a0\u00bb{}\u00a0\u00bb][et_pb_row _builder_version=\u00a0\u00bb4.27.4&Prime; _module_preset=\u00a0\u00bbdefault\u00a0\u00bb global_colors_info=\u00a0\u00bb{}\u00a0\u00bb][et_pb_column type=\u00a0\u00bb4_4&Prime; _builder_version=\u00a0\u00bb4.27.4&Prime; _module_preset=\u00a0\u00bbdefault\u00a0\u00bb global_colors_info=\u00a0\u00bb{}\u00a0\u00bb][et_pb_text _builder_version=\u00a0\u00bb4.27.4&Prime; _module_preset=\u00a0\u00bbdefault\u00a0\u00bb global_colors_info=\u00a0\u00bb{}\u00a0\u00bb]<\/p>\n<h4>Voici l\u2019image qui a totalis\u00e9 le plus de coups de c\u0153ur par les membres pr\u00e9sents lors de la soir\u00e9e du 24 mars 2025 \u2026<\/h4>\n<p>\u00a0<br \/><strong>Eric Nussbaumer<\/strong><\/p>\n<p>[\/et_pb_text][et_pb_image src=\u00a0\u00bbhttps:\/\/photofri.ch\/pcfwp\/wp-content\/uploads\/2025\/01\/Eric_Nussbaumer_04-scaled.jpg\u00a0\u00bb title_text=\u00a0\u00bbEric_Nussbaumer_04&Prime; _builder_version=\u00a0\u00bb4.27.4&Prime; _module_preset=\u00a0\u00bbdefault\u00a0\u00bb global_colors_info=\u00a0\u00bb{}\u00a0\u00bb][\/et_pb_image][et_pb_text _builder_version=\u00a0\u00bb4.27.4&Prime; _module_preset=\u00a0\u00bbdefault\u00a0\u00bb custom_padding=\u00a0\u00bb29px|||||\u00a0\u00bb global_colors_info=\u00a0\u00bb{}\u00a0\u00bb]<\/p>\n<h4>\u2026 et les images qui ont re\u00e7u un coup de c\u0153ur et plus.<\/p>\n<\/h4>\n<p>[\/et_pb_text][et_pb_gallery gallery_ids=\u00a0\u00bb9113,9112,9111,9110,9109,9108,9107,9106,9105,9104,9103&Prime; posts_number=\u00a0\u00bb12&Prime; _builder_version=\u00a0\u00bb4.27.4&Prime; _module_preset=\u00a0\u00bbdefault\u00a0\u00bb hover_enabled=\u00a0\u00bb0&Prime; global_colors_info=\u00a0\u00bb{}\u00a0\u00bb sticky_enabled=\u00a0\u00bb0&Prime;][\/et_pb_gallery][\/et_pb_column][\/et_pb_row][\/et_pb_section]<\/p>\n","protected":false},"excerpt":{"rendered":"<p>Substance liquide, solide, gazeuse, vaporeuse\u2026 Le cycle de l\u2019eau se r\u00e9p\u00e8te \u00e0 perp\u00e9tuit\u00e9. Et vous, saurez-vous nous la fixer sur votre pellicule ? Partez \u00e0 sa d\u00e9couverte et assouvez notre soif d\u2019eau A rendre :\u00a04 photos imprim\u00e9es sans passe-partout et la version num\u00e9rique \u00e0 envoyer par Swisstransfer ou Wetransfer \u00e0 lucienne.mauron[at]gmail.com Date du rendu : [&hellip;]<\/p>\n","protected":false},"author":511,"featured_media":0,"comment_status":"closed","ping_status":"closed","sticky":false,"template":"","format":"standard","meta":{"_et_pb_use_builder":"on","_et_pb_old_content":"<div>\r\n\r\n<span class=\" author-d-1gg9uz65z1iz85zgdz68zmqkz84zo2qowz81zz76zgz90zz86zln4z77zz90zz81zz72zz87zz122zz82z9fnc22ww3z79z3mz79zz76zz86zi\">Substance liquide, solide, gazeuse, vaporeuse\u2026 Le cycle de l\u2019eau se r\u00e9p\u00e8te \u00e0 perp\u00e9tuit\u00e9.<\/span>\r\n\r\n<\/div>\r\n<div>\r\n\r\n<span class=\" author-d-1gg9uz65z1iz85zgdz68zmqkz84zo2qowz81zz76zgz90zz86zln4z77zz90zz81zz72zz87zz122zz82z9fnc22ww3z79z3mz79zz76zz86zi\">Et vous, saurez-vous nous la fixer sur votre pellicule ?<\/span>\r\n\r\n<\/div>\r\n<div>\r\n\r\n<span class=\" author-d-1gg9uz65z1iz85zgdz68zmqkz84zo2qowz81zz76zgz90zz86zln4z77zz90zz81zz72zz87zz122zz82z9fnc22ww3z79z3mz79zz76zz86zi\">Partez \u00e0 sa d\u00e9couverte et assouvez notre soif d\u2019eau<\/span>\r\n\r\n<\/div>\r\n<div>\r\n\r\n<span class=\" author-d-1gg9uz65z1iz85zgdz68zmqkz84zo2qowz80ziz78zo2z69zz74zj79kz66zssz80zmz81zuz66z8bz79zz73z4ju1z122z5k4\"><b>A rendre :<\/b><\/span><span class=\" author-d-1gg9uz65z1iz85zgdz68zmqkz84zo2qowz80ziz78zo2z69zz74zj79kz66zssz80zmz81zuz66z8bz79zz73z4ju1z122z5k4\">\u00a04 photos imprim\u00e9es sans passe-partout et la version num\u00e9rique \u00e0 envoyer par Swisstransfer ou Wetransfer \u00e0 lucienne.mauron<\/span><span class=\" author-d-1gg9uz65z1iz85zgdz68zmqkz84zo2qowz81zz76zgz90zz86zln4z77zz90zz81zz72zz87zz122zz82z9fnc22ww3z79z3mz79zz76zz86zi\">[at]gmail.com<\/span>\r\n\r\n<strong>Date du rendu : 10 mars 2025<\/strong>\r\n\r\n<\/div>","_et_gb_content_width":"","footnotes":""},"categories":[621],"tags":[],"class_list":["post-8849","post","type-post","status-publish","format-standard","hentry","category-themes-imposes-2025"],"_links":{"self":[{"href":"https:\/\/photofri.ch\/pcfwp\/wp-json\/wp\/v2\/posts\/8849","targetHints":{"allow":["GET"]}}],"collection":[{"href":"https:\/\/photofri.ch\/pcfwp\/wp-json\/wp\/v2\/posts"}],"about":[{"href":"https:\/\/photofri.ch\/pcfwp\/wp-json\/wp\/v2\/types\/post"}],"author":[{"embeddable":true,"href":"https:\/\/photofri.ch\/pcfwp\/wp-json\/wp\/v2\/users\/511"}],"replies":[{"embeddable":true,"href":"https:\/\/photofri.ch\/pcfwp\/wp-json\/wp\/v2\/comments?post=8849"}],"version-history":[{"count":19,"href":"https:\/\/photofri.ch\/pcfwp\/wp-json\/wp\/v2\/posts\/8849\/revisions"}],"predecessor-version":[{"id":9150,"href":"https:\/\/photofri.ch\/pcfwp\/wp-json\/wp\/v2\/posts\/8849\/revisions\/9150"}],"wp:attachment":[{"href":"https:\/\/photofri.ch\/pcfwp\/wp-json\/wp\/v2\/media?parent=8849"}],"wp:term":[{"taxonomy":"category","embeddable":true,"href":"https:\/\/photofri.ch\/pcfwp\/wp-json\/wp\/v2\/categories?post=8849"},{"taxonomy":"post_tag","embeddable":true,"href":"https:\/\/photofri.ch\/pcfwp\/wp-json\/wp\/v2\/tags?post=8849"}],"curies":[{"name":"wp","href":"https:\/\/api.w.org\/{rel}","templated":true}]}}