{"id":8853,"date":"2025-01-20T10:00:10","date_gmt":"2025-01-20T09:00:10","guid":{"rendered":"https:\/\/photofri.ch\/pcfwp\/?p=8853"},"modified":"2025-09-29T11:17:37","modified_gmt":"2025-09-29T09:17:37","slug":"theme-3-photo-entre-midi-et-13-heures-en-plein-soleil","status":"publish","type":"post","link":"https:\/\/photofri.ch\/pcfwp\/theme-3-photo-entre-midi-et-13-heures-en-plein-soleil\/","title":{"rendered":"Th\u00e8me 3 &#8211; Photo entre midi et 13 heures en plein soleil"},"content":{"rendered":"<p>[et_pb_section fb_built=\u00a0\u00bb1&Prime; _builder_version=\u00a0\u00bb4.16&Prime; global_colors_info=\u00a0\u00bb{}\u00a0\u00bb][et_pb_row _builder_version=\u00a0\u00bb4.16&Prime; background_size=\u00a0\u00bbinitial\u00a0\u00bb background_position=\u00a0\u00bbtop_left\u00a0\u00bb background_repeat=\u00a0\u00bbrepeat\u00a0\u00bb global_colors_info=\u00a0\u00bb{}\u00a0\u00bb][et_pb_column type=\u00a0\u00bb4_4&Prime; _builder_version=\u00a0\u00bb4.16&Prime; custom_padding=\u00a0\u00bb|||\u00a0\u00bb global_colors_info=\u00a0\u00bb{}\u00a0\u00bb custom_padding__hover=\u00a0\u00bb|||\u00a0\u00bb][et_pb_text _builder_version=\u00a0\u00bb4.16&Prime; background_size=\u00a0\u00bbinitial\u00a0\u00bb background_position=\u00a0\u00bbtop_left\u00a0\u00bb background_repeat=\u00a0\u00bbrepeat\u00a0\u00bb global_colors_info=\u00a0\u00bb{}\u00a0\u00bb]<\/p>\n<div>Vous avez l\u2019habitude de vous lever t\u00f4t le matin pour profiter d\u2019une douce lumi\u00e8re, ou de vous coucher tard pour contempler un magnifique coucher de soleil. Mais vous ne savez quoi faire en journ\u00e9e. Vous avez de la chance, car pour ce th\u00e8me impos\u00e9, nous demandons de r\u00e9aliser des photos en milieu de journ\u00e9e <span class=\" h-lparen\">(11h<\/span> \u00e0 14h) et par un temps bien ensoleill\u00e9. Profiter ce cette lumi\u00e8re particuli\u00e8re pour exp\u00e9rimenter une autre approche, jouer avec des ombres, donner une ambiance particuli\u00e8re \u00e0 vos images.<\/div>\n<div>En cas de doute, nous demanderons les EXIF de la photo.<\/div>\n<div>4 images \u00e0 rendre au format <span class=\"highlight\" data-highlight-color=\"#D6E8FA\">num\u00e9rique<\/span> <span class=\"highlight h-lparen\" data-highlight-color=\"#D6E8FA\">(3840\/2160)\/papier<\/span> <span class=\"highlight h-lparen\" data-highlight-color=\"#D6E8FA\">(20\/30<\/span><span class=\"highlight\" data-highlight-color=\"#D6E8FA\"> cm sans passe-partout)<\/span>.<\/div>\n<div>Envoyer les images \u00e0 <a href=\"mailto:ca@photofri.ch\">ca@photofri.ch<\/a> jusqu\u2019au 08<span class=\"highlight\" data-highlight-color=\"#D6E8FA\">.09<\/span>.2025<\/div>\n<div>Rendu des images papier le 22<span class=\"highlight\" data-highlight-color=\"#D6E8FA\">.09<\/span>.2025<\/div>\n<p>[\/et_pb_text][\/et_pb_column][\/et_pb_row][\/et_pb_section][et_pb_section fb_built=\u00a0\u00bb1&Prime; _builder_version=\u00a0\u00bb4.27.4&Prime; _module_preset=\u00a0\u00bbdefault\u00a0\u00bb global_colors_info=\u00a0\u00bb{}\u00a0\u00bb][et_pb_row _builder_version=\u00a0\u00bb4.27.4&Prime; _module_preset=\u00a0\u00bbdefault\u00a0\u00bb global_colors_info=\u00a0\u00bb{}\u00a0\u00bb][et_pb_column type=\u00a0\u00bb4_4&Prime; _builder_version=\u00a0\u00bb4.27.4&Prime; _module_preset=\u00a0\u00bbdefault\u00a0\u00bb global_colors_info=\u00a0\u00bb{}\u00a0\u00bb][et_pb_text _builder_version=\u00a0\u00bb4.27.4&Prime; _module_preset=\u00a0\u00bbdefault\u00a0\u00bb global_colors_info=\u00a0\u00bb{}\u00a0\u00bb]<\/p>\n<h4>Voici l\u2019image qui a totalis\u00e9 le plus de coups de c\u0153ur par les membres pr\u00e9sents lors de la soir\u00e9e du 22 septembre 2025 \u2026<\/h4>\n<p><strong>Eric Chatelan<\/strong><\/p>\n<p>[\/et_pb_text][et_pb_image src=\u00a0\u00bbhttps:\/\/photofri.ch\/pcfwp\/wp-content\/uploads\/2025\/01\/Eric_Chatelain_Theme_impose_N\u00b03_04_Numerique-scaled.jpg\u00a0\u00bb title_text=\u00a0\u00bbEric_Chatelain_Th\u00e8me_impos\u00e9_N\u00b03_04_Num\u00e9rique\u00a0\u00bb _builder_version=\u00a0\u00bb4.27.4&Prime; _module_preset=\u00a0\u00bbdefault\u00a0\u00bb global_colors_info=\u00a0\u00bb{}\u00a0\u00bb][\/et_pb_image][et_pb_text _builder_version=\u00a0\u00bb4.27.4&Prime; _module_preset=\u00a0\u00bbdefault\u00a0\u00bb global_colors_info=\u00a0\u00bb{}\u00a0\u00bb]<\/p>\n<h4>\u00a0<\/h4>\n<h4>\u2026 et les images qui ont re\u00e7u un coup de c\u0153ur et plus.<\/h4>\n<p>[\/et_pb_text][et_pb_gallery gallery_ids=\u00a0\u00bb9274,9273,9272,9271,9270,9269,9268,9267&Prime; posts_number=\u00a0\u00bb8&Prime; _builder_version=\u00a0\u00bb4.27.4&Prime; _module_preset=\u00a0\u00bbdefault\u00a0\u00bb global_colors_info=\u00a0\u00bb{}\u00a0\u00bb][\/et_pb_gallery][\/et_pb_column][\/et_pb_row][\/et_pb_section]<\/p>\n","protected":false},"excerpt":{"rendered":"<p>Vous avez l\u2019habitude de vous lever t\u00f4t le matin pour profiter d\u2019une douce lumi\u00e8re, ou de vous coucher tard pour contempler un magnifique coucher de soleil. Mais vous ne savez quoi faire en journ\u00e9e. Vous avez de la chance, car pour ce th\u00e8me impos\u00e9, nous demandons de r\u00e9aliser des photos en milieu de journ\u00e9e (11h [&hellip;]<\/p>\n","protected":false},"author":511,"featured_media":0,"comment_status":"closed","ping_status":"closed","sticky":false,"template":"","format":"standard","meta":{"_et_pb_use_builder":"on","_et_pb_old_content":"<div>Vous avez l\u2019habitude de vous lever t\u00f4t le matin pour profiter d\u2019une douce lumi\u00e8re, ou de vous coucher tard pour contempler un magnifique coucher de soleil. Mais vous ne savez quoi faire en journ\u00e9e. Vous avez de la chance, car pour ce th\u00e8me impos\u00e9, nous demandons de r\u00e9aliser des photos en milieu de journ\u00e9e <span class=\" h-lparen\">(11h<\/span> \u00e0 14h) et par un temps bien ensoleill\u00e9. Profiter ce cette lumi\u00e8re particuli\u00e8re pour exp\u00e9rimenter une autre approche, jouer avec des ombres, donner une ambiance particuli\u00e8re \u00e0 vos images.<\/div><div>En cas de doute, nous demanderons les EXIF de la photo.<\/div><div>4 images \u00e0 rendre au format <span class=\"highlight\" data-highlight-color=\"#D6E8FA\">num\u00e9rique<\/span> <span class=\"highlight h-lparen\" data-highlight-color=\"#D6E8FA\">(3840\/2160)\/papier<\/span> <span class=\"highlight h-lparen\" data-highlight-color=\"#D6E8FA\">(20\/30<\/span><span class=\"highlight\" data-highlight-color=\"#D6E8FA\"> cm sans passe-partout)<\/span>.<\/div><div>Envoyer les images \u00e0 info[at]mathieuziegenhagen.ch jusqu\u2019au <span class=\"highlight\" data-highlight-color=\"#D6E8FA\">xx.xx<\/span>.2025<\/div><div>Rendu des images papier le <span class=\"highlight\" data-highlight-color=\"#D6E8FA\">xx.xx<\/span>.2025<\/div>","_et_gb_content_width":"","footnotes":""},"categories":[621],"tags":[],"class_list":["post-8853","post","type-post","status-publish","format-standard","hentry","category-themes-imposes-2025"],"_links":{"self":[{"href":"https:\/\/photofri.ch\/pcfwp\/wp-json\/wp\/v2\/posts\/8853","targetHints":{"allow":["GET"]}}],"collection":[{"href":"https:\/\/photofri.ch\/pcfwp\/wp-json\/wp\/v2\/posts"}],"about":[{"href":"https:\/\/photofri.ch\/pcfwp\/wp-json\/wp\/v2\/types\/post"}],"author":[{"embeddable":true,"href":"https:\/\/photofri.ch\/pcfwp\/wp-json\/wp\/v2\/users\/511"}],"replies":[{"embeddable":true,"href":"https:\/\/photofri.ch\/pcfwp\/wp-json\/wp\/v2\/comments?post=8853"}],"version-history":[{"count":15,"href":"https:\/\/photofri.ch\/pcfwp\/wp-json\/wp\/v2\/posts\/8853\/revisions"}],"predecessor-version":[{"id":9323,"href":"https:\/\/photofri.ch\/pcfwp\/wp-json\/wp\/v2\/posts\/8853\/revisions\/9323"}],"wp:attachment":[{"href":"https:\/\/photofri.ch\/pcfwp\/wp-json\/wp\/v2\/media?parent=8853"}],"wp:term":[{"taxonomy":"category","embeddable":true,"href":"https:\/\/photofri.ch\/pcfwp\/wp-json\/wp\/v2\/categories?post=8853"},{"taxonomy":"post_tag","embeddable":true,"href":"https:\/\/photofri.ch\/pcfwp\/wp-json\/wp\/v2\/tags?post=8853"}],"curies":[{"name":"wp","href":"https:\/\/api.w.org\/{rel}","templated":true}]}}