{"id":8855,"date":"2025-01-20T09:00:23","date_gmt":"2025-01-20T08:00:23","guid":{"rendered":"https:\/\/photofri.ch\/pcfwp\/?p=8855"},"modified":"2025-10-29T19:03:07","modified_gmt":"2025-10-29T18:03:07","slug":"theme-4-realiser-une-exposition-multiple","status":"publish","type":"post","link":"https:\/\/photofri.ch\/pcfwp\/theme-4-realiser-une-exposition-multiple\/","title":{"rendered":"Th\u00e8me 4 &#8211; R\u00e9aliser une exposition multiple"},"content":{"rendered":"<div>Lib\u00e9rez votre cr\u00e9ativit\u00e9 en r\u00e9alisant une photo avec exposition multiple. Surprenez-nous avec votre talent et votre imagination d\u00e9bordante\u2026 dans le choix de votre sujet et dans la r\u00e9alisation.<\/div>\n<div>Vous \u00eates absolument libre dans le choix de vos outils <span class=\" h-lparen\">(in-camera<\/span> ou photo montage) mais c\u2019est vous l\u2019auteur des photos et vous devez \u00eatre capable d\u2019expliquer votre d\u00e9marche.<\/div>\n<div><strong>Rendu le 10 novembre 2025<\/strong>\u00a0des 4\u00a0images au format num\u00e9rique <span class=\" h-lparen\">(3840\/2160)<\/span> \/ papier max 20\/30 sans passe-partout.<\/div>\n<div>Discussion: 24 novembre 2025<\/div>\n<div><span class=\" author-d-iz88z86z86za0dz67zz78zz78zz74zz68zjz80zz71z9iz90z9fdz89zrbz84zz80zsz87zrz90zfz71zz83zz72zyj2z66zz77zbz72zz75zz73zz86zuez71zz83zl\">Envoyer les images num\u00e9rique \u00e0 ca@photofri.ch jusqu\u2019au <strong>22 novembre 2025 minuit<\/strong><\/span><\/div>\n<p><span class=\" author-d-1gg9uz65z1iz85zgdz68zmqkz84zo2qoxwz83zz75zz83zbxitz66zz76zz72zc6xz82zz88z72sa1nz70zvez66zz88zdz76zz72zw url\"><a class=\"dynamiclink\" href=\"https:\/\/photofri.ch\/pcfwp\/wp-content\/uploads\/2025\/05\/PCF-recommandation-beamer.pdf\" target=\"_blank\" rel=\"noopener\">https:\/\/photofri.ch\/pcfwp\/wp-content\/uploads\/2025\/05\/PCF-recommandation-beamer.pdf<\/a><\/span><\/p>\n","protected":false},"excerpt":{"rendered":"<p>Lib\u00e9rez votre cr\u00e9ativit\u00e9 en r\u00e9alisant une photo avec exposition multiple. Surprenez-nous avec votre talent et votre imagination d\u00e9bordante\u2026 dans le choix de votre sujet et dans la r\u00e9alisation. Vous \u00eates absolument libre dans le choix de vos outils (in-camera ou photo montage) mais c\u2019est vous l\u2019auteur des photos et vous devez \u00eatre capable d\u2019expliquer votre [&hellip;]<\/p>\n","protected":false},"author":511,"featured_media":0,"comment_status":"closed","ping_status":"closed","sticky":false,"template":"","format":"standard","meta":{"_et_pb_use_builder":"off","_et_pb_old_content":"","_et_gb_content_width":"","footnotes":""},"categories":[621],"tags":[],"class_list":["post-8855","post","type-post","status-publish","format-standard","hentry","category-themes-imposes-2025"],"_links":{"self":[{"href":"https:\/\/photofri.ch\/pcfwp\/wp-json\/wp\/v2\/posts\/8855","targetHints":{"allow":["GET"]}}],"collection":[{"href":"https:\/\/photofri.ch\/pcfwp\/wp-json\/wp\/v2\/posts"}],"about":[{"href":"https:\/\/photofri.ch\/pcfwp\/wp-json\/wp\/v2\/types\/post"}],"author":[{"embeddable":true,"href":"https:\/\/photofri.ch\/pcfwp\/wp-json\/wp\/v2\/users\/511"}],"replies":[{"embeddable":true,"href":"https:\/\/photofri.ch\/pcfwp\/wp-json\/wp\/v2\/comments?post=8855"}],"version-history":[{"count":6,"href":"https:\/\/photofri.ch\/pcfwp\/wp-json\/wp\/v2\/posts\/8855\/revisions"}],"predecessor-version":[{"id":9500,"href":"https:\/\/photofri.ch\/pcfwp\/wp-json\/wp\/v2\/posts\/8855\/revisions\/9500"}],"wp:attachment":[{"href":"https:\/\/photofri.ch\/pcfwp\/wp-json\/wp\/v2\/media?parent=8855"}],"wp:term":[{"taxonomy":"category","embeddable":true,"href":"https:\/\/photofri.ch\/pcfwp\/wp-json\/wp\/v2\/categories?post=8855"},{"taxonomy":"post_tag","embeddable":true,"href":"https:\/\/photofri.ch\/pcfwp\/wp-json\/wp\/v2\/tags?post=8855"}],"curies":[{"name":"wp","href":"https:\/\/api.w.org\/{rel}","templated":true}]}}