{"id":9644,"date":"2026-01-22T09:56:53","date_gmt":"2026-01-22T08:56:53","guid":{"rendered":"https:\/\/photofri.ch\/pcfwp\/?p=9644"},"modified":"2026-06-30T09:37:00","modified_gmt":"2026-06-30T09:37:00","slug":"theme-1-une-image-que-lon-peut-tourner-dans-les-4-sens","status":"publish","type":"post","link":"https:\/\/photofri.ch\/pcfwp\/theme-1-une-image-que-lon-peut-tourner-dans-les-4-sens\/","title":{"rendered":"Th\u00e8me 1 &#8211; Une image que l\u2019on peut tourner dans les 4 sens"},"content":{"rendered":"<p>[et_pb_section fb_built=\u00a0\u00bb1&Prime; admin_label=\u00a0\u00bbsection\u00a0\u00bb _builder_version=\u00a0\u00bb4.16&Prime; global_colors_info=\u00a0\u00bb{}\u00a0\u00bb][et_pb_row admin_label=\u00a0\u00bbrow\u00a0\u00bb _builder_version=\u00a0\u00bb4.16&Prime; background_size=\u00a0\u00bbinitial\u00a0\u00bb background_position=\u00a0\u00bbtop_left\u00a0\u00bb background_repeat=\u00a0\u00bbrepeat\u00a0\u00bb global_colors_info=\u00a0\u00bb{}\u00a0\u00bb][et_pb_column type=\u00a0\u00bb4_4&Prime; _builder_version=\u00a0\u00bb4.16&Prime; custom_padding=\u00a0\u00bb|||\u00a0\u00bb global_colors_info=\u00a0\u00bb{}\u00a0\u00bb custom_padding__hover=\u00a0\u00bb|||\u00a0\u00bb][et_pb_text admin_label=\u00a0\u00bbText\u00a0\u00bb _builder_version=\u00a0\u00bb4.16&Prime; background_size=\u00a0\u00bbinitial\u00a0\u00bb background_position=\u00a0\u00bbtop_left\u00a0\u00bb background_repeat=\u00a0\u00bbrepeat\u00a0\u00bb global_colors_info=\u00a0\u00bb{}\u00a0\u00bb]<strong>Soir\u00e9e du 20 avril 2026<\/strong><\/p>\n<p>Embarquez dans une aventure visuelle captivante o\u00f9 chaque image se r\u00e9v\u00e8le sous tous les angles. Le d\u00e9fi ? Cr\u00e9er une image qui fonctionne parfaitement, peu importe comment on la tourne : \u00e0 l\u2019endroit, \u00e0 l\u2019envers, sur le c\u00f4t\u00e9 gauche ou droit.<\/p>\n<p>Rendu des images papier le\u00a023\u00a0mars\u00a02026\u00a0(possible\u00a0le soir m\u00eame, mais avant 20h), le format max est 20\/30cm et sans passe partout.<\/p>\n<p>Envoyer les images num\u00e9riques \u00e0\u00a0<a href=\"mailto:ca@photofri.ch\">ca@photofri.ch<\/a>\u00a0jusqu\u2019au\u00a013\u00a0avril\u00a02026 selon les recommandations(<a href=\"https:\/\/photofri.ch\/pcfwp\/wp-content\/uploads\/2025\/08\/PCF-recommandation-beamer.pdf\">https:\/\/photofri.ch\/pcfwp\/wp-content\/uploads\/2025\/08\/PCF-recommandation-beamer.pdf<\/a>)\u00a0les images qui ne les respectes pas seront rejet\u00e9es.[\/et_pb_text][\/et_pb_column][\/et_pb_row][\/et_pb_section][et_pb_section fb_built=\u00a0\u00bb1&Prime; _builder_version=\u00a0\u00bb4.27.6&Prime; _module_preset=\u00a0\u00bbdefault\u00a0\u00bb global_colors_info=\u00a0\u00bb{}\u00a0\u00bb][et_pb_row _builder_version=\u00a0\u00bb4.27.6&Prime; _module_preset=\u00a0\u00bbdefault\u00a0\u00bb global_colors_info=\u00a0\u00bb{}\u00a0\u00bb][et_pb_column type=\u00a0\u00bb4_4&Prime; _builder_version=\u00a0\u00bb4.27.6&Prime; _module_preset=\u00a0\u00bbdefault\u00a0\u00bb global_colors_info=\u00a0\u00bb{}\u00a0\u00bb][et_pb_text _builder_version=\u00a0\u00bb4.27.6&Prime; _module_preset=\u00a0\u00bbdefault\u00a0\u00bb global_colors_info=\u00a0\u00bb{}\u00a0\u00bb min_height=\u00a0\u00bb42px\u00a0\u00bb]<\/p>\n<h4>Voici l\u2019image qui a totalis\u00e9 le plus de coups de c\u0153ur par les membres pr\u00e9sents lors de la soir\u00e9e du 22 septembre 2025 \u2026<\/h4>\n<h3><\/h3>\n<h4><strong>Emile Birbaum<\/strong><\/h4>\n<p>[\/et_pb_text][\/et_pb_column][\/et_pb_row][et_pb_row _builder_version=\u00a0\u00bb4.27.6&Prime; _module_preset=\u00a0\u00bbdefault\u00a0\u00bb global_colors_info=\u00a0\u00bb{}\u00a0\u00bb][et_pb_column type=\u00a0\u00bb4_4&Prime; _builder_version=\u00a0\u00bb4.27.6&Prime; _module_preset=\u00a0\u00bbdefault\u00a0\u00bb global_colors_info=\u00a0\u00bb{}\u00a0\u00bb][et_pb_image src=\u00a0\u00bbhttps:\/\/photofri.ch\/pcfwp\/wp-content\/uploads\/2026\/06\/emile_th1_2.jpg\u00a0\u00bb title_text=\u00a0\u00bbemile_th1_2&Prime; _builder_version=\u00a0\u00bb4.27.6&Prime; _module_preset=\u00a0\u00bbdefault\u00a0\u00bb global_colors_info=\u00a0\u00bb{}\u00a0\u00bb][\/et_pb_image][\/et_pb_column][\/et_pb_row][et_pb_row _builder_version=\u00a0\u00bb4.27.6&Prime; _module_preset=\u00a0\u00bbdefault\u00a0\u00bb global_colors_info=\u00a0\u00bb{}\u00a0\u00bb min_height=\u00a0\u00bb49px\u00a0\u00bb][et_pb_column type=\u00a0\u00bb4_4&Prime; _builder_version=\u00a0\u00bb4.27.6&Prime; _module_preset=\u00a0\u00bbdefault\u00a0\u00bb global_colors_info=\u00a0\u00bb{}\u00a0\u00bb][et_pb_text _builder_version=\u00a0\u00bb4.27.6&Prime; _module_preset=\u00a0\u00bbdefault\u00a0\u00bb global_colors_info=\u00a0\u00bb{}\u00a0\u00bb custom_margin=\u00a0\u00bb||-56px|||\u00a0\u00bb]<\/p>\n<h4>\u2026 et les images qui ont re\u00e7u un coup de c\u0153ur et plus.<\/h4>\n<p>[\/et_pb_text][\/et_pb_column][\/et_pb_row][et_pb_row _builder_version=\u00a0\u00bb4.27.6&Prime; _module_preset=\u00a0\u00bbdefault\u00a0\u00bb global_colors_info=\u00a0\u00bb{}\u00a0\u00bb][et_pb_column type=\u00a0\u00bb4_4&Prime; _builder_version=\u00a0\u00bb4.27.6&Prime; _module_preset=\u00a0\u00bbdefault\u00a0\u00bb global_colors_info=\u00a0\u00bb{}\u00a0\u00bb][et_pb_gallery gallery_ids=\u00a0\u00bb10013,10014,10015,10016,10017,10018,10019,10020,10021,10022,10023&Prime; posts_number=\u00a0\u00bb12&Prime; _builder_version=\u00a0\u00bb4.27.6&Prime; _module_preset=\u00a0\u00bbdefault\u00a0\u00bb global_colors_info=\u00a0\u00bb{}\u00a0\u00bb][\/et_pb_gallery][\/et_pb_column][\/et_pb_row][\/et_pb_section]<\/p>\n","protected":false},"excerpt":{"rendered":"<p>Soir\u00e9e du 20 avril 2026 Embarquez dans une aventure visuelle captivante o\u00f9 chaque image se r\u00e9v\u00e8le sous tous les angles. Le d\u00e9fi ? Cr\u00e9er une image qui fonctionne parfaitement, peu importe comment on la tourne : \u00e0 l\u2019endroit, \u00e0 l\u2019envers, sur le c\u00f4t\u00e9 gauche ou droit. Rendu des images papier le\u00a023\u00a0mars\u00a02026\u00a0(possible\u00a0le soir m\u00eame, mais avant [&hellip;]<\/p>\n","protected":false},"author":517,"featured_media":0,"comment_status":"closed","ping_status":"closed","sticky":false,"template":"","format":"standard","meta":{"_et_pb_use_builder":"on","_et_pb_old_content":"<strong>Soir\u00e9e du 20 avril 2026<\/strong>\r\n\r\nEmbarquez dans une aventure visuelle captivante o\u00f9 chaque image se r\u00e9v\u00e8le sous tous les angles. Le d\u00e9fi ? Cr\u00e9er une image qui fonctionne parfaitement, peu importe comment on la tourne : \u00e0 l\u2019endroit, \u00e0 l\u2019envers, sur le c\u00f4t\u00e9 gauche ou droit.\r\n\r\nRendu des images papier le\u00a023\u00a0mars\u00a02026\u00a0(possible\u00a0le soir m\u00eame, mais avant 20h), le format max est 20\/30cm et sans passe partout.\r\n\r\nEnvoyer les images num\u00e9riques \u00e0\u00a0<a href=\"mailto:ca@photofri.ch\">ca@photofri.ch<\/a>\u00a0jusqu\u2019au\u00a013\u00a0avril\u00a02026 selon les recommandations(<a href=\"https:\/\/photofri.ch\/pcfwp\/wp-content\/uploads\/2025\/08\/PCF-recommandation-beamer.pdf\">https:\/\/photofri.ch\/pcfwp\/wp-content\/uploads\/2025\/08\/PCF-recommandation-beamer.pdf<\/a>)\u00a0les images qui ne les respectes pas seront rejet\u00e9es.","_et_gb_content_width":"","footnotes":""},"categories":[625],"tags":[],"class_list":["post-9644","post","type-post","status-publish","format-standard","hentry","category-themes-imposes-2026"],"_links":{"self":[{"href":"https:\/\/photofri.ch\/pcfwp\/wp-json\/wp\/v2\/posts\/9644","targetHints":{"allow":["GET"]}}],"collection":[{"href":"https:\/\/photofri.ch\/pcfwp\/wp-json\/wp\/v2\/posts"}],"about":[{"href":"https:\/\/photofri.ch\/pcfwp\/wp-json\/wp\/v2\/types\/post"}],"author":[{"embeddable":true,"href":"https:\/\/photofri.ch\/pcfwp\/wp-json\/wp\/v2\/users\/517"}],"replies":[{"embeddable":true,"href":"https:\/\/photofri.ch\/pcfwp\/wp-json\/wp\/v2\/comments?post=9644"}],"version-history":[{"count":5,"href":"https:\/\/photofri.ch\/pcfwp\/wp-json\/wp\/v2\/posts\/9644\/revisions"}],"predecessor-version":[{"id":10041,"href":"https:\/\/photofri.ch\/pcfwp\/wp-json\/wp\/v2\/posts\/9644\/revisions\/10041"}],"wp:attachment":[{"href":"https:\/\/photofri.ch\/pcfwp\/wp-json\/wp\/v2\/media?parent=9644"}],"wp:term":[{"taxonomy":"category","embeddable":true,"href":"https:\/\/photofri.ch\/pcfwp\/wp-json\/wp\/v2\/categories?post=9644"},{"taxonomy":"post_tag","embeddable":true,"href":"https:\/\/photofri.ch\/pcfwp\/wp-json\/wp\/v2\/tags?post=9644"}],"curies":[{"name":"wp","href":"https:\/\/api.w.org\/{rel}","templated":true}]}}