{"id":9646,"date":"2026-01-22T09:55:46","date_gmt":"2026-01-22T08:55:46","guid":{"rendered":"https:\/\/photofri.ch\/pcfwp\/?p=9646"},"modified":"2026-05-28T19:16:39","modified_gmt":"2026-05-28T19:16:39","slug":"theme-2-le-nez-en-lair-ne-pas-voir-lhorizon","status":"publish","type":"post","link":"https:\/\/photofri.ch\/pcfwp\/theme-2-le-nez-en-lair-ne-pas-voir-lhorizon\/","title":{"rendered":"Th\u00e8me 2 &#8211; Le nez en l\u2019air (ne pas voir l\u2019horizon)"},"content":{"rendered":"<p><strong>Soir\u00e9e du\u00a015 juin 2026<\/strong><\/p>\n<p>Voil\u00e0 une occasion de sortir de votre zone de confort : le but de l\u2019exercice est de photographier en ayant le nez en l\u2019air pour vous faire d\u00e9couvrir des angles inattendus et insolites. Cela peut \u00eatre un b\u00e2timent, un paysage, un objet ou une personne, peut importe : l\u2019important est qu\u2019il n\u2019y ait pas de ligne d\u2019horizon dans votre photo. Cela vous permettra \u00e9galement d\u2019apprendre \u00e0 regarder le monde qui vous entoure au lieu de simplement le voir.<\/p>\n<div>\n<p>NOUVEAU : <span class=\" author-d-iz88z86z86za0dz67zz78zz78zz74zz68zjz80zz71z9iz90z9fdz88zz80zz88zmz83zz88zz88zcz68zq4lz69zbeqcnz81zxz66zz67zhnpz66zbz74z\">Pr\u00e9sence d&rsquo;un photographe professionnel (Romano Rideo) pour commenter les images.<\/span><\/p>\n<p><strong>Rendu des 2 images :<\/strong><\/p>\n<p><strong>Envoyer les 2 images num\u00e9riques \u00e0 <a href=\"mailto:ca@photofri.ch\">ca@photofri.ch<\/a> jusqu\u2019au\u00a013\u00a0juin\u00a02026<br \/>\n<\/strong>selon les recommandations (<a href=\"https:\/\/photofri.ch\/pcfwp\/wp-content\/uploads\/2025\/08\/PCF-recommandation-beamer.pdf\">https:\/\/photofri.ch\/pcfwp\/wp-content\/uploads\/2025\/08\/PCF-recommandation-beamer.pdf<\/a>) les images qui ne les respectent pas seront rejet\u00e9es.<\/p>\n<p><strong><span class=\" author-d-iz88z86z86za0dz67zz78zz78zz74zz68zjz80zz71z9iz90z9fdz89zrbz84zz80zsz87zrz90zfz71zz83zz72zyj2z66zz77zbz72zz75zz73zz86zuez71zz83zl\">Rendu de<\/span><span class=\" author-d-iz88z86z86za0dz67zz78zz78zz74zz68zjz80zz71z9iz90z9fdz88zz80zz88zmz83zz88zz88zcz68zq4lz69zbeqcnz81zxz66zz67zhnpz66zbz74z\">\u00a02<\/span><span class=\" author-d-iz88z86z86za0dz67zz78zz78zz74zz68zjz80zz71z9iz90z9fdz89zrbz84zz80zsz87zrz90zfz71zz83zz72zyj2z66zz77zbz72zz75zz73zz86zuez71zz83zl\"> images papier, le <\/span><\/strong><span class=\" author-d-iz88z86z86za0dz67zz78zz78zz74zz68zjz80zz71z9iz90z9fdz88zz80zz88zmz83zz88zz88zcz68zq4lz69zbeqcnz81zxz66zz67zhnpz66zbz74z\"><strong>soir m\u00eame \u00e0 19h45<br \/>\n<\/strong><\/span>Le format recommand\u00e9 est de 2:3 avec une dimension de 20cm\/30cm ou A4 au maximum, ou (nouveau) un format carr\u00e9 de 25cm\/25cm au max. Pour un autre format, la surface max autoris\u00e9e est l&rsquo;\u00e9quivalent d&rsquo;un A4.<br \/>\nLes images doivent \u00eatre sans<span class=\" author-d-iz88z86z86za0dz67zz78zz78zz74zz68zjz80zz71z9iz90z9fdz88zz80zz88zmz83zz88zz88zcz68zq4lz69zbeqcnz81zxz66zz67zhnpz66zbz74z\"> passe-partout ni bordure.<\/span><\/p>\n<\/div>\n<p>&nbsp;<\/p>\n","protected":false},"excerpt":{"rendered":"<p>Soir\u00e9e du\u00a015 juin 2026 Voil\u00e0 une occasion de sortir de votre zone de confort : le but de l\u2019exercice est de photographier en ayant le nez en l\u2019air pour vous faire d\u00e9couvrir des angles inattendus et insolites. Cela peut \u00eatre un b\u00e2timent, un paysage, un objet ou une personne, peut importe : l\u2019important est qu\u2019il [&hellip;]<\/p>\n","protected":false},"author":517,"featured_media":0,"comment_status":"closed","ping_status":"closed","sticky":false,"template":"","format":"standard","meta":{"_et_pb_use_builder":"","_et_pb_old_content":"","_et_gb_content_width":"","footnotes":""},"categories":[625],"tags":[],"class_list":["post-9646","post","type-post","status-publish","format-standard","hentry","category-themes-imposes-2026"],"_links":{"self":[{"href":"https:\/\/photofri.ch\/pcfwp\/wp-json\/wp\/v2\/posts\/9646","targetHints":{"allow":["GET"]}}],"collection":[{"href":"https:\/\/photofri.ch\/pcfwp\/wp-json\/wp\/v2\/posts"}],"about":[{"href":"https:\/\/photofri.ch\/pcfwp\/wp-json\/wp\/v2\/types\/post"}],"author":[{"embeddable":true,"href":"https:\/\/photofri.ch\/pcfwp\/wp-json\/wp\/v2\/users\/517"}],"replies":[{"embeddable":true,"href":"https:\/\/photofri.ch\/pcfwp\/wp-json\/wp\/v2\/comments?post=9646"}],"version-history":[{"count":8,"href":"https:\/\/photofri.ch\/pcfwp\/wp-json\/wp\/v2\/posts\/9646\/revisions"}],"predecessor-version":[{"id":9989,"href":"https:\/\/photofri.ch\/pcfwp\/wp-json\/wp\/v2\/posts\/9646\/revisions\/9989"}],"wp:attachment":[{"href":"https:\/\/photofri.ch\/pcfwp\/wp-json\/wp\/v2\/media?parent=9646"}],"wp:term":[{"taxonomy":"category","embeddable":true,"href":"https:\/\/photofri.ch\/pcfwp\/wp-json\/wp\/v2\/categories?post=9646"},{"taxonomy":"post_tag","embeddable":true,"href":"https:\/\/photofri.ch\/pcfwp\/wp-json\/wp\/v2\/tags?post=9646"}],"curies":[{"name":"wp","href":"https:\/\/api.w.org\/{rel}","templated":true}]}}