{"id":9648,"date":"2026-01-22T09:54:49","date_gmt":"2026-01-22T08:54:49","guid":{"rendered":"https:\/\/photofri.ch\/pcfwp\/?p=9648"},"modified":"2026-01-22T10:07:18","modified_gmt":"2026-01-22T09:07:18","slug":"theme-3-rallye-sur-2-jours","status":"publish","type":"post","link":"https:\/\/photofri.ch\/pcfwp\/theme-3-rallye-sur-2-jours\/","title":{"rendered":"Th\u00e8me 3 &#8211; Rallye (sur 2 jours)"},"content":{"rendered":"<p><strong>Soir\u00e9e du 26 octobre 2026<\/strong><\/p>\n<p>Th\u00e8me selon instruction donn\u00e9e lors du rallye.<\/p>\n<p>Rendu des images papier le\u00a05 octobre\u00a02026, le format max est 20\/30cm et sans passe partout.<\/p>\n<p>Envoyer les images\u00a0num\u00e9riques\u00a0\u00e0\u00a0<a href=\"mailto:ca@photofri.ch\">ca@photofri.ch<\/a>\u00a0jusqu\u2019au25 octobre\u00a02026 selon les recommandations(<a href=\"https:\/\/photofri.ch\/pcfwp\/wp-content\/uploads\/2025\/08\/PCF-recommandation-beamer.pdf\">https:\/\/photofri.ch\/pcfwp\/wp-content\/uploads\/2025\/08\/PCF-recommandation-beamer.pdf<\/a>)\u00a0les images qui ne les respectes pas seront rejet\u00e9es.<\/p>\n","protected":false},"excerpt":{"rendered":"<p>Soir\u00e9e du 26 octobre 2026 Th\u00e8me selon instruction donn\u00e9e lors du rallye. Rendu des images papier le\u00a05 octobre\u00a02026, le format max est 20\/30cm et sans passe partout. Envoyer les images\u00a0num\u00e9riques\u00a0\u00e0\u00a0ca@photofri.ch\u00a0jusqu\u2019au25 octobre\u00a02026 selon les recommandations(https:\/\/photofri.ch\/pcfwp\/wp-content\/uploads\/2025\/08\/PCF-recommandation-beamer.pdf)\u00a0les images qui ne les respectes pas seront rejet\u00e9es.<\/p>\n","protected":false},"author":517,"featured_media":0,"comment_status":"closed","ping_status":"closed","sticky":false,"template":"","format":"standard","meta":{"_et_pb_use_builder":"","_et_pb_old_content":"","_et_gb_content_width":"","footnotes":""},"categories":[625],"tags":[],"class_list":["post-9648","post","type-post","status-publish","format-standard","hentry","category-themes-imposes-2026"],"_links":{"self":[{"href":"https:\/\/photofri.ch\/pcfwp\/wp-json\/wp\/v2\/posts\/9648","targetHints":{"allow":["GET"]}}],"collection":[{"href":"https:\/\/photofri.ch\/pcfwp\/wp-json\/wp\/v2\/posts"}],"about":[{"href":"https:\/\/photofri.ch\/pcfwp\/wp-json\/wp\/v2\/types\/post"}],"author":[{"embeddable":true,"href":"https:\/\/photofri.ch\/pcfwp\/wp-json\/wp\/v2\/users\/517"}],"replies":[{"embeddable":true,"href":"https:\/\/photofri.ch\/pcfwp\/wp-json\/wp\/v2\/comments?post=9648"}],"version-history":[{"count":1,"href":"https:\/\/photofri.ch\/pcfwp\/wp-json\/wp\/v2\/posts\/9648\/revisions"}],"predecessor-version":[{"id":9649,"href":"https:\/\/photofri.ch\/pcfwp\/wp-json\/wp\/v2\/posts\/9648\/revisions\/9649"}],"wp:attachment":[{"href":"https:\/\/photofri.ch\/pcfwp\/wp-json\/wp\/v2\/media?parent=9648"}],"wp:term":[{"taxonomy":"category","embeddable":true,"href":"https:\/\/photofri.ch\/pcfwp\/wp-json\/wp\/v2\/categories?post=9648"},{"taxonomy":"post_tag","embeddable":true,"href":"https:\/\/photofri.ch\/pcfwp\/wp-json\/wp\/v2\/tags?post=9648"}],"curies":[{"name":"wp","href":"https:\/\/api.w.org\/{rel}","templated":true}]}}