{"id":9650,"date":"2026-01-22T09:53:38","date_gmt":"2026-01-22T08:53:38","guid":{"rendered":"https:\/\/photofri.ch\/pcfwp\/?p=9650"},"modified":"2026-05-06T20:19:22","modified_gmt":"2026-05-06T18:19:22","slug":"concours-2026-un-livre-page-50-ligne-4","status":"publish","type":"post","link":"https:\/\/photofri.ch\/pcfwp\/concours-2026-un-livre-page-50-ligne-4\/","title":{"rendered":"Concours 2026 &#8211;  \u201cUn livre, page 50, ligne 4"},"content":{"rendered":"<p><strong>Soir\u00e9e du\u00a023 novembre\u00a02026<\/strong><\/p>\n<p>Prends ton livre pr\u00e9f\u00e9r\u00e9 de chevet, ouvre-le \u00e0 la page 50, et illustre par une photo la ligne 4 de la page.<br \/>\nRendu de l\u2019image papier et des documents de concours le 9 novembre 2026.<\/p>\n<p>Marche \u00e0 suivre pour participer <a href=\"https:\/\/photofri.ch\/pcfwp\/wp-content\/uploads\/2026\/01\/PCF-Concours-2026-marche-a-suivre.pdf\">PCF-Concours 2026 &#8211; marche a suivre<\/a><\/p>\n<p><a href=\"https:\/\/photofri.ch\/pcfwp\/wp-content\/uploads\/2026\/01\/Schema-concours.pdf\">R\u00e9sum\u00e9 envoi<\/a><\/p>\n","protected":false},"excerpt":{"rendered":"<p>Soir\u00e9e du\u00a023 novembre\u00a02026 Prends ton livre pr\u00e9f\u00e9r\u00e9 de chevet, ouvre-le \u00e0 la page 50, et illustre par une photo la ligne 4 de la page. Rendu de l\u2019image papier et des documents de concours le 9 novembre 2026. Marche \u00e0 suivre pour participer PCF-Concours 2026 &#8211; marche a suivre R\u00e9sum\u00e9 envoi<\/p>\n","protected":false},"author":517,"featured_media":0,"comment_status":"closed","ping_status":"closed","sticky":false,"template":"","format":"standard","meta":{"_et_pb_use_builder":"","_et_pb_old_content":"","_et_gb_content_width":"","footnotes":""},"categories":[625],"tags":[],"class_list":["post-9650","post","type-post","status-publish","format-standard","hentry","category-themes-imposes-2026"],"_links":{"self":[{"href":"https:\/\/photofri.ch\/pcfwp\/wp-json\/wp\/v2\/posts\/9650","targetHints":{"allow":["GET"]}}],"collection":[{"href":"https:\/\/photofri.ch\/pcfwp\/wp-json\/wp\/v2\/posts"}],"about":[{"href":"https:\/\/photofri.ch\/pcfwp\/wp-json\/wp\/v2\/types\/post"}],"author":[{"embeddable":true,"href":"https:\/\/photofri.ch\/pcfwp\/wp-json\/wp\/v2\/users\/517"}],"replies":[{"embeddable":true,"href":"https:\/\/photofri.ch\/pcfwp\/wp-json\/wp\/v2\/comments?post=9650"}],"version-history":[{"count":3,"href":"https:\/\/photofri.ch\/pcfwp\/wp-json\/wp\/v2\/posts\/9650\/revisions"}],"predecessor-version":[{"id":9789,"href":"https:\/\/photofri.ch\/pcfwp\/wp-json\/wp\/v2\/posts\/9650\/revisions\/9789"}],"wp:attachment":[{"href":"https:\/\/photofri.ch\/pcfwp\/wp-json\/wp\/v2\/media?parent=9650"}],"wp:term":[{"taxonomy":"category","embeddable":true,"href":"https:\/\/photofri.ch\/pcfwp\/wp-json\/wp\/v2\/categories?post=9650"},{"taxonomy":"post_tag","embeddable":true,"href":"https:\/\/photofri.ch\/pcfwp\/wp-json\/wp\/v2\/tags?post=9650"}],"curies":[{"name":"wp","href":"https:\/\/api.w.org\/{rel}","templated":true}]}}